{"id":101,"date":"2021-03-26T11:26:00","date_gmt":"2021-03-26T10:26:00","guid":{"rendered":"https:\/\/ysministry.org\/site\/2021\/03\/26\/ysministry-%f0%9f%94%a5roulez-jeunesse-%f0%9f%9b%b5\/"},"modified":"2025-10-18T13:12:26","modified_gmt":"2025-10-18T11:12:26","slug":"ysministry-%f0%9f%94%a5roulez-jeunesse-%f0%9f%9b%b5","status":"publish","type":"post","link":"https:\/\/ysministry.org\/site\/ysministry-%f0%9f%94%a5roulez-jeunesse-%f0%9f%9b%b5\/","title":{"rendered":"YSMINISTRY | \ud83d\udd25Roulez jeunesse \ud83d\udef5"},"content":{"rendered":"<p style=\"text-align: justify;\">&nbsp;Ce vendredi 26 mars, Yves a v\u00e9cu une grande premi\u00e8re&#8230; un \u00e9v\u00e8nement extraordinaire.<\/p>\n<p style=\"text-align: justify;\">Les fr\u00e8res De Pablos, Alexandre et J\u00e9r\u00e9mie, ont contact\u00e9 Yves pour les aider \u00e0 vivre une soir\u00e9e de jeunes en ligne. Attention, il ne s&rsquo;agit pas de la petite soir\u00e9e mais d&rsquo;un truc vraiment grand selon eux.<\/p>\n<table align=\"center\" cellpadding=\"0\" cellspacing=\"0\" style=\"margin-left: auto; margin-right: auto;\">\n<tbody>\n<tr>\n<td style=\"text-align: center;\"><a href=\"https:\/\/1.bp.blogspot.com\/-NFqY46yoppM\/YGQ-bl5mRQI\/AAAAAAAA_x0\/zXSzkn2avIA0ffrcEGuKzRXlZv4nhUViwCLcBGAsYHQ\/s1442\/Capture%2Bd%25E2%2580%2599e%25CC%2581cran%2B2021-03-29%2Ba%25CC%2580%2B20.04.39.png\" style=\"margin-left: auto; margin-right: auto;\"><img loading=\"lazy\" decoding=\"async\" border=\"0\" data-original-height=\"1080\" data-original-width=\"1442\" height=\"480\" src=\"https:\/\/1.bp.blogspot.com\/-NFqY46yoppM\/YGQ-bl5mRQI\/AAAAAAAA_x0\/zXSzkn2avIA0ffrcEGuKzRXlZv4nhUViwCLcBGAsYHQ\/w640-h480\/Capture%2Bd%25E2%2580%2599e%25CC%2581cran%2B2021-03-29%2Ba%25CC%2580%2B20.04.39.png\" width=\"640\" \/><\/a><\/td>\n<\/tr>\n<tr>\n<td style=\"text-align: center;\">Alexandre et J\u00e9r\u00e9mie DE PABLOS<\/td>\n<\/tr>\n<\/tbody>\n<\/table>\n<p style=\"text-align: justify;\">Durant cette soir\u00e9e, il y a eu deux moments phare.<\/p>\n<\/p>\n<ol style=\"text-align: left;\">\n<li style=\"text-align: justify;\">Un invit\u00e9 = Ben GIRAULT<\/li>\n<li style=\"text-align: justify;\">Le teaser du film des fr\u00e8res de Pablos.<\/li>\n<\/ol>\n<table cellpadding=\"0\" cellspacing=\"0\" style=\"margin-left: auto; margin-right: auto; text-align: center;\">\n<tbody>\n<tr>\n<td style=\"text-align: center;\"><a href=\"https:\/\/1.bp.blogspot.com\/-3TbaDhMCKFQ\/YGIb7HNdPAI\/AAAAAAAA_xY\/YxRbpi-9MZ4eI76Pcm6PTMYoF2JjyWpegCLcBGAsYHQ\/s3038\/Capture%2Bd%25E2%2580%2599e%25CC%2581cran%2B2021-03-29%2Ba%25CC%2580%2B20.03.54.png\" style=\"margin-left: auto; margin-right: auto;\"><img loading=\"lazy\" decoding=\"async\" border=\"0\" data-original-height=\"1035\" data-original-width=\"3038\" height=\"218\" src=\"https:\/\/1.bp.blogspot.com\/-3TbaDhMCKFQ\/YGIb7HNdPAI\/AAAAAAAA_xY\/YxRbpi-9MZ4eI76Pcm6PTMYoF2JjyWpegCLcBGAsYHQ\/w640-h218\/Capture%2Bd%25E2%2580%2599e%25CC%2581cran%2B2021-03-29%2Ba%25CC%2580%2B20.03.54.png\" width=\"640\" \/><\/a><\/td>\n<\/tr>\n<tr>\n<td style=\"text-align: center;\"><span style=\"font-size: x-small;\"><i>Les fr\u00e8res&nbsp; de PABLOS et Ben GIRAULT<br \/><\/i><\/span><\/p>\n<div style=\"text-align: justify;\"><\/div>\n<div style=\"text-align: justify;\">Les de Pablos savent qu&rsquo;Yves devient petit \u00e0 petit un vrai \u00ab\u00a0pro du zoom\u00a0\u00bb car il en exploite les moindres recoins lorsqu&rsquo;il donne ses cours avec la HEP ou encore lors des soir\u00e9es Miracles et Gu\u00e9risons et c&rsquo;est pour cela qu&rsquo;ils ont fait appel \u00e0 lui.&nbsp;<\/div>\n<div style=\"text-align: justify;\"><\/div>\n<div style=\"text-align: justify;\">Une g\u00e9n\u00e9ration de diff\u00e9rence, une mani\u00e8re de planifier un \u00e9v\u00e8nement qui n&rsquo;est pas la m\u00eame&#8230; cela demande beaucoup de souplesse et de bienveillance pour r\u00e9ussir \u00e0 organiser une telle soir\u00e9e \ud83d\ude09<\/div>\n<div style=\"text-align: justify;\">Le contact est pris une semaine avant pour \u00e9couter leur coeur et proposer une mani\u00e8re de faire pour que cette soir\u00e9e se d\u00e9roule au mieux.<\/div>\n<div style=\"text-align: justify;\"><\/div>\n<div style=\"text-align: justify;\"><span style=\"text-align: center;\">Malgr\u00e9 la pr\u00e9paration en amont, l<\/span>e soir m\u00eame n&rsquo;ira que de surprises en surprises, comme:<\/div>\n<div style=\"text-align: justify;\">Organiser les diff\u00e9rents moments o\u00f9 les intervenants parleront, pr\u00e9parer les d\u00e9placements dans zoom, rep\u00e9rer, parmi une centaine de connexions, qui sont les \u00e9quipiers de pri\u00e8res pour le temps de minist\u00e8re&#8230; bref un moment de folie!!!<\/div>\n<div style=\"text-align: justify;\"><\/div>\n<div style=\"text-align: justify;\">20h00, c&rsquo;est parti&#8230; ouverture du zoom, Yves lance le compte \u00e0 rebours, et les jeunes se connectent&#8230; wouah, plus de 106 connexions, mais derri\u00e8re bon nombre d&rsquo;entre elles, il y a jusqu&rsquo;\u00e0 10 personnes qui repr\u00e9sentent un groupe de jeunes&#8230; 300 personnes ou plus dans ce zoom? A<span style=\"text-align: center;\">bsolument extraordinaire&#8230;<\/span><span style=\"text-align: center;\">&nbsp;<\/span>&nbsp;une RJ avant l&rsquo;heure!<\/div>\n<p><span><\/span><span><a name='more'><\/a><\/span><\/p>\n<div style=\"text-align: justify;\">\n<div style=\"clear: both; text-align: center;\">\n<ol style=\"text-align: left;\">\n<table align=\"center\" cellpadding=\"0\" cellspacing=\"0\" style=\"margin-left: auto; margin-right: auto;\">\n<tbody>\n<tr>\n<td style=\"text-align: center;\"><a href=\"https:\/\/1.bp.blogspot.com\/-MBmq1hcM8kI\/YGQ_xLlICYI\/AAAAAAAA_x8\/zvDXYJd9oCAf_n1yt8xQ97clNyePxwVrQCLcBGAsYHQ\/s1920\/BEN.gif\" style=\"margin-left: auto; margin-right: auto;\"><img loading=\"lazy\" decoding=\"async\" border=\"0\" data-original-height=\"1080\" data-original-width=\"1920\" height=\"360\" src=\"https:\/\/1.bp.blogspot.com\/-MBmq1hcM8kI\/YGQ_xLlICYI\/AAAAAAAA_x8\/zvDXYJd9oCAf_n1yt8xQ97clNyePxwVrQCLcBGAsYHQ\/w640-h360\/BEN.gif\" width=\"640\" \/><\/a><\/td>\n<\/tr>\n<tr>\n<td style=\"text-align: center;\">Ben GIRAULT<\/td>\n<\/tr>\n<\/tbody>\n<\/table>\n<\/ol>\n<\/div>\n<div style=\"clear: both; text-align: center;\"><\/div>\n<\/div>\n<\/td>\n<\/tr>\n<\/tbody>\n<\/table>\n<div style=\"text-align: justify;\">Le moment de pr\u00e9dication se termine et c&rsquo;est alors que commence le temps de minist\u00e8re&#8230;&nbsp;<\/div>\n<div style=\"text-align: justify;\">Yves doit alors ouvrir des salles de pri\u00e8re pour que les jeunes puissent choisir puis aller et venir selon leur guise&#8230; tout cela virtuellement, mais tellement frais et profond pour ces jeunes qui sont alors encourag\u00e9s et b\u00e9nis.<\/div>\n<div style=\"text-align: justify;\">Sur son \u00e9cran, le jeunes \u00ab\u00a0bougent\u00a0\u00bb dans ces salles&#8230;\u00e7a fonctionne!&nbsp; Extra&#8230; un moment fort! Le but semble atteint!<\/div>\n<\/p>\n<div style=\"clear: both; text-align: center;\"><iframe loading=\"lazy\" allowfullscreen=\"\" height=\"266\" src=\"https:\/\/www.youtube.com\/embed\/ajCbUPxKHjs\" width=\"320\" youtube-src-><\/iframe><\/div>\n<p style=\"text-align: center;\"><i><span style=\"font-size: x-small;\">Le teaser du film<\/span><\/i><\/p>\n<p style=\"text-align: justify;\">La soir\u00e9e se poursuit avec la pr\u00e9sentation du reportage des fr\u00e8res de PABLOS: \u00ab\u00a0Quand Dieu visite notre quotidien\u00a0\u00bb, des jeunes qui osent parler de J\u00e9sus dans la rue et gu\u00e9rir les malades, wow! .. \u00e0 voir absolument&#8230;.<\/p>\n<p style=\"text-align: justify;\">Vous pouvez voir le film et les soutenir sur leur site web ==&gt; <a href=\"https:\/\/www.quanddieuvisitenotrequotidien.com\/\">https:\/\/www.quanddieuvisitenotrequotidien.com\/<\/a><\/p>\n<p style=\"text-align: justify;\"><\/p>\n<p style=\"text-align: justify;\">Malgr\u00e9 le \u00ab\u00a0l\u00e9ger\u00a0\u00bb stress que cela a occasionn\u00e9 pour organiser cet \u00e9v\u00e8nement, ce fut une soir\u00e9e magnifique o\u00f9 Dieu s&rsquo;est encore puissamment manifest\u00e9. A quand la prochaine ? Merci Alex et J\u00e9r\u00e9mie pour votre confiance.<\/p>\n<p style=\"text-align: justify;\">Quelques semaines apr\u00e8s, lors de la r\u00e9daction de ces lignes, Yves a pu reparler avec les de Pablos pour d\u00e9briefer, se congratuler et se r\u00e9jouir ensemble de ce qui a \u00e9t\u00e9 v\u00e9cu. Nous sommes bien d&rsquo;accord, ce fut une soir\u00e9e m\u00e9morable. Nous nous r\u00e9jouissons tous de refaire cela une prochaine fois&#8230; mais quand ?<\/p>\n<p>Tout est dans vos mains les de Pablos&#8230; Nous sommes pr\u00eats. !!<\/p>\n<\/p>\n<div style=\"text-align: justify;\"><\/div>\n<div style=\"text-align: justify;\"><\/div>\n<div style=\"text-align: justify;\"><\/div><\/p>\n","protected":false},"excerpt":{"rendered":"<p>&nbsp;Ce vendredi 26 mars, Yves a v\u00e9cu une grande premi\u00e8re&#8230; un \u00e9v\u00e8nement extraordinaire. Les fr\u00e8res De Pablos, Alexandre et J\u00e9r\u00e9mie, ont contact\u00e9 Yves pour les aider \u00e0 vivre une soir\u00e9e de jeunes en ligne. Attention, il ne s&rsquo;agit pas de la petite soir\u00e9e mais d&rsquo;un truc vraiment grand selon eux. Alexandre et J\u00e9r\u00e9mie DE PABLOS [&hellip;]<\/p>\n","protected":false},"author":2,"featured_media":0,"comment_status":"closed","ping_status":"open","sticky":false,"template":"","format":"standard","meta":{"footnotes":""},"categories":[31,15],"tags":[],"class_list":["post-101","post","type-post","status-publish","format-standard","hentry","category-news","category-soutien"],"_links":{"self":[{"href":"https:\/\/ysministry.org\/site\/wp-json\/wp\/v2\/posts\/101","targetHints":{"allow":["GET"]}}],"collection":[{"href":"https:\/\/ysministry.org\/site\/wp-json\/wp\/v2\/posts"}],"about":[{"href":"https:\/\/ysministry.org\/site\/wp-json\/wp\/v2\/types\/post"}],"author":[{"embeddable":true,"href":"https:\/\/ysministry.org\/site\/wp-json\/wp\/v2\/users\/2"}],"replies":[{"embeddable":true,"href":"https:\/\/ysministry.org\/site\/wp-json\/wp\/v2\/comments?post=101"}],"version-history":[{"count":1,"href":"https:\/\/ysministry.org\/site\/wp-json\/wp\/v2\/posts\/101\/revisions"}],"predecessor-version":[{"id":2193,"href":"https:\/\/ysministry.org\/site\/wp-json\/wp\/v2\/posts\/101\/revisions\/2193"}],"wp:attachment":[{"href":"https:\/\/ysministry.org\/site\/wp-json\/wp\/v2\/media?parent=101"}],"wp:term":[{"taxonomy":"category","embeddable":true,"href":"https:\/\/ysministry.org\/site\/wp-json\/wp\/v2\/categories?post=101"},{"taxonomy":"post_tag","embeddable":true,"href":"https:\/\/ysministry.org\/site\/wp-json\/wp\/v2\/tags?post=101"}],"curies":[{"name":"wp","href":"https:\/\/api.w.org\/{rel}","templated":true}]}}