{"id":102,"date":"2021-03-01T18:00:00","date_gmt":"2021-03-01T17:00:00","guid":{"rendered":"https:\/\/ysministry.org\/site\/2021\/03\/01\/2021-%f0%9f%99%8f%f0%9f%8f%bc-deux-mois-intenses-%f0%9f%91%81\/"},"modified":"2025-10-18T13:12:26","modified_gmt":"2025-10-18T11:12:26","slug":"2021-%f0%9f%99%8f%f0%9f%8f%bc-deux-mois-intenses-%f0%9f%91%81","status":"publish","type":"post","link":"https:\/\/ysministry.org\/site\/2021-%f0%9f%99%8f%f0%9f%8f%bc-deux-mois-intenses-%f0%9f%91%81\/","title":{"rendered":"2021 | \ud83d\ude4f\ud83c\udffc Deux mois intenses \ud83d\udc41"},"content":{"rendered":"<p>&nbsp;Bonjour chers amis,&nbsp;<\/p>\n<p><\/p>\n<p style=\"text-align: justify;\">Nous vous avons donn\u00e9 beaucoup de nouvelles concernant l&rsquo;AIMG, mais notre travail pour les autres minist\u00e8res ne s&rsquo;est pas arr\u00eat\u00e9&#8230;<\/p>\n<p style=\"text-align: justify;\">Voici donc des nouvelles de nos derni\u00e8res activit\u00e9s (en dehors de l&rsquo;AIMG).<\/p>\n<h4 style=\"text-align: center;\">\u2013&nbsp; &nbsp;\u2013&nbsp; &nbsp;\u2013&nbsp; &nbsp;\u2013&nbsp; &nbsp;\u2013&nbsp; &nbsp;\u2013&nbsp; &nbsp;\u2013&nbsp; &nbsp;\u2013&nbsp; &nbsp;\u2013&nbsp; &nbsp;\u2013<br \/>RHEMA<br \/>\u2013&nbsp; &nbsp;\u2013&nbsp; &nbsp;\u2013&nbsp; &nbsp;\u2013&nbsp; &nbsp;\u2013&nbsp; &nbsp;\u2013&nbsp; &nbsp;\u2013&nbsp; &nbsp;\u2013&nbsp; &nbsp;\u2013&nbsp; &nbsp;\u2013<\/h4>\n<p style=\"text-align: justify;\">Le 24 janvier, Sabine a eu un lumbago s\u00e9v\u00e8re, durant toute la semaine qui a suivi, elle a \u00e9t\u00e9 \u00e0 l&rsquo;arr\u00eat pour son travail \u00e0 l&rsquo;\u00e9cole. Les douleurs ont \u00e9t\u00e9 tr\u00e8s vives, ne pouvant plus rien faire \u00e0 la maison, sauf s&rsquo;\u00e9tendre sur le canap\u00e9 et donner quelques consignes de m\u00e9nage ;-). Un gros d\u00e9fi \u00e9tait devant nous car les <b>vendredi<\/b> <b>29 et samedi 30 janvier<\/b>, nous devions enseigner, par Zoom, \u00e0 l&rsquo;\u00e9cole <b>Rhema<\/b>&#8230;&nbsp;<\/p>\n<table align=\"center\" cellpadding=\"0\" cellspacing=\"0\" style=\"margin-left: auto; margin-right: auto;\">\n<tbody>\n<tr>\n<td style=\"text-align: center;\"><a href=\"https:\/\/1.bp.blogspot.com\/-93t_FWl6dMc\/YET-7zwzzvI\/AAAAAAAA_uE\/xkaRYUgCnDoGMLiVZKDSc7bOdeA9rSgOQCLcBGAsYHQ\/s2048\/YSM%2B-%2BJUSTICE.jpeg\" style=\"margin-left: auto; margin-right: auto;\"><img loading=\"lazy\" decoding=\"async\" border=\"0\" data-original-height=\"1152\" data-original-width=\"2048\" height=\"360\" src=\"https:\/\/1.bp.blogspot.com\/-93t_FWl6dMc\/YET-7zwzzvI\/AAAAAAAA_uE\/xkaRYUgCnDoGMLiVZKDSc7bOdeA9rSgOQCLcBGAsYHQ\/w640-h360\/YSM%2B-%2BJUSTICE.jpeg\" width=\"640\" \/><\/a><\/td>\n<\/tr>\n<tr>\n<td style=\"text-align: center;\"><\/td>\n<\/tr>\n<\/tbody>\n<\/table>\n<p style=\"text-align: justify;\">Merci Seigneur pour la foi et pour ta force en nous qui surpasse toutes choses! Sabine a tenu ferme et bon pour enseigner ces 12 heures entre vendredi apr\u00e8s-midi et samedi toute la journ\u00e9e, debout derri\u00e8re notre \u00e9cran. Notre Dieu est si bon et fid\u00e8le! Quelle joie de pouvoir enseigner un sujet tellement important pour chaque enfant de Dieu: la <b>JUSTICE en Christ<\/b>. Sujet qui nous passionne et c&rsquo;est encourageant de savoir combien d&rsquo;\u00e9tudiants sont affermis et encourag\u00e9s par cet enseignement. Les \u00e9tudiants d&rsquo;Oron sont au d\u00e9but de leur deuxi\u00e8me cycle et ils ont une soif toujours plus grande d&rsquo;apprendre et de vivre par la foi, c&rsquo;est juste merveilleux et c&rsquo;est un privil\u00e8ge de pouvoir les enseigner.<\/p>\n<p style=\"text-align: justify;\"><\/p>\n<h3 style=\"text-align: center;\">\u2013&nbsp; &nbsp;\u2013&nbsp; &nbsp;\u2013&nbsp; &nbsp;\u2013&nbsp; &nbsp;\u2013&nbsp; &nbsp;\u2013&nbsp; &nbsp;\u2013&nbsp; &nbsp;\u2013&nbsp; &nbsp;\u2013&nbsp; &nbsp;\u2013<br \/>CITYLIFE<br \/>\u2013&nbsp; &nbsp;\u2013&nbsp; &nbsp;\u2013&nbsp; &nbsp;\u2013&nbsp; &nbsp;\u2013&nbsp; &nbsp;\u2013&nbsp; &nbsp;\u2013&nbsp; &nbsp;\u2013&nbsp; &nbsp;\u2013&nbsp; &nbsp;\u2013<\/h3>\n<p style=\"text-align: justify;\">Notre \u00e9glise <b>Citylife<\/b> \u00e0 Vevey a pu rouvrir ses portes en d\u00e9but d&rsquo;ann\u00e9e et nous pouvons vivre des c\u00e9l\u00e9brations \u00e0 50 personnes. Nous faisons \u00e0 chaque dimanche deux c\u00e9l\u00e9brations, l&rsquo;une \u00e0 9h45 et l&rsquo;autre \u00e0 11h15. Merci Seigneur, ces deux c\u00e9l\u00e9brations sont \u00e0 chaque fois pleines! C&rsquo;est une gr\u00e2ce de pouvoir \u00e0 nouveau nous r\u00e9unir, m\u00eame si le nombre est encore restreint, nous prenons cette permission comme une faveur de Dieu.&nbsp;<br \/>Yves met en place une billetterie et nous g\u00e9rons ensemble l&rsquo;accueil, le scan des participants. Une bonne occasion de faire la connaissance des amis de CityLife.<\/p>\n<table align=\"center\" cellpadding=\"0\" cellspacing=\"0\" style=\"margin-left: auto; margin-right: auto;\">\n<tbody>\n<tr>\n<td style=\"text-align: center;\"><a href=\"https:\/\/1.bp.blogspot.com\/-w8w91-dvKFg\/YEUBeXBN3rI\/AAAAAAAA_uM\/kh3F-sb9Hi46cD204PwuYz6mOIlpvqQtwCLcBGAsYHQ\/s2048\/DSCF5626.jpeg\" style=\"margin-left: auto; margin-right: auto;\"><img decoding=\"async\" border=\"0\" data-original-height=\"2048\" data-original-width=\"2048\" height=\"320\" src=\"https:\/\/1.bp.blogspot.com\/-w8w91-dvKFg\/YEUBeXBN3rI\/AAAAAAAA_uM\/kh3F-sb9Hi46cD204PwuYz6mOIlpvqQtwCLcBGAsYHQ\/s320\/DSCF5626.jpeg\" \/><\/a><\/td>\n<\/tr>\n<tr>\n<td style=\"text-align: center;\">Pr\u00e9dication \u00e0 CityLife<\/td>\n<\/tr>\n<\/tbody>\n<\/table>\n<div style=\"clear: both; text-align: center;\"><\/div>\n<p style=\"text-align: justify;\">Le <b>dimanche 14 f\u00e9vrier<\/b>, nous avons eu le privil\u00e8ge de pr\u00eacher \u00e0 Citylife; nous avons exploit\u00e9 le th\u00e8me de la Saint-Valentin en racontant qui \u00e9tait ce Valentin et comment nous pouvons aimer notre Dieu en retour de Son immense amour d\u00e9vers\u00e9 sur nous. Le fait de pr\u00eacher en couple sur ce th\u00e8me apporte un plus et nous b\u00e9nissons le Seigneur de pouvoir le faire ensemble, c&rsquo;est une gr\u00e2ce et une force.<\/p>\n<div style=\"clear: both; text-align: center;\"><iframe loading=\"lazy\" allowfullscreen=\"\" height=\"266\" src=\"https:\/\/www.youtube.com\/embed\/aZ_yYl7Y6tU\" width=\"320\" youtube-src-><\/iframe><\/div>\n<p style=\"text-align: justify;\">\n<div style=\"text-align: center;\"><span style=\"font-size: x-small;\">Ecouter la pr\u00e9dication<\/span><\/div>\n<div style=\"text-align: center;\"><span style=\"font-size: x-small;\">J\u00e9sus = Mon bien-aim\u00e9<\/span><\/div>\n<\/p>\n<p style=\"text-align: justify;\">Mais ce n&rsquo;est pas tout&#8230;&nbsp;<\/p>\n<p><span><a name='more'><\/a><\/span><\/p>\n<h4 style=\"text-align: center;\">\u2013&nbsp; &nbsp;\u2013&nbsp; &nbsp;\u2013&nbsp; &nbsp;\u2013&nbsp; &nbsp;\u2013&nbsp; &nbsp;\u2013&nbsp; &nbsp;\u2013&nbsp; &nbsp;\u2013&nbsp; &nbsp;\u2013&nbsp; &nbsp;\u2013<br \/>LIFEGROUP<br \/>\u2013&nbsp; &nbsp;\u2013&nbsp; &nbsp;\u2013&nbsp; &nbsp;\u2013&nbsp; &nbsp;\u2013&nbsp; &nbsp;\u2013&nbsp; &nbsp;\u2013&nbsp; &nbsp;\u2013&nbsp; &nbsp;\u2013&nbsp; &nbsp;\u2013<\/h4>\n<p style=\"text-align: left;\"><span style=\"text-align: justify;\">Nous faisons partie d&rsquo;un LifeGroup, (groupe de pri\u00e8re de maison) et nous avons commenc\u00e9 \u00e0 suivre la formation que nous avons cr\u00e9\u00e9e: <\/span><b style=\"text-align: justify;\">LifeWay<\/b><span style=\"text-align: justify;\">. L\u00e0 encore, nous sommes reconnaissants de vivre cette formation avec des amis et de voir l&rsquo;impact que cet enseignement a sur eux. Nous vivons pleinement ce verset de Jean 8:32 \u00ab\u00a0Vous connaitrez la v\u00e9rit\u00e9 et la v\u00e9rit\u00e9 vous affranchira.\u00a0\u00bb Oui, quand on connait la V\u00e9rit\u00e9 de la Parole, nous devenons libres de toute condamnation, de notre pass\u00e9, des fausses croyances et nous pouvons avancer dans la vie avec plus d&rsquo;audace et de foi, et \u00e7a c&rsquo;est tellement bon!<\/span><\/p>\n<div style=\"text-align: justify;\">Nous sommes heureux de pouvoir collaborer avec J\u00e9sus dans son \u00e9glise.<\/div>\n<div style=\"text-align: justify;\"><\/div>\n<table align=\"center\" cellpadding=\"0\" cellspacing=\"0\" style=\"margin-left: auto; margin-right: auto;\">\n<tbody>\n<tr>\n<td style=\"text-align: center;\"><a href=\"https:\/\/1.bp.blogspot.com\/-Lck34QGqfN4\/YEUDnbIz88I\/AAAAAAAA_uU\/-KderxE1k2gO42uKsvLLubgt0nvLvojTwCLcBGAsYHQ\/s2048\/IMG_9553_HEIC.jpeg\" style=\"margin-left: auto; margin-right: auto;\"><img loading=\"lazy\" decoding=\"async\" border=\"0\" data-original-height=\"1152\" data-original-width=\"2048\" height=\"360\" src=\"https:\/\/1.bp.blogspot.com\/-Lck34QGqfN4\/YEUDnbIz88I\/AAAAAAAA_uU\/-KderxE1k2gO42uKsvLLubgt0nvLvojTwCLcBGAsYHQ\/w640-h360\/IMG_9553_HEIC.jpeg\" width=\"640\" \/><\/a><\/td>\n<\/tr>\n<tr>\n<td style=\"text-align: center;\">Pascal, responsable de notre LifeGroup t\u00e9moigne&#8230;<\/td>\n<\/tr>\n<\/tbody>\n<\/table>\n<p><\/p>\n<div style=\"text-align: justify;\"><\/div>\n<\/p>\n<h4 style=\"text-align: center;\">\u2013&nbsp; &nbsp;\u2013&nbsp; &nbsp;\u2013&nbsp; &nbsp;\u2013&nbsp; &nbsp;\u2013&nbsp; &nbsp;\u2013&nbsp; &nbsp;\u2013&nbsp; &nbsp;\u2013&nbsp; &nbsp;\u2013&nbsp; &nbsp;\u2013<br \/>RHEMA<br \/>\u2013&nbsp; &nbsp;\u2013&nbsp; &nbsp;\u2013&nbsp; &nbsp;\u2013&nbsp; &nbsp;\u2013&nbsp; &nbsp;\u2013&nbsp; &nbsp;\u2013&nbsp; &nbsp;\u2013&nbsp; &nbsp;\u2013&nbsp; &nbsp;\u2013<\/h4>\n<p style=\"text-align: justify;\">Du c\u00f4t\u00e9 de <b>Rhema,<\/b> nous avons une belle nouvelle \u00e0 vous communiquer. Le 12 f\u00e9vrier dernier, Rhema Marseille<b> <\/b>a ouvert ses portes! Cela faisait plusieurs mois que nous repoussions cette ouverture \u00e0 cause des restrictions sanitaires, et cette fois, l&rsquo;occasion a pu \u00eatre saisie et ce sont environ 25 \u00e9tudiants, pour la plupart des jeunes, qui suivent maintenant cette merveilleuse \u00e9cole!&nbsp;<\/p>\n<div style=\"clear: both; text-align: center;\"><object contentid=\"cd0189e516d97aaa\" height=\"266\" width=\"320\"><\/object><\/div>\n<div style=\"text-align: center;\"><span style=\"font-size: x-small;\"><i>Rhema Marseille, un nouveau champ d&rsquo;action<\/i><\/span><\/div>\n<p style=\"text-align: justify;\">Nous planifions ainsi les cours de 5 Campus: Oron, Nice, Paris, Nantes et Marseille. Avec cette pand\u00e9mie, nous apprenons toujours et encore \u00e0 rester souples. En effet, les d\u00e9cisions qui changent presque \u00e0 chaque mois nous forcent \u00e0 modifier r\u00e9guli\u00e8rement notre planification. Pour preuve, nous devions aller enseigner \u00e0 Marseille, et nous nous r\u00e9jouissions tellement d&rsquo;y aller les 9-10 avril prochains&#8230; mais l&rsquo;obligation de passer un test PCR pour franchir la fronti\u00e8re \u00e0 l&rsquo;aller comme au retour nous contraint d&rsquo;y renoncer et d&rsquo;envoyer un enseignant habitant sur sol fran\u00e7ais: Peter Madan qui se fait aussi un r\u00e9gal d&rsquo;enseigner au sujet de la gu\u00e9rison divine!&nbsp;<\/p>\n<p style=\"text-align: justify;\"><\/p>\n<h4 style=\"text-align: center;\">\u2013&nbsp; &nbsp;\u2013&nbsp; &nbsp;\u2013&nbsp; &nbsp;\u2013&nbsp; &nbsp;\u2013&nbsp; &nbsp;\u2013&nbsp; &nbsp;\u2013&nbsp; &nbsp;\u2013&nbsp; &nbsp;\u2013&nbsp; &nbsp;\u2013<br \/>PRIEZ POUR NOUS<br \/>\u2013&nbsp; &nbsp;\u2013&nbsp; &nbsp;\u2013&nbsp; &nbsp;\u2013&nbsp; &nbsp;\u2013&nbsp; &nbsp;\u2013&nbsp; &nbsp;\u2013&nbsp; &nbsp;\u2013&nbsp; &nbsp;\u2013&nbsp; &nbsp;\u2013<\/h4>\n<div style=\"text-align: justify;\">Merci de prier avec nous pour que nous puissions nous rendre \u00e0 Paris pour enseigner \u00e0 Rhema sur le minist\u00e8re aupr\u00e8s des enfants les <b>21 et 22 mai <\/b>prochains. Tout change si vite&#8230;<\/div>\n<\/p>\n<p style=\"text-align: justify;\">Nous restons donc bien actifs, sans oublier que notre travail s\u00e9culier nous prend aussi de notre temps et de notre \u00e9nergie. Les enfants \u00e0 <b>l&rsquo;\u00e9cole obligatoire <\/b>deviennent de plus en plus agit\u00e9s; c&rsquo;est une g\u00e9n\u00e9ralit\u00e9, et pas seulement dans nos classes respectives. L\u00e0 aussi nous sommes appel\u00e9s \u00e0 briller et \u00e0 \u00eatre des \u00ab\u00a0encourageurs\u00a0\u00bb aupr\u00e8s des ces enfants pour qui l&rsquo;avenir ne rime pas forc\u00e9ment avec s\u00e9r\u00e9nit\u00e9.&nbsp;<\/p>\n<p><\/p>\n<p style=\"text-align: justify;\">Nous sommes infiniment reconnaissants d&rsquo;avoir notre Ami fid\u00e8le \u00e0 nos c\u00f4t\u00e9s, le Saint-Esprit qui nous inspire, nous encourage, nous fortifie, nous rappelle les promesses de Dieu. Quelle gr\u00e2ce!<\/p>\n<p>Soyez b\u00e9nis chers amis, merci pour votre soutien qui fait toujours plaisir&#8230; \ud83d\ude09<\/p>\n<p><\/p>\n<p><\/p>\n","protected":false},"excerpt":{"rendered":"<p>&nbsp;Bonjour chers amis,&nbsp; Nous vous avons donn\u00e9 beaucoup de nouvelles concernant l&rsquo;AIMG, mais notre travail pour les autres minist\u00e8res ne s&rsquo;est pas arr\u00eat\u00e9&#8230; Voici donc des nouvelles de nos derni\u00e8res activit\u00e9s (en dehors de l&rsquo;AIMG). \u2013&nbsp; &nbsp;\u2013&nbsp; &nbsp;\u2013&nbsp; &nbsp;\u2013&nbsp; &nbsp;\u2013&nbsp; &nbsp;\u2013&nbsp; &nbsp;\u2013&nbsp; &nbsp;\u2013&nbsp; &nbsp;\u2013&nbsp; &nbsp;\u2013RHEMA\u2013&nbsp; &nbsp;\u2013&nbsp; &nbsp;\u2013&nbsp; &nbsp;\u2013&nbsp; &nbsp;\u2013&nbsp; &nbsp;\u2013&nbsp; &nbsp;\u2013&nbsp; &nbsp;\u2013&nbsp; &nbsp;\u2013&nbsp; &nbsp;\u2013 Le [&hellip;]<\/p>\n","protected":false},"author":2,"featured_media":0,"comment_status":"closed","ping_status":"open","sticky":false,"template":"","format":"standard","meta":{"footnotes":""},"categories":[16,10,14,31,11],"tags":[],"class_list":["post-102","post","type-post","status-publish","format-standard","hentry","category-aimg","category-citylife","category-enseignement","category-news","category-rhema"],"_links":{"self":[{"href":"https:\/\/ysministry.org\/site\/wp-json\/wp\/v2\/posts\/102","targetHints":{"allow":["GET"]}}],"collection":[{"href":"https:\/\/ysministry.org\/site\/wp-json\/wp\/v2\/posts"}],"about":[{"href":"https:\/\/ysministry.org\/site\/wp-json\/wp\/v2\/types\/post"}],"author":[{"embeddable":true,"href":"https:\/\/ysministry.org\/site\/wp-json\/wp\/v2\/users\/2"}],"replies":[{"embeddable":true,"href":"https:\/\/ysministry.org\/site\/wp-json\/wp\/v2\/comments?post=102"}],"version-history":[{"count":1,"href":"https:\/\/ysministry.org\/site\/wp-json\/wp\/v2\/posts\/102\/revisions"}],"predecessor-version":[{"id":2194,"href":"https:\/\/ysministry.org\/site\/wp-json\/wp\/v2\/posts\/102\/revisions\/2194"}],"wp:attachment":[{"href":"https:\/\/ysministry.org\/site\/wp-json\/wp\/v2\/media?parent=102"}],"wp:term":[{"taxonomy":"category","embeddable":true,"href":"https:\/\/ysministry.org\/site\/wp-json\/wp\/v2\/categories?post=102"},{"taxonomy":"post_tag","embeddable":true,"href":"https:\/\/ysministry.org\/site\/wp-json\/wp\/v2\/tags?post=102"}],"curies":[{"name":"wp","href":"https:\/\/api.w.org\/{rel}","templated":true}]}}