{"id":103,"date":"2021-02-26T19:00:00","date_gmt":"2021-02-26T18:00:00","guid":{"rendered":"https:\/\/ysministry.org\/site\/2021\/02\/26\/aimg-%f0%9f%91%a9%f0%9f%8f%bc%f0%9f%92%bbune-soiree-record-%f0%9f%91%a8%f0%9f%8f%bc%f0%9f%92%bb\/"},"modified":"2025-10-18T13:12:26","modified_gmt":"2025-10-18T11:12:26","slug":"aimg-%f0%9f%91%a9%f0%9f%8f%bc%f0%9f%92%bbune-soiree-record-%f0%9f%91%a8%f0%9f%8f%bc%f0%9f%92%bb","status":"publish","type":"post","link":"https:\/\/ysministry.org\/site\/aimg-%f0%9f%91%a9%f0%9f%8f%bc%f0%9f%92%bbune-soiree-record-%f0%9f%91%a8%f0%9f%8f%bc%f0%9f%92%bb\/","title":{"rendered":"AIMG | \ud83d\udc69\ud83c\udffc\u200d\ud83d\udcbbUne soir\u00e9e record \ud83d\udc68\ud83c\udffc\u200d\ud83d\udcbb"},"content":{"rendered":"<p style=\"text-align: justify;\">Ce vendredi 26 f\u00e9vrier 2021, l&rsquo;AIMG organise une nouvelle soir\u00e9e Miracles et Gu\u00e9risons uniquement francophone&#8230; et c&rsquo;est \u00e0 nouveau un immense succ\u00e8s, gloire \u00e0 Dieu!<\/p>\n<\/p>\n<div style=\"clear: both; text-align: center;\"><a href=\"https:\/\/lh3.googleusercontent.com\/-k1XXWLLMzeU\/YDvD7J1tgPI\/AAAAAAAA_rU\/lAqKTHQ1XCIGw_Kyxx1lyZOUYjX6ZGy1wCLcBGAsYHQ\/image0.jpg\" style=\"margin-left: 1em; margin-right: 1em;\"><img loading=\"lazy\" decoding=\"async\" alt=\"\" data-original-height=\"540\" data-original-width=\"960\" height=\"360\" src=\"https:\/\/lh3.googleusercontent.com\/-k1XXWLLMzeU\/YDvD7J1tgPI\/AAAAAAAA_rU\/lAqKTHQ1XCIGw_Kyxx1lyZOUYjX6ZGy1wCLcBGAsYHQ\/w640-h360\/image0.jpg\" width=\"640\" \/><\/a><\/div>\n<p><\/p>\n<p style=\"text-align: justify;\">Comme d&rsquo;habitude, nous g\u00e9rons les \u00e9quipiers de pri\u00e8re en ligne, via Zoom; mais ce soir, c&rsquo;est une joie de pouvoir oeuvrer depuis le domicile de Sylvain et Elena, le couple qui reprend peu \u00e0 peu le flambeau, cette gestion des EP francophones et tout ce qui va avec&#8230; Ils sont Xtra, apprennent vite et sont super motiv\u00e9s! Quelle gr\u00e2ce!<\/p>\n<\/p>\n<div style=\"text-align: justify;\"><\/div>\n<table align=\"center\" cellpadding=\"0\" cellspacing=\"0\" style=\"margin-left: auto; margin-right: auto;\">\n<tbody>\n<tr>\n<td style=\"text-align: center;\"><a href=\"https:\/\/lh3.googleusercontent.com\/-9oH9GQghEiE\/YDvFk8z8rnI\/AAAAAAAA_rc\/W1_SA_qHvNw-I2QJmW7Gom5-J92-Z9gPgCLcBGAsYHQ\/IMG_9351_HEIC.jpg\" style=\"margin-left: auto; margin-right: auto;\"><img loading=\"lazy\" decoding=\"async\" alt=\"\" data-original-height=\"1536\" data-original-width=\"2048\" height=\"480\" src=\"https:\/\/lh3.googleusercontent.com\/-9oH9GQghEiE\/YDvFk8z8rnI\/AAAAAAAA_rc\/W1_SA_qHvNw-I2QJmW7Gom5-J92-Z9gPgCLcBGAsYHQ\/w640-h480\/IMG_9351_HEIC.jpg\" width=\"640\" \/><\/a><\/td>\n<\/tr>\n<tr>\n<td style=\"text-align: center;\">Avec Elena et Sylvain&#8230; nos successeurs \u00e0 la ligne de pri\u00e8re par Zoom francophone<\/td>\n<\/tr>\n<\/tbody>\n<\/table>\n<p><\/p>\n<div style=\"text-align: justify;\">Cette soir\u00e9e a fait exploser tous nos chiffres. C&rsquo;est \u00e0 la fois une belle explosion de joie mais nous fait prendre aussi conscience de la mis\u00e8re et la d\u00e9tresse toujours plus grandes, regardez plut\u00f4t.<\/div>\n<\/p>\n<table cellpadding=\"0\" cellspacing=\"0\" style=\"margin-left: auto; margin-right: auto; text-align: center;\">\n<tbody>\n<tr>\n<td style=\"text-align: center;\"><a href=\"https:\/\/lh3.googleusercontent.com\/-xIzooyFEVAs\/YDvGWRhOo8I\/AAAAAAAA_rk\/UbV6VK-XV0UdxJsCuHez-MSQUP2EH8pVgCLcBGAsYHQ\/822D818D-3136-44BB-AA73-1D395D800D4F.jpg\" style=\"margin-left: auto; margin-right: auto;\"><img loading=\"lazy\" decoding=\"async\" alt=\"\" data-original-height=\"2048\" data-original-width=\"1152\" height=\"400\" src=\"https:\/\/lh3.googleusercontent.com\/-xIzooyFEVAs\/YDvGWRhOo8I\/AAAAAAAA_rk\/UbV6VK-XV0UdxJsCuHez-MSQUP2EH8pVgCLcBGAsYHQ\/w225-h400\/822D818D-3136-44BB-AA73-1D395D800D4F.jpg\" width=\"225\" \/><\/a><\/td>\n<\/tr>\n<tr>\n<td style=\"text-align: center;\">Une file d&rsquo;attente qui n&rsquo;en finit pas&#8230;&nbsp;<br \/>Mais Dieu fait la diff\u00e9rence !<\/td>\n<\/tr>\n<\/tbody>\n<\/table>\n<p><\/p>\n<p><span><a name='more'><\/a><\/span><\/p>\n<ul style=\"text-align: left;\">\n<li style=\"text-align: justify;\"><b>Record d&rsquo;audience<\/b> en direct sur Youtube et Facebook, 930 personnes ont suivi l&rsquo;\u00e9mission depuis de nombreux pays europ\u00e9ens et aussi d&rsquo;ailleurs comme le Canada, les USA, la Guadeloupe, le Liban et plusieurs pays du continent africain.\n<\/li>\n<li style=\"text-align: justify;\"><b>Record sur Zoom <\/b>o\u00f9&nbsp;nous avons pu r\u00e9pondre \u00e0 70 demandes de pri\u00e8res, 70 connexions que nous distribuons vers 15 chambres Zoom, o\u00f9 dans chacun d&rsquo;elle il y a deux \u00e0 trois personnes qui prient.<br \/>&nbsp;<\/li>\n<li style=\"text-align: justify;\"><b>Record d&rsquo;\u00e9quipiers de pri\u00e8re<\/b>&nbsp;car 33 personnes ont r\u00e9pondu \u00e0 l&rsquo;appel et ont consacr\u00e9 plus de 3 heures de leur soir\u00e9e, depuis leur domicile, pour \u00e9couter, aimer et prier pour beaucoup de personnes en souffrance; cela peut \u00eatre de la souffrance physique, mais aussi beaucoup appellent pour des besoins \u00e9motionnels et spirituels.\n<\/li>\n<li style=\"text-align: justify;\"><b>Record de personnes qui g\u00e8rent le zoom: \ud83d\ude09 <\/b>car ce soir, nous \u00e9tions 4 derri\u00e8re deux \u00e9crans, l&rsquo;un pour g\u00e9rer techniquement la distribution des demandes vers les EP et l&rsquo;autre pour accueillir chaleureusement chaque personne qui se connecte \u00e0 Zoom pour recevoir la pri\u00e8re. Et nous n&rsquo;avons pas chaum\u00e9! La file d&rsquo;attente n&rsquo;a d\u00e9sempli qu&rsquo;\u00e0 la toute fin de la soir\u00e9e. Certaines personnes ont donc d\u00fb \u00eatre tr\u00e8s patientes, d&rsquo;autres pers\u00e9v\u00e9rantes pour r\u00e9ussir \u00e0 connecter micro et cam\u00e9ra&#8230;&nbsp;<\/li>\n<\/ul>\n<p style=\"text-align: justify;\">\n<table align=\"center\" cellpadding=\"0\" cellspacing=\"0\" style=\"margin-left: auto; margin-right: auto;\">\n<tbody>\n<tr>\n<td style=\"text-align: center;\"><a href=\"https:\/\/lh3.googleusercontent.com\/-kfO1kP9eerU\/YDvHKyFJi9I\/AAAAAAAA_rs\/E6mTqfHzOkQQPyQbT2HWDhIkz3rUmMEaACLcBGAsYHQ\/IMG_9350_HEIC.jpg\" style=\"margin-left: auto; margin-right: auto;\"><img loading=\"lazy\" decoding=\"async\" alt=\"\" data-original-height=\"1536\" data-original-width=\"2048\" height=\"480\" src=\"https:\/\/lh3.googleusercontent.com\/-kfO1kP9eerU\/YDvHKyFJi9I\/AAAAAAAA_rs\/E6mTqfHzOkQQPyQbT2HWDhIkz3rUmMEaACLcBGAsYHQ\/w640-h480\/IMG_9350_HEIC.jpg\" width=\"640\" \/><\/a><\/td>\n<\/tr>\n<tr>\n<td style=\"text-align: center;\">En plein travail<\/td>\n<\/tr>\n<\/tbody>\n<\/table>\n<p><\/p>\n<p style=\"text-align: justify;\">Nous avons vu le Seigneur agir, m\u00eame derri\u00e8re nos \u00e9crans plut\u00f4t techniques: des personnes qui ne parvenaient pas \u00e0 se connecter y arriver tout \u00e0 coup, des chambres pleines qui se lib\u00e8rent au bon moment&#8230; Nous ne pouvons que remercier le Saint-Esprit qui oeuvre autant avec les EP qu&rsquo;avec nous.&nbsp;<\/p>\n<p style=\"text-align: justify;\">Nous sommes tellement reconnaissants de cette unit\u00e9 qui r\u00e8gne au sein des Equipiers de Pri\u00e8re. Nous venons tous d&rsquo;horizons diff\u00e9rents, de sensibilit\u00e9s diff\u00e9rentes, de th\u00e9ologies peut-\u00eatre diff\u00e9rentes, mais tous oeuvrent par le Nom de J\u00e9sus, le seul nom qui ait \u00e9t\u00e9 donn\u00e9 aux Hommes, par lequel nous pouvons \u00eatre sauv\u00e9 (Actes 4:12). Ce merveilleux nom qui sauve, gu\u00e9rit et d\u00e9livre. Pour preuve, vous pouvez lire ci-dessous quelques t\u00e9moignages v\u00e9cus dans ces chambres de gu\u00e9rison Zoom.<\/p>\n<div style=\"clear: both; text-align: center;\"><\/div>\n<h3 style=\"text-align: center;\">T\u00e9moignages<\/h3>\n<div style=\"clear: both; text-align: center;\"><iframe loading=\"lazy\" allowfullscreen=\"\" height=\"266\" src=\"https:\/\/www.youtube.com\/embed\/hjrokDLF874\" width=\"320\" youtube-src-><\/iframe><\/div>\n<p><\/p>\n<div style=\"text-align: center;\"><span style=\"font-size: x-small;\"><i>Un fabuleux t\u00e9moignage \u00e0 ne pas manquer&#8230;<\/i><\/span><\/div>\n<div style=\"text-align: center;\"><span style=\"font-size: x-small;\"><i><br \/><\/i><\/span><\/div>\n<div>\n<ul style=\"text-align: left;\">\n<li style=\"text-align: justify;\">Une dame s\u2019est cass\u00e9 le pied en 2015 et depuis \u00e7a a entrain\u00e9 des d\u00e9formations au niveau de ses genoux et la limite dans ses mouvements. Apr\u00e8s avoir pri\u00e9, elle a march\u00e9 et a constat\u00e9 qu\u2019elle avait plus de souplesse dans ses genoux.\n<\/li>\n<li style=\"text-align: justify;\">Une dame est revenue compl\u00e8tement transform\u00e9e et \u00e9nergique et joyeuse avec son fils de 14 ans qui a des troubles du comportements. En parlant avec lui, il a dit qu\u2019il aimerait conna\u00eetre J\u00e9sus et il a voulu le recevoir comme son Sauveur et Seigneur.\n<\/li>\n<li style=\"text-align: justify;\">Le pouce d\u2019Astrid (Co-\u00e9quipi\u00e8re) a \u00e9t\u00e9 gu\u00e9ri et son tendon d\u2019Achille apparement aussi.\n<\/li>\n<li style=\"text-align: justify;\">Une dame pour laquelle nous avons pri\u00e9 souffrait beaucoup \u00e0 une jambe depuis des mois et ne pouvait pas marcher correctement m\u00eame dans son appartement. Elle \u00e9tait couch\u00e9e sur son canap\u00e9. Apr\u00e8s la pri\u00e8re elle avait un grand sourire et elle a dit: \u00ab\u00a0Je me sens apais\u00e9e\u00a0\u00bb. Je lui ai propos\u00e9 de se lever et elle s&rsquo;est lev\u00e9e et marchait dans son appartement&nbsp; tout a fait correctement et sans aucune douleur. Elle \u00e9tait lumineuse et a rendu gr\u00e2ce au Seigneur pour sa gu\u00e9rison instantan\u00e9e.<\/li>\n<\/ul>\n<\/div>\n<h3 style=\"text-align: center;\"><\/h3>\n<h3 style=\"text-align: center;\">Elargir notre horizon<\/h3>\n<p style=\"text-align: justify;\">Vous avez bien lu: Elena et Sylvain vont reprendre ce \u00ab\u00a0job\u00a0\u00bb , mais nous ne partons pas pour autant. Si nous laissons cette responsabilit\u00e9, c&rsquo;est pour d&rsquo;une part nous d\u00e9charger d&rsquo;une des deux \u00ab\u00a0casquettes\u00a0\u00bb que nous avions: responsables des EP internationaux et francophones, mais \u00e9galement pour pouvoir prendre d\u00e8s la rentr\u00e9e de septembre une autre responsabilit\u00e9 au sein de l&rsquo;AIMG&#8230;mais \u00e7a, vous le saurez plus tard&#8230; \ud83d\ude09<\/p>\n<p style=\"text-align: justify;\">Nous \u00e9largissons de plus en plus notre secteur d&rsquo;activit\u00e9s, le soutien que vous nous accordez permet de pouvoir encore mieux nous investir dans ce minist\u00e8re. Votre soutien est donc tr\u00e8s pr\u00e9cieux pour nous.<\/p>\n<\/p>\n<div style=\"clear: both; text-align: center;\">\n<table align=\"center\" cellpadding=\"0\" cellspacing=\"0\" style=\"margin-left: auto; margin-right: auto;\">\n<tbody>\n<tr>\n<td style=\"text-align: center;\"><a href=\"https:\/\/lh3.googleusercontent.com\/-ZEdFHp8MTiI\/YDvH1qLtdRI\/AAAAAAAA_r4\/sKnPhOCZ80wNtLMWC8mPbvcZBAooQvDeQCLcBGAsYHQ\/IMG_9524.JPG\" style=\"margin-left: auto; margin-right: auto;\"><img loading=\"lazy\" decoding=\"async\" alt=\"\" data-original-height=\"755\" data-original-width=\"1080\" height=\"448\" src=\"https:\/\/lh3.googleusercontent.com\/-ZEdFHp8MTiI\/YDvH1qLtdRI\/AAAAAAAA_r4\/sKnPhOCZ80wNtLMWC8mPbvcZBAooQvDeQCLcBGAsYHQ\/w640-h448\/IMG_9524.JPG\" width=\"640\" \/><\/a><\/td>\n<\/tr>\n<tr>\n<td style=\"text-align: center;\">Apparition sur le Live avec Jean-Luc TRACHSEL<\/td>\n<\/tr>\n<\/tbody>\n<\/table>\n<p><\/div>\n<p>Nous vous remercions pour vos pri\u00e8res qui nous portent, c&rsquo;est une r\u00e9elle gr\u00e2ce d&rsquo;avoir des fr\u00e8res et soeurs comme vous qui nous soutiennent. Merci au Seigneur pour sa fid\u00e9lit\u00e9. Nous sommes heureux de pouvoir faire partie de cette magnifique association qu&rsquo;est l&rsquo;AIMG.<\/p>\n<div><\/p>\n<div>\n<div style=\"clear: both; text-align: center;\"><a href=\"https:\/\/lh3.googleusercontent.com\/-k1XXWLLMzeU\/YDvD7J1tgPI\/AAAAAAAA_rU\/lAqKTHQ1XCIGw_Kyxx1lyZOUYjX6ZGy1wCLcBGAsYHQ\/image0.jpg\" style=\"margin-left: 1em; margin-right: 1em;\"><img loading=\"lazy\" decoding=\"async\" alt=\"\" data-original-height=\"540\" data-original-width=\"960\" height=\"360\" src=\"https:\/\/lh3.googleusercontent.com\/-k1XXWLLMzeU\/YDvD7J1tgPI\/AAAAAAAA_rU\/lAqKTHQ1XCIGw_Kyxx1lyZOUYjX6ZGy1wCLcBGAsYHQ\/w640-h360\/image0.jpg\" width=\"640\" style=\"display:none;\" \/><\/a><\/div>\n<p><\/p>\n<\/p>\n<\/div>\n<\/div>\n","protected":false},"excerpt":{"rendered":"<p>Ce vendredi 26 f\u00e9vrier 2021, l&rsquo;AIMG organise une nouvelle soir\u00e9e Miracles et Gu\u00e9risons uniquement francophone&#8230; et c&rsquo;est \u00e0 nouveau un immense succ\u00e8s, gloire \u00e0 Dieu! Comme d&rsquo;habitude, nous g\u00e9rons les \u00e9quipiers de pri\u00e8re en ligne, via Zoom; mais ce soir, c&rsquo;est une joie de pouvoir oeuvrer depuis le domicile de Sylvain et Elena, le couple [&hellip;]<\/p>\n","protected":false},"author":2,"featured_media":0,"comment_status":"closed","ping_status":"open","sticky":false,"template":"","format":"standard","meta":{"footnotes":""},"categories":[16,18,21,19,31,20],"tags":[],"class_list":["post-103","post","type-post","status-publish","format-standard","hentry","category-aimg","category-equipiers-priere","category-guerison","category-miracles","category-news","category-temoignage"],"_links":{"self":[{"href":"https:\/\/ysministry.org\/site\/wp-json\/wp\/v2\/posts\/103","targetHints":{"allow":["GET"]}}],"collection":[{"href":"https:\/\/ysministry.org\/site\/wp-json\/wp\/v2\/posts"}],"about":[{"href":"https:\/\/ysministry.org\/site\/wp-json\/wp\/v2\/types\/post"}],"author":[{"embeddable":true,"href":"https:\/\/ysministry.org\/site\/wp-json\/wp\/v2\/users\/2"}],"replies":[{"embeddable":true,"href":"https:\/\/ysministry.org\/site\/wp-json\/wp\/v2\/comments?post=103"}],"version-history":[{"count":1,"href":"https:\/\/ysministry.org\/site\/wp-json\/wp\/v2\/posts\/103\/revisions"}],"predecessor-version":[{"id":2195,"href":"https:\/\/ysministry.org\/site\/wp-json\/wp\/v2\/posts\/103\/revisions\/2195"}],"wp:attachment":[{"href":"https:\/\/ysministry.org\/site\/wp-json\/wp\/v2\/media?parent=103"}],"wp:term":[{"taxonomy":"category","embeddable":true,"href":"https:\/\/ysministry.org\/site\/wp-json\/wp\/v2\/categories?post=103"},{"taxonomy":"post_tag","embeddable":true,"href":"https:\/\/ysministry.org\/site\/wp-json\/wp\/v2\/tags?post=103"}],"curies":[{"name":"wp","href":"https:\/\/api.w.org\/{rel}","templated":true}]}}