{"id":105,"date":"2020-12-23T13:40:00","date_gmt":"2020-12-23T12:40:00","guid":{"rendered":"https:\/\/ysministry.org\/site\/2020\/12\/23\/%f0%9f%8c%9f-2020-et-voeux-2021-%e2%9c%a8\/"},"modified":"2025-10-18T13:12:26","modified_gmt":"2025-10-18T11:12:26","slug":"%f0%9f%8c%9f-2020-et-voeux-2021-%e2%9c%a8","status":"publish","type":"post","link":"https:\/\/ysministry.org\/site\/%f0%9f%8c%9f-2020-et-voeux-2021-%e2%9c%a8\/","title":{"rendered":"\ud83c\udf1f 2020 et voeux 2021 \u2728"},"content":{"rendered":"<p style=\"text-align: justify;\">&nbsp;Bonjour chers amis,&nbsp;<\/p>\n<p style=\"text-align: justify;\">Voici d\u00e9j\u00e0 plusieurs semaines que nous n&rsquo;avons pas \u00e9crit de nos nouvelles, il faut dire que le temps passe si vite &#8230;<\/p>\n<div style=\"clear: both; text-align: center;\"><a href=\"https:\/\/1.bp.blogspot.com\/-1Piq7nmj5Us\/X-MXFYu12qI\/AAAAAAAA_k8\/V6YQtCJV1JwJ4eZKqsEql1AmaNHMDcBzgCLcBGAsYHQ\/s1747\/Happy%2BNew%2BYear%2521.png\" style=\"margin-left: 1em; margin-right: 1em;\"><img loading=\"lazy\" decoding=\"async\" border=\"0\" data-original-height=\"1240\" data-original-width=\"1747\" height=\"454\" src=\"https:\/\/1.bp.blogspot.com\/-1Piq7nmj5Us\/X-MXFYu12qI\/AAAAAAAA_k8\/V6YQtCJV1JwJ4eZKqsEql1AmaNHMDcBzgCLcBGAsYHQ\/w640-h454\/Happy%2BNew%2BYear%2521.png\" width=\"640\" \/><\/a><\/div>\n<p style=\"text-align: justify;\">En novembre, outre notre travail s\u00e9culier dans nos classes respectives, nous avons oeuvr\u00e9 principalement pour l&rsquo;AIMG. Maintenant, depuis quelques semaines, nous faisons deux soir\u00e9es \u00ab\u00a0Miracles et Gu\u00e9risons\u00a0\u00bb par mois, une internationale o\u00f9 l&rsquo;invit\u00e9 est anglophone et traduite en 9 autres langues, l&rsquo;autre uniquement en fran\u00e7ais. Pendant chaque soir\u00e9e, en direct, l&rsquo;AIMG offre aux t\u00e9l\u00e9spectateurs l&rsquo;occasion de recevoir la pri\u00e8re individuelle par Zoom et ceci dans 4 langues: fran\u00e7ais, anglais, portugais et allemand, quelle gr\u00e2ce! Nous avons dans chacune de ces langues des \u00e9quipes qui oeuvrent depuis leur domicile.<\/p>\n<div style=\"clear: both; text-align: center;\"><iframe loading=\"lazy\" allowfullscreen=\"\" height=\"248\" src=\"https:\/\/www.youtube.com\/embed\/ftxANNEiuS4\" width=\"358\" youtube-src-><\/iframe><\/div>\n<div style=\"clear: both; text-align: center;\"><i>Soir\u00e9e avec Audrey Mack et notre apparition \u00e0 9min 10<\/i><\/div>\n<p style=\"text-align: justify;\"><span><\/span><\/p>\n<p><a name='more'><\/a>C&rsquo;est toujours une immense joie pour nous d&rsquo;oeuvrer dans ces chambres de gu\u00e9risons par Zoom. Nous avons une bonne trentaine d&rsquo;\u00e9quipiers fid\u00e8les qui se connectent 45 minutes avant le direct pour se pr\u00e9parer, prier et former les bin\u00f4mes ou trin\u00f4mes qui accueilleront les personnes d\u00e9sireuses de recevoir la pri\u00e8re.&nbsp;<\/p>\n<p style=\"text-align: justify;\">Ce travail r\u00e9gulier nous permet de vivre, malgr\u00e9 les distances et nos \u00e9crans, une r\u00e9elle communion fraternelle avec des personnes de Suisse, France et Belgique et de toute confessions \u00e9vang\u00e9lique ou catholique. Une vraie unit\u00e9 en J\u00e9sus qui sauve, gu\u00e9rit et d\u00e9livre encore aujourd&rsquo;hui.&nbsp;<\/p>\n<table align=\"center\" cellpadding=\"0\" cellspacing=\"0\" style=\"margin-left: auto; margin-right: auto;\">\n<tbody>\n<tr>\n<td style=\"text-align: center;\"><a href=\"https:\/\/1.bp.blogspot.com\/-ogwYtARebVs\/X-MbZeM8TzI\/AAAAAAAA_lQ\/CGMzI0hWRbQteChgeJD23kcV-81xt9E_wCLcBGAsYHQ\/s2048\/IMG_9087_HEIC_Fotor.jpg\" style=\"margin-left: auto; margin-right: auto;\"><img loading=\"lazy\" decoding=\"async\" border=\"0\" data-original-height=\"1536\" data-original-width=\"2048\" height=\"300\" src=\"https:\/\/1.bp.blogspot.com\/-ogwYtARebVs\/X-MbZeM8TzI\/AAAAAAAA_lQ\/CGMzI0hWRbQteChgeJD23kcV-81xt9E_wCLcBGAsYHQ\/w400-h300\/IMG_9087_HEIC_Fotor.jpg\" width=\"400\" \/><\/a><\/td>\n<\/tr>\n<tr>\n<td style=\"text-align: center;\">Une partie des \u00ab\u00a0prieurs et prieuses\u00a0\u00bb francophones<br \/>Merci pour leur investissement<\/td>\n<\/tr>\n<\/tbody>\n<\/table>\n<p style=\"text-align: justify;\">Nous remarquons que la francophonie est une grande famille qui a soif de voir Dieu agir; si grande que le nombre de connexions est plus \u00e9lev\u00e9 lorsque la soir\u00e9e est francophone, c&rsquo;est fou! Et \u00e0 chaque soir\u00e9e AIMG, nous avons le privil\u00e8ge de \u00ab\u00a0voyager\u00a0\u00bb dans des contr\u00e9es et pays lointains tels que le Gabon, Congo Brazzaville, C\u00f4te d&rsquo;Ivoire, S\u00e9n\u00e9gal, Guadeloupe, Martinique, La R\u00e9union, \u00eele Maurice, Liban, Canada, Etats-Unis, et m\u00eame de Singapour&#8230; ou un peu plus proches comme l&rsquo;Irlande, Angleterre, Allemagne, Suisse, France, Belgique! Dieu est bon et il agit puissamment \u00e0-travers la technologie et internet! Gloire \u00e0 Dieu pour de tels outils!<\/p>\n<table align=\"center\" cellpadding=\"0\" cellspacing=\"0\" style=\"margin-left: auto; margin-right: auto;\">\n<tbody>\n<tr>\n<td style=\"text-align: center;\"><span style=\"margin-left: auto; margin-right: auto;\"><a href=\"https:\/\/youtu.be\/s1aPlDS714k\" target=\"_blank\" rel=\"noopener\"><img loading=\"lazy\" decoding=\"async\" border=\"0\" data-original-height=\"1029\" data-original-width=\"2048\" height=\"322\" src=\"https:\/\/1.bp.blogspot.com\/-2jHXSgk_jPo\/X-Mc7YiCiqI\/AAAAAAAA_lc\/5YYfio5nwGgQEghwmLr4KMnYZPsDvRgvwCLcBGAsYHQ\/w640-h322\/2020-12-13-AIMG-FR-TOUR.png\" width=\"640\" \/><\/a><\/span><\/td>\n<\/tr>\n<tr>\n<td style=\"text-align: center;\"><a href=\"https:\/\/youtu.be\/s1aPlDS714k\" target=\"_blank\" rel=\"noopener\">Collaborer avec Jean-Luc TRACHSEL, un honneur, une joie !<\/a><\/td>\n<\/tr>\n<\/tbody>\n<\/table>\n<p style=\"text-align: justify;\">Ces soir\u00e9es ne sont pas nos seules occupations avec l&rsquo;AIMG; chaque mercredi apr\u00e8s-midi, nous avons nos rencontres du comit\u00e9 de direction avec nos chers amis Jean-Luc, Marisa et Patrick, une magnifique \u00e9quipe qui n&rsquo;a pas peur de r\u00eaver et de voir grand pour l&rsquo;avenir! Nous sommes si reconnaissants de faire partie d&rsquo;une telle \u00e9quipe! Ensemble nous r\u00e9fl\u00e9chissons, prions, planifions pour que l&rsquo;AIMG continue sa mission: amener la gu\u00e9rison dans toutes les nations et d\u00e9nominations.<\/p>\n<p style=\"text-align: justify;\">Comme dit plus haut, la francophonie est en pleine essor, elle tient une grande place dans nos coeurs et pour cela, nous avons r\u00e9guli\u00e8rement des Zooms pour planifier et prier ensemble. La responsable, Marianne, est l\u00e0 pour mettre en connexion tous nos comit\u00e9s locaux francophones et faire fructifier cette oeuvre.<\/p>\n<table align=\"center\" cellpadding=\"0\" cellspacing=\"0\" style=\"margin-left: auto; margin-right: auto;\">\n<tbody>\n<tr>\n<td style=\"text-align: center;\"><a href=\"https:\/\/1.bp.blogspot.com\/-IzbrqW0WWbY\/X-MXWTYe4WI\/AAAAAAAA_lE\/LdC6lu0LfG0MOKv0anj8LwJCuOmr2J9-gCLcBGAsYHQ\/s1600\/soupeaimg2020.JPG\" style=\"margin-left: auto; margin-right: auto;\"><img loading=\"lazy\" decoding=\"async\" border=\"0\" data-original-height=\"1200\" data-original-width=\"1600\" height=\"480\" src=\"https:\/\/1.bp.blogspot.com\/-IzbrqW0WWbY\/X-MXWTYe4WI\/AAAAAAAA_lE\/LdC6lu0LfG0MOKv0anj8LwJCuOmr2J9-gCLcBGAsYHQ\/w640-h480\/soupeaimg2020.JPG\" width=\"640\" \/><\/a><\/td>\n<\/tr>\n<tr>\n<td style=\"text-align: center;\">Le CDI, Une team XTRA! (Manque ici Jean-Luc TRACHSEL)<\/td>\n<\/tr>\n<\/tbody>\n<\/table>\n<p style=\"text-align: justify;\">Notre mandat dans le comit\u00e9 de direction de l&rsquo;AIMG (CDI) n&rsquo;est pas seulement d&rsquo;\u00eatre les responsables internationaux des EP (\u00e9quipiers de pri\u00e8re, appel\u00e9s aussi HTM: Healing Team Ministry), mais nous sommes aussi responsables du soutien et suivi des comit\u00e9s existants, et cela nous a \u00e9galement pris plusieurs soir\u00e9es ces derni\u00e8res semaines.<\/p>\n<p style=\"text-align: justify;\">Jeudi 10 d\u00e9cembre, profitant de la r\u00e9ouverture des restaurants, nous avons eu le privil\u00e8ge de vivre une magnifique soir\u00e9e autour d&rsquo;un succulent repas avec le bureau de l&rsquo;AIMG; quelle joie de pouvoir nous voir en\u00a0\u00bbvrai\u00a0\u00bb autrement que derri\u00e8re nos \u00e9crans et quelle gr\u00e2ce de partager une telle amiti\u00e9!<\/p>\n<table align=\"center\" cellpadding=\"0\" cellspacing=\"0\" style=\"margin-left: auto; margin-right: auto;\">\n<tbody>\n<tr>\n<td style=\"text-align: center;\"><a href=\"https:\/\/1.bp.blogspot.com\/-EBR-vNDEJcA\/X-MkcBgBI-I\/AAAAAAAA_l8\/0zJahKm3xDcR3U4b_mJVggfZ6GDKqGmWgCLcBGAsYHQ\/s2048\/IMG_9058_HEIC.jpg\" style=\"margin-left: auto; margin-right: auto;\"><img decoding=\"async\" border=\"0\" data-original-height=\"1536\" data-original-width=\"2048\" src=\"https:\/\/1.bp.blogspot.com\/-EBR-vNDEJcA\/X-MkcBgBI-I\/AAAAAAAA_l8\/0zJahKm3xDcR3U4b_mJVggfZ6GDKqGmWgCLcBGAsYHQ\/s320\/IMG_9058_HEIC.jpg\" width=\"320\" \/><\/a><\/td>\n<\/tr>\n<tr>\n<td style=\"text-align: center;\">\n<table align=\"center\" cellpadding=\"0\" cellspacing=\"0\" style=\"margin-left: auto; margin-right: auto;\">\n<tbody>\n<tr>\n<td style=\"text-align: center;\">Zoom RHEMA dipl\u00f4m\u00e9s, un moment de partage presque surnaturel !<\/td>\n<\/tr>\n<\/tbody>\n<\/table>\n<\/td>\n<\/tr>\n<\/tbody>\n<\/table>\n<p style=\"text-align: justify;\">Samedi 12 d\u00e9cembre, nous avons eu \u00e9galement la joie de participer \u00e0 un Zoom international avec les dipl\u00f4m\u00e9s Rhema francophones; il a regroup\u00e9 les Fran\u00e7ais, Suisses, Qu\u00e9b\u00e9cois et Ha\u00eftiens! C&rsquo;\u00e9tait vraiment chouette de pouvoir faire la connaissance de personnes \u00e0 l&rsquo;autre bout du monde et de revoir des enseignants qui nous ont enseign\u00e9 lorsque nous \u00e9tions en \u00e9tudes \u00e0 Gen\u00e8ve. Cela nous a montr\u00e9 encore une fois la force de la famille Rhema \u00e0 laquelle nous sommes aussi fiers d&rsquo;appartenir.&nbsp;<\/p>\n<table align=\"center\" cellpadding=\"0\" cellspacing=\"0\" style=\"margin-left: auto; margin-right: auto;\">\n<tbody>\n<tr>\n<td style=\"text-align: center;\"><a href=\"https:\/\/1.bp.blogspot.com\/-XIBtLtT__G0\/X-MesW6eSWI\/AAAAAAAA_lw\/fEezaJRqZ4II-z9fbTuiqv6eUiculQfVgCLcBGAsYHQ\/s2048\/Capture%2Bd%25E2%2580%2599e%25CC%2581cran%2B2020-12-23%2Ba%25CC%2580%2B11.38.33.png\" style=\"margin-left: auto; margin-right: auto;\"><img loading=\"lazy\" decoding=\"async\" border=\"0\" data-original-height=\"1330\" data-original-width=\"2048\" height=\"208\" src=\"https:\/\/1.bp.blogspot.com\/-XIBtLtT__G0\/X-MesW6eSWI\/AAAAAAAA_lw\/fEezaJRqZ4II-z9fbTuiqv6eUiculQfVgCLcBGAsYHQ\/w320-h208\/Capture%2Bd%25E2%2580%2599e%25CC%2581cran%2B2020-12-23%2Ba%25CC%2580%2B11.38.33.png\" width=\"320\" \/><\/a><\/td>\n<\/tr>\n<tr>\n<td style=\"text-align: center;\">D\u00e9veloppement d&rsquo;une app pour les planning&#8230;<br \/>Un d\u00e9veloppement de YS MINISTRY.<\/td>\n<\/tr>\n<\/tbody>\n<\/table>\n<p><\/p>\n<p style=\"text-align: justify;\">Les plannings Rhema seront revus d\u00e8s le d\u00e9but de l&rsquo;ann\u00e9e 2021, attendant encore les derni\u00e8res lois et restrictions li\u00e9es \u00e0 cette pand\u00e9mie; difficile de planifier longtemps \u00e0 l&rsquo;avance.&nbsp;<\/p>\n<p style=\"text-align: justify;\">Nous sommes tellement reconnaissants pour tout ce que le Seigneur nous a fait vivre cette ann\u00e9e si particuli\u00e8re. Malgr\u00e9 les difficult\u00e9s li\u00e9es \u00e0 ce coronavirus, nous avons vu la main de Dieu agir et sublimer notre travail pour lui. Nous avons pu exp\u00e9rimenter des choses que nous n&rsquo;aurions m\u00eame pas v\u00e9cues si ce virus n&rsquo;\u00e9tait pas l\u00e0&#8230;Dieu est capable et bon pour renverser les situations complexes pour sa gloire, et nous en sommes les heureux t\u00e9moins.<\/p>\n<p style=\"text-align: justify;\"><\/p>\n<div style=\"clear: both; text-align: center;\"><a href=\"https:\/\/1.bp.blogspot.com\/-8VNHdSMFDh8\/Xih_g3PJg-I\/AAAAAAAA-CE\/SL7JSepnUU8McWvr-E7-dp_2brodEP2LQCPcBGAYYCw\/s969\/SEPARE.png\" style=\"margin-left: 1em; margin-right: 1em;\"><img decoding=\"async\" border=\"0\" data-original-height=\"112\" data-original-width=\"969\" src=\"https:\/\/1.bp.blogspot.com\/-8VNHdSMFDh8\/Xih_g3PJg-I\/AAAAAAAA-CE\/SL7JSepnUU8McWvr-E7-dp_2brodEP2LQCPcBGAYYCw\/s320\/SEPARE.png\" width=\"320\" \/><\/a><\/div>\n<div style=\"clear: both; text-align: center;\"><\/div>\n<p style=\"text-align: justify;\">2021 pointe le bout de son nez&#8230;. pour beaucoup de nos compatriotes cela signifie un changement, un nouveau d\u00e9part&#8230; mais nous sommes conscients que le nouveau ne peut se vivre qu&rsquo;en J\u00e9sus, que ce n&rsquo;est pas le changement d&rsquo;ann\u00e9e qui va amener du renouveau. Nous sommes confiants que ce que Dieu a commenc\u00e9 de faire, il va le mener \u00e0 son terme et nous sommes ses collaborateurs. Continuons donc ce qu&rsquo;il nous a confi\u00e9, persuad\u00e9s qu&rsquo;il est avec nous, pour nous et en nous pour cette nouvelle ann\u00e9e.<\/p>\n<h4 style=\"text-align: center;\"><b>Nous profitons de vous souhaiter une fin d&rsquo;ann\u00e9e b\u00e9nie,<br \/>de belles f\u00eates riches en \u00e9changes,<br \/>et une nouvelle ann\u00e9e fructueuse sous tout point de vue.&nbsp;<\/b><\/h4>\n<p style=\"text-align: justify;\">Nous vous ch\u00e9rissons et vous embrassons virtuellement, certes, mais sinc\u00e8rement et vous remercions pour votre soutien si pr\u00e9cieux!<\/p>\n<div style=\"clear: both; text-align: center;\"><a href=\"https:\/\/donorbox.org\/soutien-ysmin\" style=\"margin-left: 1em; margin-right: 1em;\"><img loading=\"lazy\" decoding=\"async\" border=\"0\" data-original-height=\"1000\" data-original-width=\"3146\" height=\"64\" src=\"https:\/\/1.bp.blogspot.com\/-S7t0sFt1-cw\/XiilKYvc2sI\/AAAAAAAA-CQ\/u7e4RYYzqBQxS6JvXuLpa3Rvval-BcFhQCPcBGAYYCw\/w200-h64\/soutien.png\" width=\"200\" \/><\/a><\/div>\n<div style=\"clear: both; text-align: center;\"><\/div>\n<p style=\"text-align: justify;\"><i>\u00ab\u00a0Chers amis, nous souhaitons que vous prosp\u00e9riez \u00e0 tous \u00e9gards et que vous soyez en aussi bonne sant\u00e9 physique que spirituelle.\u00a0\u00bb 3 Jean 2<\/i><\/p>\n<p style=\"text-align: justify;\"><i>\u00ab\u00a0C&rsquo;est la b\u00e9n\u00e9diction de l&rsquo;Eternel qui enrichit et il ne la fait suivre d&rsquo;aucun chagrin.\u00a0\u00bb Proverbe 10:22<\/i><\/p>\n<p style=\"text-align: justify;\">Avec toute notre amiti\u00e9<\/p>\n<p style=\"text-align: justify;\">YveSabine<\/p>\n<p style=\"text-align: justify;\"><\/p>\n","protected":false},"excerpt":{"rendered":"<p>&nbsp;Bonjour chers amis,&nbsp; Voici d\u00e9j\u00e0 plusieurs semaines que nous n&rsquo;avons pas \u00e9crit de nos nouvelles, il faut dire que le temps passe si vite &#8230; En novembre, outre notre travail s\u00e9culier dans nos classes respectives, nous avons oeuvr\u00e9 principalement pour l&rsquo;AIMG. Maintenant, depuis quelques semaines, nous faisons deux soir\u00e9es \u00ab\u00a0Miracles et Gu\u00e9risons\u00a0\u00bb par mois, une [&hellip;]<\/p>\n","protected":false},"author":2,"featured_media":0,"comment_status":"closed","ping_status":"open","sticky":false,"template":"","format":"standard","meta":{"footnotes":""},"categories":[16,31,11],"tags":[],"class_list":["post-105","post","type-post","status-publish","format-standard","hentry","category-aimg","category-news","category-rhema"],"_links":{"self":[{"href":"https:\/\/ysministry.org\/site\/wp-json\/wp\/v2\/posts\/105","targetHints":{"allow":["GET"]}}],"collection":[{"href":"https:\/\/ysministry.org\/site\/wp-json\/wp\/v2\/posts"}],"about":[{"href":"https:\/\/ysministry.org\/site\/wp-json\/wp\/v2\/types\/post"}],"author":[{"embeddable":true,"href":"https:\/\/ysministry.org\/site\/wp-json\/wp\/v2\/users\/2"}],"replies":[{"embeddable":true,"href":"https:\/\/ysministry.org\/site\/wp-json\/wp\/v2\/comments?post=105"}],"version-history":[{"count":1,"href":"https:\/\/ysministry.org\/site\/wp-json\/wp\/v2\/posts\/105\/revisions"}],"predecessor-version":[{"id":2197,"href":"https:\/\/ysministry.org\/site\/wp-json\/wp\/v2\/posts\/105\/revisions\/2197"}],"wp:attachment":[{"href":"https:\/\/ysministry.org\/site\/wp-json\/wp\/v2\/media?parent=105"}],"wp:term":[{"taxonomy":"category","embeddable":true,"href":"https:\/\/ysministry.org\/site\/wp-json\/wp\/v2\/categories?post=105"},{"taxonomy":"post_tag","embeddable":true,"href":"https:\/\/ysministry.org\/site\/wp-json\/wp\/v2\/tags?post=105"}],"curies":[{"name":"wp","href":"https:\/\/api.w.org\/{rel}","templated":true}]}}