{"id":1147,"date":"2024-05-26T17:25:05","date_gmt":"2024-05-26T15:25:05","guid":{"rendered":"https:\/\/ysministry.org\/site\/?p=1147"},"modified":"2025-10-18T13:09:45","modified_gmt":"2025-10-18T11:09:45","slug":"%f0%9f%94%a5-presence-2024-%f0%9f%91%8d%f0%9f%8f%bb","status":"publish","type":"post","link":"https:\/\/ysministry.org\/site\/%f0%9f%94%a5-presence-2024-%f0%9f%91%8d%f0%9f%8f%bb\/","title":{"rendered":"\ud83d\udd25 PR\u00c9SENCE 2024 \ud83d\udc4d\ud83c\udffb"},"content":{"rendered":"\n<p>Depuis plusieurs ann\u00e9es maintenant, le weekend de l\u2019Ascension rime avec <strong>PR\u00c9SENCE<\/strong>. Nous d\u00e9dions ces 3 jours de cong\u00e9 pour vivre la <strong>PR\u00c9SENCE<\/strong> de Dieu; et cette ann\u00e9e, l\u2019AIMG internationale se r\u00e9unit pr\u00e8s de L\u00f6rrach en Allemagne, dans les locaux de Awakening Church.<\/p>\n\n\n\n<figure class=\"wp-block-image aligncenter size-large\"><img loading=\"lazy\" decoding=\"async\" width=\"1024\" height=\"683\" src=\"https:\/\/ysministry.org\/site\/wp-content\/uploads\/2024\/05\/IMG_3386-1024x683.jpg\" alt=\"\" class=\"wp-image-1148\" srcset=\"https:\/\/ysministry.org\/site\/wp-content\/uploads\/2024\/05\/IMG_3386-1024x683.jpg 1024w, https:\/\/ysministry.org\/site\/wp-content\/uploads\/2024\/05\/IMG_3386-300x200.jpg 300w, https:\/\/ysministry.org\/site\/wp-content\/uploads\/2024\/05\/IMG_3386-768x512.jpg 768w, https:\/\/ysministry.org\/site\/wp-content\/uploads\/2024\/05\/IMG_3386-1536x1024.jpg 1536w, https:\/\/ysministry.org\/site\/wp-content\/uploads\/2024\/05\/IMG_3386-2048x1365.jpg 2048w\" sizes=\"auto, (max-width: 1024px) 100vw, 1024px\" \/><figcaption class=\"wp-element-caption\">L&rsquo;int\u00e9rieur de Awekening Church<\/figcaption><\/figure>\n\n\n\n<p>Nous sommes en charge d\u2019une cinquantaine d\u2019\u00e9quipiers de pri\u00e8re, de 3 langues diff\u00e9rentes: fran\u00e7ais, allemand et anglais; un petit d\u00e9fi suppl\u00e9mentaire \ud83d\ude09<\/p>\n\n\n\n<p>Nous partons mercredi vers 15h, avec B\u00e9ryl, pour \u00eatre vers 18h sur place, pr\u00e9paration de la salle et un temps de pri\u00e8re intense avec tous les orateurs et toute l\u2019\u00e9quipe AIMG.<\/p>\n\n\n\n<figure class=\"wp-block-image aligncenter size-large\"><img loading=\"lazy\" decoding=\"async\" width=\"1024\" height=\"683\" src=\"https:\/\/ysministry.org\/site\/wp-content\/uploads\/2024\/05\/IMG_1188-1024x683.jpg\" alt=\"\" class=\"wp-image-1150\" srcset=\"https:\/\/ysministry.org\/site\/wp-content\/uploads\/2024\/05\/IMG_1188-1024x683.jpg 1024w, https:\/\/ysministry.org\/site\/wp-content\/uploads\/2024\/05\/IMG_1188-300x200.jpg 300w, https:\/\/ysministry.org\/site\/wp-content\/uploads\/2024\/05\/IMG_1188-768x512.jpg 768w, https:\/\/ysministry.org\/site\/wp-content\/uploads\/2024\/05\/IMG_1188-1536x1024.jpg 1536w, https:\/\/ysministry.org\/site\/wp-content\/uploads\/2024\/05\/IMG_1188-2048x1365.jpg 2048w\" sizes=\"auto, (max-width: 1024px) 100vw, 1024px\" \/><figcaption class=\"wp-element-caption\">B\u00e9ryl en plein travail, nous sommes tellement fiers d&rsquo;elle \ud83d\ude09<\/figcaption><\/figure>\n\n\n\n<p>Plus de 1&rsquo;000 personnes sont attendues pour vivre ces 3 jours. Une perc\u00e9e spirituelle se fait lorsque les gu\u00e9risons prennent place. Dieu est fid\u00e8le et cette ann\u00e9e, encore plus qu\u2019en 2023, nous voyons Sa main agir dans la vie de beaucoup de personnes. Plusieurs personnes vivent des d\u00e9livrances qui transforment leur vie d\u2019une mani\u00e8re \u00e9clatante.&nbsp;<\/p>\n\n\n\n<figure class=\"wp-block-image aligncenter size-large\"><img loading=\"lazy\" decoding=\"async\" width=\"1024\" height=\"683\" src=\"https:\/\/ysministry.org\/site\/wp-content\/uploads\/2024\/05\/IMG_1218-1024x683.jpg\" alt=\"\" class=\"wp-image-1149\" srcset=\"https:\/\/ysministry.org\/site\/wp-content\/uploads\/2024\/05\/IMG_1218-1024x683.jpg 1024w, https:\/\/ysministry.org\/site\/wp-content\/uploads\/2024\/05\/IMG_1218-300x200.jpg 300w, https:\/\/ysministry.org\/site\/wp-content\/uploads\/2024\/05\/IMG_1218-768x512.jpg 768w, https:\/\/ysministry.org\/site\/wp-content\/uploads\/2024\/05\/IMG_1218-1536x1024.jpg 1536w, https:\/\/ysministry.org\/site\/wp-content\/uploads\/2024\/05\/IMG_1218-2048x1365.jpg 2048w\" sizes=\"auto, (max-width: 1024px) 100vw, 1024px\" \/><figcaption class=\"wp-element-caption\">Le hall d&rsquo;entr\u00e9e avant le d\u00e9but&#8230;<\/figcaption><\/figure>\n\n\n\n<p>C\u2019est une telle joie de participer, de collaborer \u00e0 l\u2019oeuvre de J\u00e9sus-Christ ici en Allemagne.&nbsp;<\/p>\n\n\n\n<p>Plus de 70% des personnes inscrites sont fran\u00e7aises et nous sommes en terre allemande, quelle gr\u00e2ce de vivre un rapprochement entre ces deux nations; car c\u2019est dans l\u2019unit\u00e9 que Christ peut manifester sa pleine puissance\u2026 et nous la voyons, la sentons, la ressentons. J\u00e9sus a \u00e9t\u00e9 glorif\u00e9.<\/p>\n\n\n\n<p>Nous avons une belle \u00e9quipe de HTM (\u00e9quipiers de pri\u00e8re), soud\u00e9e et efficace, toujours pr\u00eate \u00e0 faire mieux. C\u2019est une gr\u00e2ce d\u2019\u00eatre leurs leaders.&nbsp;60 b\u00e9n\u00e9voles \u00e0 g\u00e9rer, aider, conduire, encourager&#8230; on aime \u00e7a.<\/p>\n\n\n\n<figure class=\"wp-block-image aligncenter size-large\"><img loading=\"lazy\" decoding=\"async\" width=\"1024\" height=\"683\" src=\"https:\/\/ysministry.org\/site\/wp-content\/uploads\/2024\/05\/IMG_1200-1024x683.jpg\" alt=\"\" class=\"wp-image-1151\" srcset=\"https:\/\/ysministry.org\/site\/wp-content\/uploads\/2024\/05\/IMG_1200-1024x683.jpg 1024w, https:\/\/ysministry.org\/site\/wp-content\/uploads\/2024\/05\/IMG_1200-300x200.jpg 300w, https:\/\/ysministry.org\/site\/wp-content\/uploads\/2024\/05\/IMG_1200-768x512.jpg 768w, https:\/\/ysministry.org\/site\/wp-content\/uploads\/2024\/05\/IMG_1200-1536x1024.jpg 1536w, https:\/\/ysministry.org\/site\/wp-content\/uploads\/2024\/05\/IMG_1200-2048x1365.jpg 2048w\" sizes=\"auto, (max-width: 1024px) 100vw, 1024px\" \/><figcaption class=\"wp-element-caption\">En train d&rsquo;accueillir nos \u00e9quipiers de pri\u00e8re<\/figcaption><\/figure>\n\n\n\n<p>Nous avons d\u00e9cid\u00e9 de ne plus nous \u00ab\u00a0cacher\u00a0\u00bb mais de mordre \u00e0 pleines dents le d\u00e9fi de langue qui nous tend les bras. Nous donnons les consignes et briefing aussi bien en fran\u00e7ais qu&rsquo;en anglais. Beau d\u00e9fi r\u00e9ussi.<\/p>\n\n\n\n<p>Durant cette conf\u00e9rence, nous avons pu \u00e9galement avoir un temps privil\u00e9gi\u00e9 avec les leaders de l&rsquo;Allemagne dans le but de favoriser un r\u00e9veil dans ce pays. Un moment riche, pr\u00e9cieux, tout en anglais ;-). Continuons de prier pour un r\u00e9veil en Europe.<\/p>\n\n\n\n<p>Quoi de mieux de vous d\u00e9montrer ce qui s\u2019est v\u00e9cu en vous copiant plusieurs t\u00e9moignages de gu\u00e9risons qui se sont v\u00e9cues. Nous avons pu enregistrer plus de 50 t\u00e9moignages de nos \u00e9quipiers de pri\u00e8re qui ont vu le miraculeux de Dieu s&rsquo;accomplir sous leurs yeux.<\/p>\n\n\n\n<div class=\"wp-block-columns is-layout-flex wp-container-core-columns-is-layout-28f84493 wp-block-columns-is-layout-flex\">\n<div class=\"wp-block-column has-global-padding is-layout-constrained wp-block-column-is-layout-constrained\">\n<ul class=\"wp-block-list\">\n<li>Une femme qui avait des genoux douloureux depuis plusieurs ann\u00e9es, apr\u00e8s la pri\u00e8re elle n&rsquo;arr\u00eate pas de sauter et danser.<\/li>\n\n\n\n<li>Genou enti\u00e8rement gu\u00e9ri alors que trois op\u00e9rations n&rsquo;avaient pas pu le soulager.<\/li>\n<\/ul>\n<\/div>\n\n\n\n<div class=\"wp-block-column is-layout-flow wp-block-column-is-layout-flow\">\n<ul class=\"wp-block-list\">\n<li>Une fille de 7-10 ans a mal au poignet suite \u00e0 une op\u00e9ration. Douleurs disparues et enti\u00e8re mobilit\u00e9 retrouv\u00e9e<\/li>\n\n\n\n<li>Un homme avec une forte scoliose. Son dos est redress\u00e9 et il peut se courber comme jamais il n&rsquo;a pu.<\/li>\n\n\n\n<li>Acouph\u00e8nes disparus<\/li>\n<\/ul>\n<\/div>\n<\/div>\n\n\n\n<figure class=\"wp-block-image aligncenter size-large\"><img loading=\"lazy\" decoding=\"async\" width=\"1024\" height=\"683\" src=\"https:\/\/ysministry.org\/site\/wp-content\/uploads\/2024\/05\/IMG_7325-1024x683.jpg\" alt=\"\" class=\"wp-image-1152\" srcset=\"https:\/\/ysministry.org\/site\/wp-content\/uploads\/2024\/05\/IMG_7325-1024x683.jpg 1024w, https:\/\/ysministry.org\/site\/wp-content\/uploads\/2024\/05\/IMG_7325-300x200.jpg 300w, https:\/\/ysministry.org\/site\/wp-content\/uploads\/2024\/05\/IMG_7325-768x512.jpg 768w, https:\/\/ysministry.org\/site\/wp-content\/uploads\/2024\/05\/IMG_7325-1536x1024.jpg 1536w, https:\/\/ysministry.org\/site\/wp-content\/uploads\/2024\/05\/IMG_7325-2048x1365.jpg 2048w\" sizes=\"auto, (max-width: 1024px) 100vw, 1024px\" \/><figcaption class=\"wp-element-caption\">En plein travail&#8230; quelle joie de servir notre Seigneur<\/figcaption><\/figure>\n\n\n\n<p><em>Pour ma part, Yves, j&rsquo;ai pu prier d\u00e8s le prier jour pour une personne qui avait une c\u00f4te f\u00eal\u00e9e et douloureuse. La personne ne ressentait plus de douleur. Elle avait beau tousser et encore tousser, plus rien. Notre Dieu est grandiose. Sabine a pu d\u00e9livrer un homme tout cela en parlant la langue de son c\u0153ur l&rsquo;italien<\/em>!<\/p>\n\n\n\n<hr class=\"wp-block-separator alignwide has-alpha-channel-opacity is-style-default\"\/>\n\n\n\n<h3 class=\"wp-block-heading\">ECOLE DE R\u00c9VEIL PARIS<\/h3>\n\n\n\n<p>Une semaine plus tard, vendredi 17 mai, nous repartons avec l\u2019AIMG, et cette fois encore \u00e0 Paris pour l\u2019\u00e9cole de R\u00e9veil. La soif et la faim de J\u00e9sus et du R\u00e9veil ne font que s&rsquo;accro\u00eetre de mois en mois.&nbsp;Yves prend la t\u00e2che du photographe de cet \u00e9v\u00e9nement.<\/p>\n\n\n\n<figure data-wp-context=\"{&quot;imageId&quot;:&quot;69efc9544fee5&quot;}\" data-wp-interactive=\"core\/image\" data-wp-key=\"69efc9544fee5\" class=\"wp-block-image aligncenter size-large wp-lightbox-container\"><img loading=\"lazy\" decoding=\"async\" width=\"1024\" height=\"683\" data-wp-class--hide=\"state.isContentHidden\" data-wp-class--show=\"state.isContentVisible\" data-wp-init=\"callbacks.setButtonStyles\" data-wp-on--click=\"actions.showLightbox\" data-wp-on--load=\"callbacks.setButtonStyles\" data-wp-on-window--resize=\"callbacks.setButtonStyles\" src=\"https:\/\/ysministry.org\/site\/wp-content\/uploads\/2024\/05\/240519212252-YSML2005-1024x683.jpg\" alt=\"\" class=\"wp-image-1157\" srcset=\"https:\/\/ysministry.org\/site\/wp-content\/uploads\/2024\/05\/240519212252-YSML2005-1024x683.jpg 1024w, https:\/\/ysministry.org\/site\/wp-content\/uploads\/2024\/05\/240519212252-YSML2005-300x200.jpg 300w, https:\/\/ysministry.org\/site\/wp-content\/uploads\/2024\/05\/240519212252-YSML2005-768x512.jpg 768w, https:\/\/ysministry.org\/site\/wp-content\/uploads\/2024\/05\/240519212252-YSML2005-1536x1024.jpg 1536w, https:\/\/ysministry.org\/site\/wp-content\/uploads\/2024\/05\/240519212252-YSML2005-2048x1365.jpg 2048w\" sizes=\"auto, (max-width: 1024px) 100vw, 1024px\" \/><button\n\t\t\tclass=\"lightbox-trigger\"\n\t\t\ttype=\"button\"\n\t\t\taria-haspopup=\"dialog\"\n\t\t\taria-label=\"Agrandir\"\n\t\t\tdata-wp-init=\"callbacks.initTriggerButton\"\n\t\t\tdata-wp-on--click=\"actions.showLightbox\"\n\t\t\tdata-wp-style--right=\"state.imageButtonRight\"\n\t\t\tdata-wp-style--top=\"state.imageButtonTop\"\n\t\t>\n\t\t\t<svg xmlns=\"http:\/\/www.w3.org\/2000\/svg\" width=\"12\" height=\"12\" fill=\"none\" viewBox=\"0 0 12 12\">\n\t\t\t\t<path fill=\"#fff\" d=\"M2 0a2 2 0 0 0-2 2v2h1.5V2a.5.5 0 0 1 .5-.5h2V0H2Zm2 10.5H2a.5.5 0 0 1-.5-.5V8H0v2a2 2 0 0 0 2 2h2v-1.5ZM8 12v-1.5h2a.5.5 0 0 0 .5-.5V8H12v2a2 2 0 0 1-2 2H8Zm2-12a2 2 0 0 1 2 2v2h-1.5V2a.5.5 0 0 0-.5-.5H8V0h2Z\" \/>\n\t\t\t<\/svg>\n\t\t<\/button><figcaption class=\"wp-element-caption\">Katherine c\u00e9l\u00e9brant un t\u00e9moignage de gu\u00e9rison sur sc\u00e8ne<\/figcaption><\/figure>\n\n\n\n<p>C\u2019est une atmosph\u00e8re \u201c\u00e9lectrique\u201d qui d\u00e9bute d\u00e8s les premi\u00e8res minutes. L\u2019invit\u00e9e principale de ce mois de mai est Katherine Ruonala, de l\u2019Australie. Une femme extraordinaire avec une onction semblable \u00e0 celle de Katherine Kuhlman. La puissance du Saint-Esprit r\u00e9v\u00e9l\u00e9e dans la douceur d\u2019une femme.&nbsp;<\/p>\n\n\n\n<figure data-wp-context=\"{&quot;imageId&quot;:&quot;69efc95450220&quot;}\" data-wp-interactive=\"core\/image\" data-wp-key=\"69efc95450220\" class=\"wp-block-image aligncenter size-large wp-lightbox-container\"><img loading=\"lazy\" decoding=\"async\" width=\"1024\" height=\"683\" data-wp-class--hide=\"state.isContentHidden\" data-wp-class--show=\"state.isContentVisible\" data-wp-init=\"callbacks.setButtonStyles\" data-wp-on--click=\"actions.showLightbox\" data-wp-on--load=\"callbacks.setButtonStyles\" data-wp-on-window--resize=\"callbacks.setButtonStyles\" src=\"https:\/\/ysministry.org\/site\/wp-content\/uploads\/2024\/05\/240519212259-YSML1801-1024x683.jpg\" alt=\"\" class=\"wp-image-1158\" srcset=\"https:\/\/ysministry.org\/site\/wp-content\/uploads\/2024\/05\/240519212259-YSML1801-1024x683.jpg 1024w, https:\/\/ysministry.org\/site\/wp-content\/uploads\/2024\/05\/240519212259-YSML1801-300x200.jpg 300w, https:\/\/ysministry.org\/site\/wp-content\/uploads\/2024\/05\/240519212259-YSML1801-768x512.jpg 768w, https:\/\/ysministry.org\/site\/wp-content\/uploads\/2024\/05\/240519212259-YSML1801-1536x1024.jpg 1536w, https:\/\/ysministry.org\/site\/wp-content\/uploads\/2024\/05\/240519212259-YSML1801-2048x1365.jpg 2048w\" sizes=\"auto, (max-width: 1024px) 100vw, 1024px\" \/><button\n\t\t\tclass=\"lightbox-trigger\"\n\t\t\ttype=\"button\"\n\t\t\taria-haspopup=\"dialog\"\n\t\t\taria-label=\"Agrandir\"\n\t\t\tdata-wp-init=\"callbacks.initTriggerButton\"\n\t\t\tdata-wp-on--click=\"actions.showLightbox\"\n\t\t\tdata-wp-style--right=\"state.imageButtonRight\"\n\t\t\tdata-wp-style--top=\"state.imageButtonTop\"\n\t\t>\n\t\t\t<svg xmlns=\"http:\/\/www.w3.org\/2000\/svg\" width=\"12\" height=\"12\" fill=\"none\" viewBox=\"0 0 12 12\">\n\t\t\t\t<path fill=\"#fff\" d=\"M2 0a2 2 0 0 0-2 2v2h1.5V2a.5.5 0 0 1 .5-.5h2V0H2Zm2 10.5H2a.5.5 0 0 1-.5-.5V8H0v2a2 2 0 0 0 2 2h2v-1.5ZM8 12v-1.5h2a.5.5 0 0 0 .5-.5V8H12v2a2 2 0 0 1-2 2H8Zm2-12a2 2 0 0 1 2 2v2h-1.5V2a.5.5 0 0 0-.5-.5H8V0h2Z\" \/>\n\t\t\t<\/svg>\n\t\t<\/button><figcaption class=\"wp-element-caption\">Katherine priant pour B\u00e9ryl<\/figcaption><\/figure>\n\n\n\n<p>Kent Trachsel, fils de Jean-Luc, nous a tous interpell\u00e9s avec un message qui nous ram\u00e8ne directement au c\u0153ur de J\u00e9sus\u2026 vers notre premier amour. Personne n\u2019est rest\u00e9 indiff\u00e9rent, c\u2019\u00e9tait puissant.<\/p>\n\n\n\n<figure data-wp-context=\"{&quot;imageId&quot;:&quot;69efc954504e2&quot;}\" data-wp-interactive=\"core\/image\" data-wp-key=\"69efc954504e2\" class=\"wp-block-image aligncenter size-large wp-lightbox-container\"><img loading=\"lazy\" decoding=\"async\" width=\"1024\" height=\"576\" data-wp-class--hide=\"state.isContentHidden\" data-wp-class--show=\"state.isContentVisible\" data-wp-init=\"callbacks.setButtonStyles\" data-wp-on--click=\"actions.showLightbox\" data-wp-on--load=\"callbacks.setButtonStyles\" data-wp-on-window--resize=\"callbacks.setButtonStyles\" src=\"https:\/\/ysministry.org\/site\/wp-content\/uploads\/2024\/05\/vlcsnap-2024-05-20-16h51m45s313-1024x576.png\" alt=\"\" class=\"wp-image-1160\" srcset=\"https:\/\/ysministry.org\/site\/wp-content\/uploads\/2024\/05\/vlcsnap-2024-05-20-16h51m45s313-1024x576.png 1024w, https:\/\/ysministry.org\/site\/wp-content\/uploads\/2024\/05\/vlcsnap-2024-05-20-16h51m45s313-300x169.png 300w, https:\/\/ysministry.org\/site\/wp-content\/uploads\/2024\/05\/vlcsnap-2024-05-20-16h51m45s313-768x432.png 768w, https:\/\/ysministry.org\/site\/wp-content\/uploads\/2024\/05\/vlcsnap-2024-05-20-16h51m45s313-1536x864.png 1536w, https:\/\/ysministry.org\/site\/wp-content\/uploads\/2024\/05\/vlcsnap-2024-05-20-16h51m45s313.png 1920w\" sizes=\"auto, (max-width: 1024px) 100vw, 1024px\" \/><button\n\t\t\tclass=\"lightbox-trigger\"\n\t\t\ttype=\"button\"\n\t\t\taria-haspopup=\"dialog\"\n\t\t\taria-label=\"Agrandir\"\n\t\t\tdata-wp-init=\"callbacks.initTriggerButton\"\n\t\t\tdata-wp-on--click=\"actions.showLightbox\"\n\t\t\tdata-wp-style--right=\"state.imageButtonRight\"\n\t\t\tdata-wp-style--top=\"state.imageButtonTop\"\n\t\t>\n\t\t\t<svg xmlns=\"http:\/\/www.w3.org\/2000\/svg\" width=\"12\" height=\"12\" fill=\"none\" viewBox=\"0 0 12 12\">\n\t\t\t\t<path fill=\"#fff\" d=\"M2 0a2 2 0 0 0-2 2v2h1.5V2a.5.5 0 0 1 .5-.5h2V0H2Zm2 10.5H2a.5.5 0 0 1-.5-.5V8H0v2a2 2 0 0 0 2 2h2v-1.5ZM8 12v-1.5h2a.5.5 0 0 0 .5-.5V8H12v2a2 2 0 0 1-2 2H8Zm2-12a2 2 0 0 1 2 2v2h-1.5V2a.5.5 0 0 0-.5-.5H8V0h2Z\" \/>\n\t\t\t<\/svg>\n\t\t<\/button><figcaption class=\"wp-element-caption\">Carlos PAYAN priant pour nous<\/figcaption><\/figure>\n\n\n\n<p>Une journ\u00e9e intense et magnifique. Le minist\u00e8re de d\u00e9livrance s&rsquo;accroit \u00e9galement; Sabine, avec une autre \u00e9quipi\u00e8re, a pass\u00e9 la soir\u00e9e pour d\u00e9livrer une jeune femme de multiples d\u00e9mons. Dieu est puissant! <\/p>\n\n\n\n<p>Nous sentons ce R\u00e9veil pr\u00e9sent en France. Nous d\u00e9clarons proph\u00e9tiquement que Paris, ville de lumi\u00e8re, sera la ville o\u00f9 la lumi\u00e8re de Christ appara\u00eetra d\u2019une mani\u00e8re tangible.&nbsp;Et cela s&rsquo;est encore une fois prouv\u00e9 avec la marche pour J\u00e9sus qui a eu lieu le samedi suivant dans cette ville.<\/p>\n\n\n\n<figure data-wp-context=\"{&quot;imageId&quot;:&quot;69efc9545079a&quot;}\" data-wp-interactive=\"core\/image\" data-wp-key=\"69efc9545079a\" class=\"wp-block-image aligncenter size-large wp-lightbox-container\"><img loading=\"lazy\" decoding=\"async\" width=\"1024\" height=\"576\" data-wp-class--hide=\"state.isContentHidden\" data-wp-class--show=\"state.isContentVisible\" data-wp-init=\"callbacks.setButtonStyles\" data-wp-on--click=\"actions.showLightbox\" data-wp-on--load=\"callbacks.setButtonStyles\" data-wp-on-window--resize=\"callbacks.setButtonStyles\" src=\"https:\/\/ysministry.org\/site\/wp-content\/uploads\/2024\/05\/IMG_5892-1024x576.jpg\" alt=\"\" class=\"wp-image-1159\" srcset=\"https:\/\/ysministry.org\/site\/wp-content\/uploads\/2024\/05\/IMG_5892-1024x576.jpg 1024w, https:\/\/ysministry.org\/site\/wp-content\/uploads\/2024\/05\/IMG_5892-300x169.jpg 300w, https:\/\/ysministry.org\/site\/wp-content\/uploads\/2024\/05\/IMG_5892-768x432.jpg 768w, https:\/\/ysministry.org\/site\/wp-content\/uploads\/2024\/05\/IMG_5892-1536x864.jpg 1536w, https:\/\/ysministry.org\/site\/wp-content\/uploads\/2024\/05\/IMG_5892-2048x1152.jpg 2048w\" sizes=\"auto, (max-width: 1024px) 100vw, 1024px\" \/><button\n\t\t\tclass=\"lightbox-trigger\"\n\t\t\ttype=\"button\"\n\t\t\taria-haspopup=\"dialog\"\n\t\t\taria-label=\"Agrandir\"\n\t\t\tdata-wp-init=\"callbacks.initTriggerButton\"\n\t\t\tdata-wp-on--click=\"actions.showLightbox\"\n\t\t\tdata-wp-style--right=\"state.imageButtonRight\"\n\t\t\tdata-wp-style--top=\"state.imageButtonTop\"\n\t\t>\n\t\t\t<svg xmlns=\"http:\/\/www.w3.org\/2000\/svg\" width=\"12\" height=\"12\" fill=\"none\" viewBox=\"0 0 12 12\">\n\t\t\t\t<path fill=\"#fff\" d=\"M2 0a2 2 0 0 0-2 2v2h1.5V2a.5.5 0 0 1 .5-.5h2V0H2Zm2 10.5H2a.5.5 0 0 1-.5-.5V8H0v2a2 2 0 0 0 2 2h2v-1.5ZM8 12v-1.5h2a.5.5 0 0 0 .5-.5V8H12v2a2 2 0 0 1-2 2H8Zm2-12a2 2 0 0 1 2 2v2h-1.5V2a.5.5 0 0 0-.5-.5H8V0h2Z\" \/>\n\t\t\t<\/svg>\n\t\t<\/button><figcaption class=\"wp-element-caption\">Briefing des \u00e9quipiers de Paris<\/figcaption><\/figure>\n\n\n\n<p>Nous rentrons chez nous dimanche vers 13h, fatigu\u00e9s mais tellement reconnaissants de voir de nos yeux ce que Dieu fait \u00e0 travers le monde. Merci Seigneur de nous permettre de vivre l\u2019Histoire avec toi.<\/p>\n\n\n\n<hr class=\"wp-block-separator has-alpha-channel-opacity\"\/>\n\n\n\n<h3 class=\"wp-block-heading\">ECOLE EN LIGNE (Surnaturel)<\/h3>\n\n\n\n<p>L\u2019aventure AIMG continue\u2026 mercredi 22 mai, nous avons l\u2019\u00e9cole du Surnaturel en ligne avec Lucas Banovic.&nbsp;Lucas nous a enseign\u00e9 deux sessions sur le proph\u00e9tique et aussi sur la chasse au tr\u00e9sor. Une belle mani\u00e8re de mettre le Saint-Esprit et sa foi en route.<\/p>\n\n\n\n<p>SI tu es int\u00e9ress\u00e9.e \u00e0 suivre cette \u00e9cole l&rsquo;ann\u00e9e prochaine alors, va sur le site de l&rsquo;AIMG et inscris-toi (\u00e0 l&rsquo;heure o\u00f9 nous \u00e9crivons ceci, le dispositif d&rsquo;inscription n&rsquo;est pas encore disponible)<\/p>\n\n\n\n<figure class=\"wp-block-gallery has-nested-images columns-default is-cropped wp-block-gallery-1 is-layout-flex wp-block-gallery-is-layout-flex\">\n<figure data-wp-context=\"{&quot;imageId&quot;:&quot;69efc95450ad6&quot;}\" data-wp-interactive=\"core\/image\" data-wp-key=\"69efc95450ad6\" class=\"wp-block-image size-large wp-lightbox-container\"><img loading=\"lazy\" decoding=\"async\" width=\"1024\" height=\"768\" data-wp-class--hide=\"state.isContentHidden\" data-wp-class--show=\"state.isContentVisible\" data-wp-init=\"callbacks.setButtonStyles\" data-wp-on--click=\"actions.showLightbox\" data-wp-on--load=\"callbacks.setButtonStyles\" data-wp-on-window--resize=\"callbacks.setButtonStyles\" data-id=\"1161\" src=\"https:\/\/ysministry.org\/site\/wp-content\/uploads\/2024\/05\/IMG_7860-1024x768.jpg\" alt=\"\" class=\"wp-image-1161\" srcset=\"https:\/\/ysministry.org\/site\/wp-content\/uploads\/2024\/05\/IMG_7860-1024x768.jpg 1024w, https:\/\/ysministry.org\/site\/wp-content\/uploads\/2024\/05\/IMG_7860-300x225.jpg 300w, https:\/\/ysministry.org\/site\/wp-content\/uploads\/2024\/05\/IMG_7860-768x576.jpg 768w, https:\/\/ysministry.org\/site\/wp-content\/uploads\/2024\/05\/IMG_7860-1536x1152.jpg 1536w, https:\/\/ysministry.org\/site\/wp-content\/uploads\/2024\/05\/IMG_7860-2048x1536.jpg 2048w\" sizes=\"auto, (max-width: 1024px) 100vw, 1024px\" \/><button\n\t\t\tclass=\"lightbox-trigger\"\n\t\t\ttype=\"button\"\n\t\t\taria-haspopup=\"dialog\"\n\t\t\taria-label=\"Agrandir\"\n\t\t\tdata-wp-init=\"callbacks.initTriggerButton\"\n\t\t\tdata-wp-on--click=\"actions.showLightbox\"\n\t\t\tdata-wp-style--right=\"state.imageButtonRight\"\n\t\t\tdata-wp-style--top=\"state.imageButtonTop\"\n\t\t>\n\t\t\t<svg xmlns=\"http:\/\/www.w3.org\/2000\/svg\" width=\"12\" height=\"12\" fill=\"none\" viewBox=\"0 0 12 12\">\n\t\t\t\t<path fill=\"#fff\" d=\"M2 0a2 2 0 0 0-2 2v2h1.5V2a.5.5 0 0 1 .5-.5h2V0H2Zm2 10.5H2a.5.5 0 0 1-.5-.5V8H0v2a2 2 0 0 0 2 2h2v-1.5ZM8 12v-1.5h2a.5.5 0 0 0 .5-.5V8H12v2a2 2 0 0 1-2 2H8Zm2-12a2 2 0 0 1 2 2v2h-1.5V2a.5.5 0 0 0-.5-.5H8V0h2Z\" \/>\n\t\t\t<\/svg>\n\t\t<\/button><\/figure>\n\n\n\n<figure data-wp-context=\"{&quot;imageId&quot;:&quot;69efc95450d3d&quot;}\" data-wp-interactive=\"core\/image\" data-wp-key=\"69efc95450d3d\" class=\"wp-block-image size-large wp-lightbox-container\"><img loading=\"lazy\" decoding=\"async\" width=\"1024\" height=\"768\" data-wp-class--hide=\"state.isContentHidden\" data-wp-class--show=\"state.isContentVisible\" data-wp-init=\"callbacks.setButtonStyles\" data-wp-on--click=\"actions.showLightbox\" data-wp-on--load=\"callbacks.setButtonStyles\" data-wp-on-window--resize=\"callbacks.setButtonStyles\" data-id=\"1162\" src=\"https:\/\/ysministry.org\/site\/wp-content\/uploads\/2024\/05\/IMG_7861-1024x768.jpg\" alt=\"\" class=\"wp-image-1162\" srcset=\"https:\/\/ysministry.org\/site\/wp-content\/uploads\/2024\/05\/IMG_7861-1024x768.jpg 1024w, https:\/\/ysministry.org\/site\/wp-content\/uploads\/2024\/05\/IMG_7861-300x225.jpg 300w, https:\/\/ysministry.org\/site\/wp-content\/uploads\/2024\/05\/IMG_7861-768x576.jpg 768w, https:\/\/ysministry.org\/site\/wp-content\/uploads\/2024\/05\/IMG_7861-1536x1152.jpg 1536w, https:\/\/ysministry.org\/site\/wp-content\/uploads\/2024\/05\/IMG_7861-2048x1536.jpg 2048w\" sizes=\"auto, (max-width: 1024px) 100vw, 1024px\" \/><button\n\t\t\tclass=\"lightbox-trigger\"\n\t\t\ttype=\"button\"\n\t\t\taria-haspopup=\"dialog\"\n\t\t\taria-label=\"Agrandir\"\n\t\t\tdata-wp-init=\"callbacks.initTriggerButton\"\n\t\t\tdata-wp-on--click=\"actions.showLightbox\"\n\t\t\tdata-wp-style--right=\"state.imageButtonRight\"\n\t\t\tdata-wp-style--top=\"state.imageButtonTop\"\n\t\t>\n\t\t\t<svg xmlns=\"http:\/\/www.w3.org\/2000\/svg\" width=\"12\" height=\"12\" fill=\"none\" viewBox=\"0 0 12 12\">\n\t\t\t\t<path fill=\"#fff\" d=\"M2 0a2 2 0 0 0-2 2v2h1.5V2a.5.5 0 0 1 .5-.5h2V0H2Zm2 10.5H2a.5.5 0 0 1-.5-.5V8H0v2a2 2 0 0 0 2 2h2v-1.5ZM8 12v-1.5h2a.5.5 0 0 0 .5-.5V8H12v2a2 2 0 0 1-2 2H8Zm2-12a2 2 0 0 1 2 2v2h-1.5V2a.5.5 0 0 0-.5-.5H8V0h2Z\" \/>\n\t\t\t<\/svg>\n\t\t<\/button><\/figure>\n<\/figure>\n\n\n\n<h3 class=\"wp-block-heading\">LA SUITE&#8230;<\/h3>\n\n\n\n<p>Le dernier samedi de l\u2019\u00e9cole de R\u00e9veil de Paris aura lieu le 15 juin et nous nous r\u00e9jouissons d\u00e9j\u00e0 d\u2019y \u00eatre.<\/p>\n\n\n\n<p><\/p>\n","protected":false},"excerpt":{"rendered":"<p>Depuis plusieurs ann\u00e9es maintenant, le weekend de l\u2019Ascension rime avec PR\u00c9SENCE. Nous d\u00e9dions ces 3 jours de cong\u00e9 pour vivre la PR\u00c9SENCE de Dieu; et cette ann\u00e9e, l\u2019AIMG internationale se r\u00e9unit pr\u00e8s de L\u00f6rrach en Allemagne, dans les locaux de Awakening Church. Nous sommes en charge d\u2019une cinquantaine d\u2019\u00e9quipiers de pri\u00e8re, de 3 langues diff\u00e9rentes: [&hellip;]<\/p>\n","protected":false},"author":1,"featured_media":1152,"comment_status":"closed","ping_status":"closed","sticky":false,"template":"","format":"standard","meta":{"footnotes":""},"categories":[16,21,19,31,17,20],"tags":[],"class_list":["post-1147","post","type-post","status-publish","format-standard","has-post-thumbnail","hentry","category-aimg","category-guerison","category-miracles","category-news","category-presence","category-temoignage"],"_links":{"self":[{"href":"https:\/\/ysministry.org\/site\/wp-json\/wp\/v2\/posts\/1147","targetHints":{"allow":["GET"]}}],"collection":[{"href":"https:\/\/ysministry.org\/site\/wp-json\/wp\/v2\/posts"}],"about":[{"href":"https:\/\/ysministry.org\/site\/wp-json\/wp\/v2\/types\/post"}],"author":[{"embeddable":true,"href":"https:\/\/ysministry.org\/site\/wp-json\/wp\/v2\/users\/1"}],"replies":[{"embeddable":true,"href":"https:\/\/ysministry.org\/site\/wp-json\/wp\/v2\/comments?post=1147"}],"version-history":[{"count":8,"href":"https:\/\/ysministry.org\/site\/wp-json\/wp\/v2\/posts\/1147\/revisions"}],"predecessor-version":[{"id":1173,"href":"https:\/\/ysministry.org\/site\/wp-json\/wp\/v2\/posts\/1147\/revisions\/1173"}],"wp:featuredmedia":[{"embeddable":true,"href":"https:\/\/ysministry.org\/site\/wp-json\/wp\/v2\/media\/1152"}],"wp:attachment":[{"href":"https:\/\/ysministry.org\/site\/wp-json\/wp\/v2\/media?parent=1147"}],"wp:term":[{"taxonomy":"category","embeddable":true,"href":"https:\/\/ysministry.org\/site\/wp-json\/wp\/v2\/categories?post=1147"},{"taxonomy":"post_tag","embeddable":true,"href":"https:\/\/ysministry.org\/site\/wp-json\/wp\/v2\/tags?post=1147"}],"curies":[{"name":"wp","href":"https:\/\/api.w.org\/{rel}","templated":true}]}}