{"id":1331,"date":"2024-08-07T15:49:55","date_gmt":"2024-08-07T13:49:55","guid":{"rendered":"https:\/\/ysministry.org\/site\/?p=1331"},"modified":"2024-08-07T15:49:55","modified_gmt":"2024-08-07T13:49:55","slug":"%e2%98%80%ef%b8%8f-ete-2024-fin-debut-%f0%9f%9a%80","status":"publish","type":"post","link":"https:\/\/ysministry.org\/site\/%e2%98%80%ef%b8%8f-ete-2024-fin-debut-%f0%9f%9a%80\/","title":{"rendered":"\u2600\ufe0f \u00c9T\u00c9 2024 &#8211; Fin &amp; D\u00e9but \ud83d\ude80"},"content":{"rendered":"\n<figure class=\"wp-block-image aligncenter size-large is-resized\"><a href=\"https:\/\/ysministry.org\/site\/wp-content\/uploads\/2024\/08\/IMG_8576-scaled.jpg\"><img loading=\"lazy\" decoding=\"async\" width=\"1024\" height=\"768\" src=\"https:\/\/ysministry.org\/site\/wp-content\/uploads\/2024\/08\/IMG_8576-1024x768.jpg\" alt=\"\" class=\"wp-image-1333\" style=\"width:839px;height:auto\" srcset=\"https:\/\/ysministry.org\/site\/wp-content\/uploads\/2024\/08\/IMG_8576-1024x768.jpg 1024w, https:\/\/ysministry.org\/site\/wp-content\/uploads\/2024\/08\/IMG_8576-300x225.jpg 300w, https:\/\/ysministry.org\/site\/wp-content\/uploads\/2024\/08\/IMG_8576-768x576.jpg 768w, https:\/\/ysministry.org\/site\/wp-content\/uploads\/2024\/08\/IMG_8576-1536x1152.jpg 1536w, https:\/\/ysministry.org\/site\/wp-content\/uploads\/2024\/08\/IMG_8576-2048x1536.jpg 2048w\" sizes=\"auto, (max-width: 1024px) 100vw, 1024px\" \/><\/a><\/figure>\n\n\n\n<p>La fin de l&rsquo;ann\u00e9e scolaire nous a pris beaucoup de notre temps. G\u00e9rer les notes, les moyennes, les sorties, les journ\u00e9es extraordinaires, les f\u00eates de fin d&rsquo;ann\u00e9e,&#8230; beaucoup de joie \u00e0 vivre ces \u00e9v\u00e8nements scolaires mais beaucoup de fatigue \u00e9galement. Nous disons au revoir \u00e0 nos coll\u00e8gues et \u00e0 nos \u00e9l\u00e8ves; oui, cette fois, c&rsquo;est bien notre derni\u00e8re fin d&rsquo;ann\u00e9e scolaire.<\/p>\n\n\n\n<p>A l&rsquo;habituel repas des enseignants, notre directeur a fait un tr\u00e8s bon speech sur chacun de nos cursus scolaires au sein de l&rsquo;\u00e9tablissement. M. Bornand n&rsquo;a pas omis de citer, une par une, les diff\u00e9rentes associations pour lesquelles nous oeuvrons d\u00e9j\u00e0 et avec lesquelles nous continuerons. Le message est ainsi donn\u00e9 \u00e0 tous nos coll\u00e8gues pr\u00e9sents.<\/p>\n\n\n\n<p>Le 30 juin, apr\u00e8s 19 et 20 ans dans cet \u00e9tablissement scolaire, nous tournons pour l&rsquo;ultime fois la cl\u00e9 de nos classes. Nous sommes en vacances&#8230; heureux d&rsquo;\u00eatre enfin \u00e0 cette \u00e9tape.<\/p>\n\n\n\n<div class=\"wp-block-boldblocks-icon-separator is-style-wide\" style=\"--bb--margin-top--sm:var(--bb--margin-top--lg);--bb--margin-bottom--sm:var(--bb--margin-bottom--lg);--bb--margin-top--md:var(--bb--margin-top--lg);--bb--margin-bottom--md:var(--bb--margin-bottom--lg);--bb--margin-top--lg:var(--wp--preset--spacing--superbspacing-xsmall);--bb--margin-bottom--lg:var(--wp--preset--spacing--superbspacing-xsmall)\" role=\"separator\"><div class=\"wp-block-boldblocks-icon-separator__inner icon-center is-align-center\" style=\"--bb-border:1px solid;--bb--icon-width:2em;--bb--icon-spacing:2em;--bb--icon-fill-color:var(--wp--preset--color--vivid-red, #cf2e2e);--bb--icon-stroke-color:var(--wp--preset--color--vivid-red, #cf2e2e)\"><svg xmlns=\"http:\/\/www.w3.org\/2000\/svg\" viewBox=\"0 0 20 20\">\n  <path d=\"M10 17.12c3.33-1.4 5.74-3.79 7.04-6.21 1.28-2.41 1.46-4.81.32-6.25-1.03-1.29-2.37-1.78-3.73-1.74s-2.68.63-3.63 1.46c-.95-.83-2.27-1.42-3.63-1.46s-2.7.45-3.73 1.74c-1.14 1.44-.96 3.84.34 6.25 1.28 2.42 3.69 4.81 7.02 6.21\"><\/path>\n<\/svg><\/div><\/div>\n\n\n\n<p class=\"has-text-align-center has-vivid-red-color has-text-color has-link-color wp-elements-a1b96892240a0a850b5ccb2e8022ee99\"><strong>Retraite \u00e0 deux<\/strong><\/p>\n\n\n\n<figure class=\"wp-block-gallery has-nested-images columns-default is-cropped wp-block-gallery-1 is-layout-flex wp-block-gallery-is-layout-flex\">\n<figure class=\"wp-block-image size-large\"><a href=\"https:\/\/ysministry.org\/site\/wp-content\/uploads\/2024\/08\/IMG_5123-1-scaled.jpg\"><img loading=\"lazy\" decoding=\"async\" width=\"1024\" height=\"576\" data-id=\"1334\" src=\"https:\/\/ysministry.org\/site\/wp-content\/uploads\/2024\/08\/IMG_5123-1-1024x576.jpg\" alt=\"\" class=\"wp-image-1334\" srcset=\"https:\/\/ysministry.org\/site\/wp-content\/uploads\/2024\/08\/IMG_5123-1-1024x576.jpg 1024w, https:\/\/ysministry.org\/site\/wp-content\/uploads\/2024\/08\/IMG_5123-1-300x169.jpg 300w, https:\/\/ysministry.org\/site\/wp-content\/uploads\/2024\/08\/IMG_5123-1-768x432.jpg 768w, https:\/\/ysministry.org\/site\/wp-content\/uploads\/2024\/08\/IMG_5123-1-1536x864.jpg 1536w, https:\/\/ysministry.org\/site\/wp-content\/uploads\/2024\/08\/IMG_5123-1-2048x1152.jpg 2048w\" sizes=\"auto, (max-width: 1024px) 100vw, 1024px\" \/><\/a><figcaption class=\"wp-element-caption\">Le lac des Taill\u00e8res<\/figcaption><\/figure>\n\n\n\n<figure class=\"wp-block-image size-large\"><a href=\"https:\/\/ysministry.org\/site\/wp-content\/uploads\/2024\/08\/IMG_5104-scaled.jpg\"><img loading=\"lazy\" decoding=\"async\" width=\"1024\" height=\"576\" data-id=\"1336\" src=\"https:\/\/ysministry.org\/site\/wp-content\/uploads\/2024\/08\/IMG_5104-1024x576.jpg\" alt=\"\" class=\"wp-image-1336\" srcset=\"https:\/\/ysministry.org\/site\/wp-content\/uploads\/2024\/08\/IMG_5104-1024x576.jpg 1024w, https:\/\/ysministry.org\/site\/wp-content\/uploads\/2024\/08\/IMG_5104-300x169.jpg 300w, https:\/\/ysministry.org\/site\/wp-content\/uploads\/2024\/08\/IMG_5104-768x432.jpg 768w, https:\/\/ysministry.org\/site\/wp-content\/uploads\/2024\/08\/IMG_5104-1536x864.jpg 1536w, https:\/\/ysministry.org\/site\/wp-content\/uploads\/2024\/08\/IMG_5104-2048x1152.jpg 2048w\" sizes=\"auto, (max-width: 1024px) 100vw, 1024px\" \/><\/a><figcaption class=\"wp-element-caption\">Le lac des Brenets<\/figcaption><\/figure>\n\n\n\n<figure class=\"wp-block-image size-large\"><a href=\"https:\/\/ysministry.org\/site\/wp-content\/uploads\/2024\/08\/IMG_8435-scaled.jpg\"><img loading=\"lazy\" decoding=\"async\" width=\"1024\" height=\"445\" data-id=\"1339\" src=\"https:\/\/ysministry.org\/site\/wp-content\/uploads\/2024\/08\/IMG_8435-1024x445.jpg\" alt=\"\" class=\"wp-image-1339\" srcset=\"https:\/\/ysministry.org\/site\/wp-content\/uploads\/2024\/08\/IMG_8435-1024x445.jpg 1024w, https:\/\/ysministry.org\/site\/wp-content\/uploads\/2024\/08\/IMG_8435-300x130.jpg 300w, https:\/\/ysministry.org\/site\/wp-content\/uploads\/2024\/08\/IMG_8435-768x334.jpg 768w, https:\/\/ysministry.org\/site\/wp-content\/uploads\/2024\/08\/IMG_8435-1536x668.jpg 1536w, https:\/\/ysministry.org\/site\/wp-content\/uploads\/2024\/08\/IMG_8435-2048x890.jpg 2048w\" sizes=\"auto, (max-width: 1024px) 100vw, 1024px\" \/><\/a><figcaption class=\"wp-element-caption\">Un matin de brume&#8230; f\u00e9\u00e9rique<\/figcaption><\/figure>\n\n\n\n<figure class=\"wp-block-image size-large\"><a href=\"https:\/\/ysministry.org\/site\/wp-content\/uploads\/2024\/08\/IMG_8494-scaled.jpg\"><img loading=\"lazy\" decoding=\"async\" width=\"1024\" height=\"768\" data-id=\"1335\" src=\"https:\/\/ysministry.org\/site\/wp-content\/uploads\/2024\/08\/IMG_8494-1024x768.jpg\" alt=\"\" class=\"wp-image-1335\" srcset=\"https:\/\/ysministry.org\/site\/wp-content\/uploads\/2024\/08\/IMG_8494-1024x768.jpg 1024w, https:\/\/ysministry.org\/site\/wp-content\/uploads\/2024\/08\/IMG_8494-300x225.jpg 300w, https:\/\/ysministry.org\/site\/wp-content\/uploads\/2024\/08\/IMG_8494-768x576.jpg 768w, https:\/\/ysministry.org\/site\/wp-content\/uploads\/2024\/08\/IMG_8494-1536x1152.jpg 1536w, https:\/\/ysministry.org\/site\/wp-content\/uploads\/2024\/08\/IMG_8494-2048x1536.jpg 2048w\" sizes=\"auto, (max-width: 1024px) 100vw, 1024px\" \/><\/a><figcaption class=\"wp-element-caption\">Au bord du lac des Taill\u00e8res<\/figcaption><\/figure>\n\n\n\n<figure class=\"wp-block-image size-large\"><a href=\"https:\/\/ysministry.org\/site\/wp-content\/uploads\/2024\/08\/IMG_8551-scaled.jpg\"><img loading=\"lazy\" decoding=\"async\" width=\"1024\" height=\"420\" data-id=\"1338\" src=\"https:\/\/ysministry.org\/site\/wp-content\/uploads\/2024\/08\/IMG_8551-1024x420.jpg\" alt=\"\" class=\"wp-image-1338\" srcset=\"https:\/\/ysministry.org\/site\/wp-content\/uploads\/2024\/08\/IMG_8551-1024x420.jpg 1024w, https:\/\/ysministry.org\/site\/wp-content\/uploads\/2024\/08\/IMG_8551-300x123.jpg 300w, https:\/\/ysministry.org\/site\/wp-content\/uploads\/2024\/08\/IMG_8551-768x315.jpg 768w, https:\/\/ysministry.org\/site\/wp-content\/uploads\/2024\/08\/IMG_8551-1536x630.jpg 1536w, https:\/\/ysministry.org\/site\/wp-content\/uploads\/2024\/08\/IMG_8551-2048x840.jpg 2048w\" sizes=\"auto, (max-width: 1024px) 100vw, 1024px\" \/><\/a><figcaption class=\"wp-element-caption\">De quoi d\u00e9compresser&#8230;<\/figcaption><\/figure>\n<\/figure>\n\n\n\n<p class=\"has-text-align-left\">Le 4 juillet, nous partons pour quelques jours de retraite tous les deux dans une contr\u00e9e isol\u00e9e: le Jura neuch\u00e2telois, non loin de la Br\u00e9vine, village c\u00e9l\u00e8bre pour ses temp\u00e9ratures hivernales, appel\u00e9 la Syb\u00e9rie de la Suisse.<\/p>\n\n\n\n<p>Nous avons lou\u00e9 un joli appartement qui a une superbe vue sur&#8230;rien&#8230; rien que des champs et des p\u00e2turages. Quel bienfait! C&rsquo;est vraiment reposant.<\/p>\n\n\n\n<p>Nous profitons de ce temps \u00e0 part pour lire, pour m\u00e9diter, prier, pour poser nos attentes et nos choix quant \u00e0 notre proche avenir. Un temps \u00e0 part avec notre Papa c\u00e9leste, il n&rsquo;y a pas de meilleures places.<\/p>\n\n\n\n<div class=\"wp-block-boldblocks-icon-separator is-style-wide\" role=\"separator\"><div class=\"wp-block-boldblocks-icon-separator__inner icon-center is-align-center\" style=\"--bb-border:1px solid;--bb--icon-width:2em;--bb--icon-spacing:1em;--bb--icon-fill-color:var(--wp--preset--color--vivid-cyan-blue, #0693e3)\"><svg xmlns=\"http:\/\/www.w3.org\/2000\/svg\" viewBox=\"0 0 20 20\">\n  <path d=\"M8.03 4.46c-.29 1.28.55 3.46 1.97 3.46 1.41 0 2.25-2.18 1.96-3.46-.22-.98-1.08-1.63-1.96-1.63-.89 0-1.74.65-1.97 1.63m-4.13.9c-.25 1.08.47 2.93 1.67 2.93s1.92-1.85 1.67-2.93c-.19-.83-.92-1.39-1.67-1.39s-1.48.56-1.67 1.39m8.86 0c-.25 1.08.47 2.93 1.66 2.93 1.2 0 1.92-1.85 1.67-2.93-.19-.83-.92-1.39-1.67-1.39-.74 0-1.47.56-1.66 1.39m-.59 11.43 1.25-4.3C14.2 10 12.71 8.47 10 8.47c-2.72 0-4.21 1.53-3.44 4.02l1.26 4.3C8.05 17.51 9 18 10 18c.98 0 1.94-.49 2.17-1.21m-6.1-7.63c-.49.67-.96 1.83-.42 3.59l1.12 3.79c-.34.2-.77.31-1.2.31-.85 0-1.65-.41-1.85-1.03l-1.07-3.65c-.65-2.11.61-3.4 2.92-3.4.27 0 .54.02.79.06-.1.1-.2.22-.29.33m8.35-.39c2.31 0 3.58 1.29 2.92 3.4l-1.07 3.65c-.2.62-1 1.03-1.85 1.03-.43 0-.86-.11-1.2-.31l1.11-3.77c.55-1.78.08-2.94-.42-3.61-.08-.11-.18-.23-.28-.33.25-.04.51-.06.79-.06\"><\/path>\n<\/svg><\/div><\/div>\n\n\n\n<p class=\"has-text-align-center has-vivid-cyan-blue-color has-text-color has-link-color wp-elements-1390325cdd03e237cc39a21fe1396624\"><strong>Retraite avec CityLife<\/strong><\/p>\n\n\n\n<figure class=\"wp-block-image aligncenter size-large is-resized\"><img loading=\"lazy\" decoding=\"async\" width=\"1024\" height=\"576\" src=\"https:\/\/ysministry.org\/site\/wp-content\/uploads\/2024\/08\/DP-1024x576.jpg\" alt=\"\" class=\"wp-image-1340\" style=\"width:912px;height:auto\" srcset=\"https:\/\/ysministry.org\/site\/wp-content\/uploads\/2024\/08\/DP-1024x576.jpg 1024w, https:\/\/ysministry.org\/site\/wp-content\/uploads\/2024\/08\/DP-300x169.jpg 300w, https:\/\/ysministry.org\/site\/wp-content\/uploads\/2024\/08\/DP-768x432.jpg 768w, https:\/\/ysministry.org\/site\/wp-content\/uploads\/2024\/08\/DP.jpg 1200w\" sizes=\"auto, (max-width: 1024px) 100vw, 1024px\" \/><figcaption class=\"wp-element-caption\">La Direction Pastorale au sommet des pyramides de gypse aux Diablerets.<\/figcaption><\/figure>\n\n\n\n<p>Nous encha\u00eenons retraite sur retraite, cette fois avec la Direction Pastorale de Citylife. Nous partons 3 jours au chalet aux Diablerets. De tr\u00e8s bons moments v\u00e9cus dans la joie, la simplicit\u00e9 et la convivialit\u00e9. L\u00e0 aussi un bienfait pour notre petite \u00e9quipe de 6.<\/p>\n\n\n\n<p>Ces 2 premi\u00e8res semaines de juillet ont donc \u00e9t\u00e9 tr\u00e8s riches et reposantes.<\/p>\n\n\n\n<div class=\"wp-block-boldblocks-icon-separator is-style-wide\" role=\"separator\"><div class=\"wp-block-boldblocks-icon-separator__inner icon-center is-align-center\" style=\"--bb-border:1px solid;--bb--icon-width:2em;--bb--icon-spacing:1em\"><svg xmlns=\"http:\/\/www.w3.org\/2000\/svg\" viewBox=\"0 0 512 512\">\n  <path d=\"M130.54 358.31c-12.83 1.88-33.95 5.38-48-10.56S56.34 293.32 51 258.92c-7.88-50.7-.06-93.43 22-120.31 13-15.83 30.06-25 49.34-26.46 16.51-1.27 41.18 5.19 65 43.19 14.92 23.81 26.27 55.44 31.14 86.77 5.88 37.82 11.61 78.18-8.44 92.65-11.31 8.17-19.43 11-38.62 15.57-15.78 3.75-28.04 6.09-40.88 7.98m-22.82 32.53 108.89-22.46c9.2-1.9 16.58 3.16 20 18.32 11.22 49.76-4.86 109.3-55.22 109.3-47.69 0-79.47-54.36-84.66-83.58-2.37-13.25 1.01-19.53 10.99-21.58m232.87-136.5c-19.19-4.55-27.31-7.4-38.62-15.57-20.05-14.47-14.32-54.83-8.44-92.65 4.87-31.33 16.22-63 31.14-86.77 23.8-38 48.47-44.46 65-43.19C408.93 17.63 426 26.78 439 42.61c22.08 26.88 29.9 69.61 22 120.31-5.35 34.4-17.46 72.76-31.59 88.83s-35.13 12.44-48 10.56-25.05-4.23-40.82-7.97m63.69 40.5-108.89-22.46c-9.2-1.9-16.58 3.16-20 18.32-11.21 49.76 4.87 109.3 55.23 109.3 47.69 0 79.47-54.36 84.66-83.58 2.36-13.25-1.02-19.53-11-21.58\"><\/path>\n<\/svg><\/div><\/div>\n\n\n\n<p class=\"has-text-align-center\"><strong>LA SUITE ?<\/strong><\/p>\n\n\n\n<p>Sommes-nous en vacances ou pas? \ud83d\ude09 <\/p>\n\n\n\n<p>Nous d\u00e9cidons que oui, vu que ce mois de juillet est encore, merci Seigneur, couvert financi\u00e8rement par notre employeur, l&rsquo;Etat de Vaud.<\/p>\n\n\n\n<p>Nous en profitons alors de faire un peu de r\u00e9novation dans notre maison; nous commen\u00e7ons par le salon-salle \u00e0 manger qui a vraiment besoin d&rsquo;un nouveau sol. Yves a beaucoup et bien travaill\u00e9, malheureusement peu aid\u00e9 par Sab qui, voulant faire un peu de z\u00e8le en portant de lourdes charges, s&rsquo;est refait un lumbago&#8230; <\/p>\n\n\n\n<p>Mais un bon soutien moral fait toute la diff\u00e9rence et en 4 jours, c&rsquo;est fini!<\/p>\n\n\n\n<p>Nous mettons en action les d\u00e9marches administratives pour pouvoir \u00eatre ind\u00e9pendants. Ceci nous permettra d&rsquo;\u00eatre plus pr\u00e9cis et plus simples pour les dons et les soutiens financiers que nous recevrons.<\/p>\n\n\n\n<p>Nous profitons de vous remercier, vous qui nous avez promis de nous soutenir dans cette d\u00e9marche. Votre soutien est d\u00e9terminant pour nous.<\/p>\n\n\n\n<p>Nous devons \u00e9galement nous d\u00e9velopper nous-m\u00eames en tant que YSMINISTRY, chose pas forc\u00e9ment \u00e9vidente car nous avons l&rsquo;habitude de servir est pas trop de nous \u00ab\u00a0vendre\u00a0\u00bb. Nous sommes en route et c&rsquo;est l&rsquo;essentiel.<\/p>\n\n\n\n<div class=\"wp-block-boldblocks-icon-separator is-style-dots\" role=\"separator\"><div class=\"wp-block-boldblocks-icon-separator__inner icon-center is-align-center\" style=\"--bb-border:1px solid;--bb--icon-width:2em;--bb--icon-spacing:2em;--bb--icon-fill-color:var(--wp--preset--color--vivid-purple, #9b51e0)\"><svg xmlns=\"http:\/\/www.w3.org\/2000\/svg\" viewBox=\"0 0 20 20\">\n  <path d=\"m16 8.5 1.53 1.53-1.06 1.06L10 4.62l-6.47 6.47-1.06-1.06L10 2.5l4 4v-2h2zm-6-2.46 6 5.99V18H4v-5.97zM12 17v-5H8v5z\"><\/path>\n<\/svg><\/div><\/div>\n\n\n\n<p class=\"has-text-align-center has-vivid-purple-color has-text-color has-link-color wp-elements-e6487398d3dded069639a00ace0999b8\"><strong>FAMILLE<\/strong><\/p>\n\n\n\n<figure class=\"wp-block-image aligncenter size-full is-resized\"><img loading=\"lazy\" decoding=\"async\" width=\"985\" height=\"900\" src=\"https:\/\/ysministry.org\/site\/wp-content\/uploads\/2024\/08\/FLBX-60.png\" alt=\"\" class=\"wp-image-1341\" style=\"aspect-ratio:1;object-fit:cover;width:574px;height:auto\" srcset=\"https:\/\/ysministry.org\/site\/wp-content\/uploads\/2024\/08\/FLBX-60.png 985w, https:\/\/ysministry.org\/site\/wp-content\/uploads\/2024\/08\/FLBX-60-300x274.png 300w, https:\/\/ysministry.org\/site\/wp-content\/uploads\/2024\/08\/FLBX-60-768x702.png 768w\" sizes=\"auto, (max-width: 985px) 100vw, 985px\" \/><\/figure>\n\n\n\n<p>Nous avons aussi eu la joie de f\u00eater les 60 ans de la Brigade des Flambeaux de l&rsquo;Evangile, scouts confessionnels, dans laquelle \u0153uvrent nos 3 a\u00een\u00e9s Charl\u00e8ne et son mari Johan, et Romain. Cette journ\u00e9e anniversaire a eu lieu le samedi 20 juillet \u00e0 Rossini\u00e8re dans le Pays d&rsquo;En Haut. Nous avons pu revoir avec joie beaucoup d&rsquo;anciens amis c\u00f4toy\u00e9s alors que nous-m\u00eames \u00e9tions \u00e9claireur\u00b7se puis responsables au sein de cette Brigade; tout en admirant les superbes constructions faites pour cette occasion.<\/p>\n\n\n\n<p>En cette fin de mois de juillet, nous avons aid\u00e9 notre fils \u00e0 d\u00e9m\u00e9nager; il a trouv\u00e9 une colocation dans le village d&rsquo;\u00e0 c\u00f4t\u00e9.<\/p>\n\n\n\n<div class=\"wp-block-boldblocks-icon-separator is-style-wide\" role=\"separator\"><div class=\"wp-block-boldblocks-icon-separator__inner icon-center is-align-center\" style=\"--bb-border:1px solid;--bb--icon-width:2em;--bb--icon-spacing:2em;--bb--icon-fill-color:var(--wp--preset--color--mono-2, #64748B)\"><svg xmlns=\"http:\/\/www.w3.org\/2000\/svg\" viewBox=\"0 0 20 20\">\n  <path d=\"M16.68 9.77a4.54 4.54 0 0 1-4.95.99l-5.41 6.52c-.99.99-2.59.99-3.58 0s-.99-2.59 0-3.57l6.52-5.42c-.68-1.65-.35-3.61.99-4.95 1.28-1.28 3.12-1.62 4.72-1.06l-2.89 2.89 2.82 2.82 2.86-2.87c.53 1.58.18 3.39-1.08 4.65M3.81 16.21c.4.39 1.04.39 1.43 0 .4-.4.4-1.04 0-1.43-.39-.4-1.03-.4-1.43 0a1.02 1.02 0 0 0 0 1.43\"><\/path>\n<\/svg><\/div><\/div>\n\n\n\n<p class=\"has-text-align-center has-mono-2-color has-text-color has-link-color wp-elements-068e5e69a4169e6a48f8b0c39e6d45ec\"><strong>EN PR\u00c9PARATION<\/strong><\/p>\n\n\n\n<p>Alors que nous \u00e9crivons ces lignes, nous sommes le 1er ao\u00fbt, f\u00eate nationale suisse et \u00e9galement le d\u00e9but de notre belle aventure; le moment d&rsquo;apprendre, ou de r\u00e9apprendre, \u00e0 compter fid\u00e8lement sur notre Dieu qui pourvoit \u00e0 tous nos besoins.<\/p>\n\n\n\n<p>Nous ne ch\u00f4mons pas \ud83d\ude09, nous pr\u00e9parons<\/p>\n\n\n\n<ul class=\"wp-block-list\">\n<li>la rentr\u00e9e de l&rsquo;AIMG avec un institut de gu\u00e9rison en pr\u00e9sentiel 1x\/mois \u00e0 Gen\u00e8ve et avec une \u00e9cole du surnaturel 2x\/mois en ligne, tout en continuant de g\u00e9rer tous les \u00e9quipiers de pri\u00e8re.<\/li>\n\n\n\n<li>L&rsquo;\u00e9cole biblique Rhema a besoin aussi d&rsquo;avoir ses plannings faits pour les rentr\u00e9es des diff\u00e9rents Campus.<\/li>\n\n\n\n<li>L&rsquo;\u00e9glise locale CITYLIFE Vevey: continuer nos enseignements, pr\u00e9dications et oeuvrer \u00e0 de nouvelles responsabilit\u00e9s au sein de la Direction.<\/li>\n<\/ul>\n\n\n\n<p>Nous nous r\u00e9jouissons de d\u00e9marrer officiellement cette aventure le 31 ao\u00fbt avec nos familles et amis lors de la f\u00eate pr\u00e9par\u00e9e pour nos 30 ans de mariage.<\/p>\n\n\n\n<p>Merci Seigneur pour ta grande fid\u00e9lit\u00e9 durant ces 30 premi\u00e8res ann\u00e9es de vie \u00e0 2, nous savons combien tu es bon et combien tu prends soin de nous. Nous te donnons toute la gloire.<\/p>\n\n\n\n<figure class=\"wp-block-image aligncenter size-large is-resized\"><img loading=\"lazy\" decoding=\"async\" width=\"1024\" height=\"768\" src=\"https:\/\/ysministry.org\/site\/wp-content\/uploads\/2024\/08\/PHOTO-2024-08-05-16-36-17-1024x768.jpg\" alt=\"\" class=\"wp-image-1342\" style=\"width:809px;height:auto\" srcset=\"https:\/\/ysministry.org\/site\/wp-content\/uploads\/2024\/08\/PHOTO-2024-08-05-16-36-17-1024x768.jpg 1024w, https:\/\/ysministry.org\/site\/wp-content\/uploads\/2024\/08\/PHOTO-2024-08-05-16-36-17-300x225.jpg 300w, https:\/\/ysministry.org\/site\/wp-content\/uploads\/2024\/08\/PHOTO-2024-08-05-16-36-17-768x576.jpg 768w, https:\/\/ysministry.org\/site\/wp-content\/uploads\/2024\/08\/PHOTO-2024-08-05-16-36-17-1536x1152.jpg 1536w, https:\/\/ysministry.org\/site\/wp-content\/uploads\/2024\/08\/PHOTO-2024-08-05-16-36-17.jpg 1600w\" sizes=\"auto, (max-width: 1024px) 100vw, 1024px\" \/><figcaption class=\"wp-element-caption\">Avec Lucas BANOVIC: nous pr\u00e9parons tous les trois l&rsquo;institut de gu\u00e9rison de Gen\u00e8ve.<\/figcaption><\/figure>\n\n\n\n<div class=\"wp-block-boldblocks-icon-separator\" style=\"--bb--margin-top--sm:var(--bb--margin-top--lg);--bb--margin-bottom--sm:var(--bb--margin-bottom--lg);--bb--margin-top--md:var(--bb--margin-top--lg);--bb--margin-bottom--md:var(--bb--margin-bottom--lg);--bb--margin-top--lg:var(--wp--preset--spacing--superbspacing-xxsmall);--bb--margin-bottom--lg:var(--wp--preset--spacing--superbspacing-xxsmall)\" role=\"separator\"><div class=\"wp-block-boldblocks-icon-separator__inner icon-center is-align-center\" style=\"--bb-border:1px solid;--bb--icon-width:2em;--bb--icon-spacing:1em;--bb--icon-fill-color:var(--wp--preset--color--vivid-red, #cf2e2e)\"><svg xmlns=\"http:\/\/www.w3.org\/2000\/svg\" viewBox=\"0 0 512 512\">\n  <path d=\"M258.9 48C141.92 46.42 46.42 141.92 48 258.9c1.56 112.19 92.91 203.54 205.1 205.1 117 1.6 212.48-93.9 210.88-210.88C462.44 140.91 371.09 49.56 258.9 48m-3.68 152.11c.21-1.2.44-2.4.71-3.59a66.46 66.46 0 0 1 16.29-31.21c12.89-13.73 31.16-21.31 51.45-21.31a74 74 0 0 1 25.06 4.26 66.7 66.7 0 0 1 26.27 17.2 68.15 68.15 0 0 1 18 42.14 78.5 78.5 0 0 1 0 11.4 86.2 86.2 0 0 1-8.2 31q-.76 1.59-1.59 3.15c-1.11 2.07-2.3 4.1-3.58 6.06a79.5 79.5 0 0 1-8.63 11c-13.12 14-29.92 21.73-47.31 21.73a59.6 59.6 0 0 1-19.17-3.18 64 64 0 0 1-6.1-2.43 70.8 70.8 0 0 1-22.07-16.12 83.76 83.76 0 0 1-22-51.32q-.27-3.88-.18-7.68a75.6 75.6 0 0 1 1.05-11.08Zm-149.73 24.34a59.9 59.9 0 0 1 5.2-20.64 57 57 0 0 1 2.78-5.3 54.5 54.5 0 0 1 7.19-9.56 55.6 55.6 0 0 1 14-10.82 57 57 0 0 1 8.11-3.64 63.85 63.85 0 0 1 33.35-2.39 57 57 0 0 1 30.78 17 57.86 57.86 0 0 1 15.41 38.62c.05 2.11 0 4.23-.15 6.38a71.6 71.6 0 0 1-6 23.84 69.5 69.5 0 0 1-5.73 10.42 65.4 65.4 0 0 1-15.76 16.57c-1.5 1.07-3.06 2.07-4.67 3.07a54.2 54.2 0 0 1-10 4.65 49.3 49.3 0 0 1-16.2 2.76c-.93 0-1.86 0-2.78-.08a48 48 0 0 1-5.48-.62 51 51 0 0 1-5.35-1.23 53.5 53.5 0 0 1-7.72-2.89c-.84-.39-1.66-.8-2.48-1.23-18-9.49-31.57-29.16-34.23-52.12-.12-1.05-.22-2.1-.29-3.16a66.6 66.6 0 0 1 .02-9.63m53.92 178.6a177.27 177.27 0 0 1-61.94-70.65 4 4 0 0 1 1.62-5.26C117.67 316.69 141.4 311 163.82 311c17 0 30.7 2 42.69 5.88a8 8 0 0 1 2.59 13.77c-23.35 19-38.4 42.54-45.47 70.75a2.77 2.77 0 0 1-4.22 1.65M256 432a175.1 175.1 0 0 1-65.7-12.72 4 4 0 0 1-2.4-4.46c.4-2.05.84-3.92 1.23-5.48 7.12-28.43 24.76-52 51-68.18 23.29-14.35 53-22.25 83.52-22.25 31.16 0 60 7.58 83.48 21.91a2.72 2.72 0 0 1 .91 3.67A176.1 176.1 0 0 1 256 432\"><\/path>\n  <path d=\"M161 295.28a48 48 0 0 1-5.48-.62 48 48 0 0 0 5.48.62m-26.36-117.15a55.6 55.6 0 0 0-14 10.82 54.5 54.5 0 0 0-7.19 9.56 54.5 54.5 0 0 1 7.19-9.56 55.6 55.6 0 0 1 14-10.82m81.53 79.76a71.6 71.6 0 0 0 6-23.84c.15-2.15.2-4.27.15-6.38q.08 3.15-.15 6.38a71.6 71.6 0 0 1-6 23.84m-81.53-79.76a57 57 0 0 1 8.11-3.64 57 57 0 0 0-8.11 3.64m15.57 115.3a53.5 53.5 0 0 1-7.72-2.89 53.5 53.5 0 0 0 7.72 2.89m-44.43-56.24c2.66 23 16.26 42.63 34.23 52.12-18.01-9.49-31.57-29.16-34.23-52.12M254.34 219a83.76 83.76 0 0 0 22 51.32 70.8 70.8 0 0 0 22.07 16.12 70.8 70.8 0 0 1-22.07-16.12 83.76 83.76 0 0 1-22-51.32q-.27-3.88-.18-7.68-.09 3.75.18 7.68m50.16 69.82a64 64 0 0 1-6.1-2.43 64 64 0 0 0 6.1 2.43m-48.57-92.28a66.46 66.46 0 0 1 16.29-31.21 66.46 66.46 0 0 0-16.29 31.21M375 165.46a68.15 68.15 0 0 1 18 42.14 68.15 68.15 0 0 0-18-42.14 66.7 66.7 0 0 0-26.27-17.2 66.7 66.7 0 0 1 26.27 17.2M393 219a86.2 86.2 0 0 1-8.2 31 86.2 86.2 0 0 0 8.2-31m-138.84-7.73a75.6 75.6 0 0 1 1.06-11.14 75.6 75.6 0 0 0-1.06 11.14m-47.28-22.22a57.86 57.86 0 0 1 15.41 38.62 57.86 57.86 0 0 0-15.41-38.62 57 57 0 0 0-30.78-17 57 57 0 0 1 30.78 17M190 288a54.2 54.2 0 0 1-10 4.65 54.2 54.2 0 0 0 10-4.65m-84.51-63.55a59.9 59.9 0 0 1 5.2-20.64 59.9 59.9 0 0 0-5.2 20.64m89.19 60.43C193.17 286 191.61 287 190 288c1.61-1 3.17-2 4.68-3.12m21.49-26.99a69.5 69.5 0 0 1-5.73 10.42 69.5 69.5 0 0 0 5.73-10.42m-105.48-54.08a57 57 0 0 1 2.78-5.3 57 57 0 0 0-2.78 5.3m83.99 81.07a65.4 65.4 0 0 0 15.76-16.57 65.4 65.4 0 0 1-15.76 16.57\"><\/path>\n<\/svg><\/div><\/div>\n\n\n\n<p class=\"has-text-align-center\"><strong>Nos prochaines implications<\/strong><\/p>\n\n\n\n<p class=\"has-text-align-center has-superbfont-xxsmall-font-size\"><em>Cliquez pour en savoir plus ou vous inscrire<\/em> \ud83d\ude09<\/p>\n\n\n\n<div class=\"wp-block-columns is-layout-flex wp-container-core-columns-is-layout-28f84493 wp-block-columns-is-layout-flex\">\n<div class=\"wp-block-column is-layout-flow wp-block-column-is-layout-flow\">\n<figure class=\"wp-block-image size-large\"><a href=\"https:\/\/laguerison.org\/institut-de-guerison\/\"><img loading=\"lazy\" decoding=\"async\" width=\"1024\" height=\"576\" src=\"https:\/\/ysministry.org\/site\/wp-content\/uploads\/2024\/08\/Kit-Media-Institut-de-guerison-FR_000001-1024x576.jpg\" alt=\"\" class=\"wp-image-1360\" style=\"aspect-ratio:16\/9;object-fit:cover\" srcset=\"https:\/\/ysministry.org\/site\/wp-content\/uploads\/2024\/08\/Kit-Media-Institut-de-guerison-FR_000001-1024x576.jpg 1024w, https:\/\/ysministry.org\/site\/wp-content\/uploads\/2024\/08\/Kit-Media-Institut-de-guerison-FR_000001-300x169.jpg 300w, https:\/\/ysministry.org\/site\/wp-content\/uploads\/2024\/08\/Kit-Media-Institut-de-guerison-FR_000001-768x432.jpg 768w, https:\/\/ysministry.org\/site\/wp-content\/uploads\/2024\/08\/Kit-Media-Institut-de-guerison-FR_000001-1536x864.jpg 1536w, https:\/\/ysministry.org\/site\/wp-content\/uploads\/2024\/08\/Kit-Media-Institut-de-guerison-FR_000001-2048x1152.jpg 2048w\" sizes=\"auto, (max-width: 1024px) 100vw, 1024px\" \/><\/a><figcaption class=\"wp-element-caption\">L&rsquo;institut de gu\u00e9rison \u00e0 Gen\u00e8ve<\/figcaption><\/figure>\n<\/div>\n\n\n\n<div class=\"wp-block-column is-layout-flow wp-block-column-is-layout-flow\">\n<figure class=\"wp-block-image size-large\"><a href=\"https:\/\/formation.laguerison.org\/course\/ecole-du-surnaturel-2024-2025?_gl=1*1s8d6wk*_gcl_au*MTkxMTcwNzM5OS4xNzE4Nzg2MTAw*_ga*MTkwNTk4NzEwNC4xNjk1ODAyNjQ5*_ga_P6GVNSTZ73*MTcyMzAzODI3MS41LjEuMTcyMzAzODMzMC4wLjAuMA..*_ga_C214G16QN2*MTcyMzAzODI3MS4yLjEuMTcyMzAzODMzMC4wLjAuMA..\"><img loading=\"lazy\" decoding=\"async\" width=\"1024\" height=\"660\" src=\"https:\/\/ysministry.org\/site\/wp-content\/uploads\/2024\/08\/Capture-decran-2024-08-07-a-15.45.43-1024x660.png\" alt=\"\" class=\"wp-image-1361\" style=\"aspect-ratio:16\/9;object-fit:cover\" srcset=\"https:\/\/ysministry.org\/site\/wp-content\/uploads\/2024\/08\/Capture-decran-2024-08-07-a-15.45.43-1024x660.png 1024w, https:\/\/ysministry.org\/site\/wp-content\/uploads\/2024\/08\/Capture-decran-2024-08-07-a-15.45.43-300x193.png 300w, https:\/\/ysministry.org\/site\/wp-content\/uploads\/2024\/08\/Capture-decran-2024-08-07-a-15.45.43-768x495.png 768w, https:\/\/ysministry.org\/site\/wp-content\/uploads\/2024\/08\/Capture-decran-2024-08-07-a-15.45.43.png 1076w\" sizes=\"auto, (max-width: 1024px) 100vw, 1024px\" \/><\/a><figcaption class=\"wp-element-caption\">Ecole du Surnaturel en ligne<\/figcaption><\/figure>\n<\/div>\n<\/div>\n\n\n\n<p><\/p>\n","protected":false},"excerpt":{"rendered":"<p>La fin de l&rsquo;ann\u00e9e scolaire nous a pris beaucoup de notre temps. G\u00e9rer les notes, les moyennes, les sorties, les journ\u00e9es extraordinaires, les f\u00eates de fin d&rsquo;ann\u00e9e,&#8230; beaucoup de joie \u00e0 vivre ces \u00e9v\u00e8nements scolaires mais beaucoup de fatigue \u00e9galement. Nous disons au revoir \u00e0 nos coll\u00e8gues et \u00e0 nos \u00e9l\u00e8ves; oui, cette fois, c&rsquo;est [&hellip;]<\/p>\n","protected":false},"author":1,"featured_media":1333,"comment_status":"closed","ping_status":"closed","sticky":false,"template":"","format":"standard","meta":{"footnotes":""},"categories":[16,10,31],"tags":[],"class_list":["post-1331","post","type-post","status-publish","format-standard","has-post-thumbnail","hentry","category-aimg","category-citylife","category-news"],"_links":{"self":[{"href":"https:\/\/ysministry.org\/site\/wp-json\/wp\/v2\/posts\/1331","targetHints":{"allow":["GET"]}}],"collection":[{"href":"https:\/\/ysministry.org\/site\/wp-json\/wp\/v2\/posts"}],"about":[{"href":"https:\/\/ysministry.org\/site\/wp-json\/wp\/v2\/types\/post"}],"author":[{"embeddable":true,"href":"https:\/\/ysministry.org\/site\/wp-json\/wp\/v2\/users\/1"}],"replies":[{"embeddable":true,"href":"https:\/\/ysministry.org\/site\/wp-json\/wp\/v2\/comments?post=1331"}],"version-history":[{"count":8,"href":"https:\/\/ysministry.org\/site\/wp-json\/wp\/v2\/posts\/1331\/revisions"}],"predecessor-version":[{"id":1362,"href":"https:\/\/ysministry.org\/site\/wp-json\/wp\/v2\/posts\/1331\/revisions\/1362"}],"wp:featuredmedia":[{"embeddable":true,"href":"https:\/\/ysministry.org\/site\/wp-json\/wp\/v2\/media\/1333"}],"wp:attachment":[{"href":"https:\/\/ysministry.org\/site\/wp-json\/wp\/v2\/media?parent=1331"}],"wp:term":[{"taxonomy":"category","embeddable":true,"href":"https:\/\/ysministry.org\/site\/wp-json\/wp\/v2\/categories?post=1331"},{"taxonomy":"post_tag","embeddable":true,"href":"https:\/\/ysministry.org\/site\/wp-json\/wp\/v2\/tags?post=1331"}],"curies":[{"name":"wp","href":"https:\/\/api.w.org\/{rel}","templated":true}]}}