{"id":2240,"date":"2025-10-18T13:27:36","date_gmt":"2025-10-18T11:27:36","guid":{"rendered":"https:\/\/ysministry.org\/site\/?p=2240"},"modified":"2025-10-22T11:49:44","modified_gmt":"2025-10-22T09:49:44","slug":"formation-ministere-enfance","status":"publish","type":"post","link":"https:\/\/ysministry.org\/site\/formation-ministere-enfance\/","title":{"rendered":"FORMATION MINIST\u00c8RE ENFANCE"},"content":{"rendered":"\n<div class=\"wp-block-group has-ast-global-color-7-background-color has-background has-global-padding is-layout-constrained wp-container-core-group-is-layout-12243e0f wp-block-group-is-layout-constrained\">\n<figure class=\"wp-block-image size-large\"><a href=\"https:\/\/ysministry.org\/site\/wp-content\/uploads\/2025\/10\/ANNIONCES-169-1.png\"><img loading=\"lazy\" decoding=\"async\" width=\"1024\" height=\"576\" src=\"https:\/\/ysministry.org\/site\/wp-content\/uploads\/2025\/10\/ANNIONCES-169-1-1024x576.png\" alt=\"\" class=\"wp-image-2177\" srcset=\"https:\/\/ysministry.org\/site\/wp-content\/uploads\/2025\/10\/ANNIONCES-169-1-1024x576.png 1024w, https:\/\/ysministry.org\/site\/wp-content\/uploads\/2025\/10\/ANNIONCES-169-1-300x169.png 300w, https:\/\/ysministry.org\/site\/wp-content\/uploads\/2025\/10\/ANNIONCES-169-1-768x432.png 768w, https:\/\/ysministry.org\/site\/wp-content\/uploads\/2025\/10\/ANNIONCES-169-1-1536x864.png 1536w, https:\/\/ysministry.org\/site\/wp-content\/uploads\/2025\/10\/ANNIONCES-169-1-500x281.png 500w, https:\/\/ysministry.org\/site\/wp-content\/uploads\/2025\/10\/ANNIONCES-169-1-800x450.png 800w, https:\/\/ysministry.org\/site\/wp-content\/uploads\/2025\/10\/ANNIONCES-169-1-1280x720.png 1280w, https:\/\/ysministry.org\/site\/wp-content\/uploads\/2025\/10\/ANNIONCES-169-1.png 1920w\" sizes=\"auto, (max-width: 1024px) 100vw, 1024px\" \/><\/a><\/figure>\n\n\n\n<p>Nous allons donner une formation de base pour toutes personnes int\u00e9ress\u00e9es de pr\u00e8s ou de loin au minist\u00e8re de l&rsquo;enfance.<\/p>\n\n\n\n<p><strong>INFOS PRATIQUES<\/strong><\/p>\n\n\n\n<ul class=\"wp-block-list\">\n<li><strong>DATE: 9 novembre 2025<\/strong><\/li>\n\n\n\n<li><strong>LIEU: <\/strong>CAB vey, <a href=\"https:\/\/maps.app.goo.gl\/8payN3rcgycDd3NC6\">Rue des Bosquets 31, 1800 Vevey<\/a> (1er \u00e9tage, bureaux CityLife)<\/li>\n\n\n\n<li><strong>MAT\u00c9RIEL: <\/strong>Prenez votre pique-nique<\/li>\n<\/ul>\n\n\n\n<p>Une formation gratuite, le 12h30 \u00e0 16h00 dans les bureaux de notre \u00e9glise locale CityLife.<br>Toutes les infos pratiques sont dans l-&lsquo;e-mail de confirmation faisant suite \u00e0 votre inscription.<\/p>\n\n\n\n<p>Il s&rsquo;agit d&rsquo;une formation de base o\u00f9 nous allons survoler quelques th\u00e9matiques comme:<\/p>\n\n\n\n<ul class=\"wp-block-list\">\n<li>R\u00f4le et attentes d&rsquo;un moniteur<\/li>\n\n\n\n<li>Besoins sp\u00e9cifiques des enfants<\/li>\n\n\n\n<li>L&rsquo;importance des enfants selon la bible<\/li>\n\n\n\n<li>L&rsquo;interg\u00e9n\u00e9ration<\/li>\n<\/ul>\n\n\n\n<div class=\"wp-block-buttons is-content-justification-center is-layout-flex wp-container-core-buttons-is-layout-a89b3969 wp-block-buttons-is-layout-flex\">\n<div class=\"wp-block-button\"><a class=\"wp-block-button__link wp-element-button\" href=\"https:\/\/docs.google.com\/forms\/d\/e\/1FAIpQLSfuM4S_IDuP8FYfYJAPQVLZUqo8P6lMCWyGxy3hzeLeOg0tsw\/viewform\">JE M&rsquo;INSCRIS<\/a><\/div>\n<\/div>\n\n\n\n<div style=\"height:59px\" aria-hidden=\"true\" class=\"wp-block-spacer\"><\/div>\n<\/div>\n","protected":false},"excerpt":{"rendered":"<p>Nous allons donner une formation de base pour toutes personnes int\u00e9ress\u00e9es de pr\u00e8s ou de loin au minist\u00e8re de l&rsquo;enfance. INFOS PRATIQUES Une formation gratuite, le 12h30 \u00e0 16h00 dans les bureaux de notre \u00e9glise locale CityLife.Toutes les infos pratiques sont dans l-&lsquo;e-mail de confirmation faisant suite \u00e0 votre inscription. Il s&rsquo;agit d&rsquo;une formation de [&hellip;]<\/p>\n","protected":false},"author":1,"featured_media":2177,"comment_status":"closed","ping_status":"closed","sticky":false,"template":"","format":"standard","meta":{"footnotes":""},"categories":[69],"tags":[],"class_list":["post-2240","post","type-post","status-publish","format-standard","has-post-thumbnail","hentry","category-annonce"],"_links":{"self":[{"href":"https:\/\/ysministry.org\/site\/wp-json\/wp\/v2\/posts\/2240","targetHints":{"allow":["GET"]}}],"collection":[{"href":"https:\/\/ysministry.org\/site\/wp-json\/wp\/v2\/posts"}],"about":[{"href":"https:\/\/ysministry.org\/site\/wp-json\/wp\/v2\/types\/post"}],"author":[{"embeddable":true,"href":"https:\/\/ysministry.org\/site\/wp-json\/wp\/v2\/users\/1"}],"replies":[{"embeddable":true,"href":"https:\/\/ysministry.org\/site\/wp-json\/wp\/v2\/comments?post=2240"}],"version-history":[{"count":5,"href":"https:\/\/ysministry.org\/site\/wp-json\/wp\/v2\/posts\/2240\/revisions"}],"predecessor-version":[{"id":2375,"href":"https:\/\/ysministry.org\/site\/wp-json\/wp\/v2\/posts\/2240\/revisions\/2375"}],"wp:featuredmedia":[{"embeddable":true,"href":"https:\/\/ysministry.org\/site\/wp-json\/wp\/v2\/media\/2177"}],"wp:attachment":[{"href":"https:\/\/ysministry.org\/site\/wp-json\/wp\/v2\/media?parent=2240"}],"wp:term":[{"taxonomy":"category","embeddable":true,"href":"https:\/\/ysministry.org\/site\/wp-json\/wp\/v2\/categories?post=2240"},{"taxonomy":"post_tag","embeddable":true,"href":"https:\/\/ysministry.org\/site\/wp-json\/wp\/v2\/tags?post=2240"}],"curies":[{"name":"wp","href":"https:\/\/api.w.org\/{rel}","templated":true}]}}