{"id":690,"date":"2023-12-31T18:15:38","date_gmt":"2023-12-31T17:15:38","guid":{"rendered":"https:\/\/ysministry.org\/site\/?p=690"},"modified":"2024-01-01T11:07:18","modified_gmt":"2024-01-01T10:07:18","slug":"%f0%9f%8c%9f-2024-nous-voila-%f0%9f%92%aa","status":"publish","type":"post","link":"https:\/\/ysministry.org\/site\/%f0%9f%8c%9f-2024-nous-voila-%f0%9f%92%aa\/","title":{"rendered":"\ud83c\udf1f 2024 nous voil\u00e0 \ud83d\udcaa"},"content":{"rendered":"\n<div class=\"wp-block-group has-global-padding is-layout-constrained wp-block-group-is-layout-constrained\"><figure class=\"wp-block-post-featured-image\"><img loading=\"lazy\" decoding=\"async\" width=\"2560\" height=\"1920\" src=\"https:\/\/ysministry.org\/site\/wp-content\/uploads\/2023\/12\/IMG_1358.jpeg\" class=\"attachment-post-thumbnail size-post-thumbnail wp-post-image\" alt=\"\" style=\"object-fit:cover;\" srcset=\"https:\/\/ysministry.org\/site\/wp-content\/uploads\/2023\/12\/IMG_1358.jpeg 2560w, https:\/\/ysministry.org\/site\/wp-content\/uploads\/2023\/12\/IMG_1358-300x225.jpeg 300w, https:\/\/ysministry.org\/site\/wp-content\/uploads\/2023\/12\/IMG_1358-1024x768.jpeg 1024w, https:\/\/ysministry.org\/site\/wp-content\/uploads\/2023\/12\/IMG_1358-768x576.jpeg 768w, https:\/\/ysministry.org\/site\/wp-content\/uploads\/2023\/12\/IMG_1358-1536x1152.jpeg 1536w, https:\/\/ysministry.org\/site\/wp-content\/uploads\/2023\/12\/IMG_1358-2048x1536.jpeg 2048w\" sizes=\"auto, (max-width: 2560px) 100vw, 2560px\" \/><\/figure>\n\n\n<p><br>Nous voici \u00e0 la porte de 2024 et nous tenions \u00e0 te souhaiter une merveilleuse nouvelle ann\u00e9e 2024. Nous croyons que Dieu a des b\u00e9n\u00e9dictions r\u00e9serv\u00e9es pour toi et les tiens; que le meilleur est devant! \u2028<br>\u2028<br>Nous t&rsquo;\u00e9crivons depuis un village des montagnes suisses o\u00f9 nous prenons quelques jours pour nous poser, reposer, prier et r\u00e9fl\u00e9chir \u00e0 cet avenir. \u2028<br><\/p>\n\n\n\n<figure class=\"wp-block-image aligncenter size-large\"><img loading=\"lazy\" decoding=\"async\" width=\"1024\" height=\"576\" src=\"https:\/\/ysministry.org\/site\/wp-content\/uploads\/2023\/12\/89HGTp6-021largestimage3FMaxSize3DImageSizeX4Large-1024x576.jpg\" alt=\"\" class=\"wp-image-694\" srcset=\"https:\/\/ysministry.org\/site\/wp-content\/uploads\/2023\/12\/89HGTp6-021largestimage3FMaxSize3DImageSizeX4Large-1024x576.jpg 1024w, https:\/\/ysministry.org\/site\/wp-content\/uploads\/2023\/12\/89HGTp6-021largestimage3FMaxSize3DImageSizeX4Large-300x169.jpg 300w, https:\/\/ysministry.org\/site\/wp-content\/uploads\/2023\/12\/89HGTp6-021largestimage3FMaxSize3DImageSizeX4Large-768x432.jpg 768w, https:\/\/ysministry.org\/site\/wp-content\/uploads\/2023\/12\/89HGTp6-021largestimage3FMaxSize3DImageSizeX4Large-1536x864.jpg 1536w, https:\/\/ysministry.org\/site\/wp-content\/uploads\/2023\/12\/89HGTp6-021largestimage3FMaxSize3DImageSizeX4Large.jpg 2048w\" sizes=\"auto, (max-width: 1024px) 100vw, 1024px\" \/><figcaption class=\"wp-element-caption\">En plein travail &#8230;<\/figcaption><\/figure>\n\n\n\n<p>Notre Seigneur est bon et nous savons qu&rsquo;Il guide chacun de tes pas sur le sentier de la vie, tout comme il le fait pour nous deux et notre famille.<br><\/p>\n\n\n\n<blockquote class=\"wp-block-quote is-layout-flow wp-block-quote-is-layout-flow\">\n<p>\u00ab Je te rends perspicace, je t\u2019enseigne sur cette route o\u00f9 tu vas, je te conseille, mon oeil sur toi. \u00bb Psaume 32:8 (version Chouraqui)<\/p>\n<\/blockquote>\n\n\n\n<p>Nous sommes si reconnaissants de te savoir \u00e0 nos c\u00f4t\u00e9s par la pri\u00e8re et par ta pr\u00e9cieuse amiti\u00e9. Nous remercions le Seigneur pour sa grande fid\u00e9lit\u00e9 et sommes confiants qu\u2019Il pourvoit \u00e0 tous nos besoins avec gr\u00e2ce et g\u00e9n\u00e9rosit\u00e9.\u2028<br>\u2028<br>Voici une r\u00e9trospective en images de ce que nous avons pu vivre en 2023.<\/p>\n\n\n\n<p>Pour voir nos activit\u00e9s futures, nous avons mis en place une section <a href=\"https:\/\/ysministry.org\/site\/agenda\/\" data-type=\"page\" data-id=\"528\"><strong>=> AGENDA<\/strong><\/a>, profitez d&rsquo;aller la regarder.<\/p>\n\n\n\n<figure class=\"wp-block-gallery has-nested-images columns-3 is-cropped wp-block-gallery-1 is-layout-flex wp-block-gallery-is-layout-flex\">\n<figure class=\"wp-block-image size-large\"><a href=\"https:\/\/ysministry.org\/site\/wp-content\/uploads\/2023\/12\/NANTES-2023.jpeg\"><img loading=\"lazy\" decoding=\"async\" width=\"1024\" height=\"576\" data-id=\"709\" src=\"https:\/\/ysministry.org\/site\/wp-content\/uploads\/2023\/12\/NANTES-2023-1024x576.jpeg\" alt=\"\" class=\"wp-image-709\" srcset=\"https:\/\/ysministry.org\/site\/wp-content\/uploads\/2023\/12\/NANTES-2023-1024x576.jpeg 1024w, https:\/\/ysministry.org\/site\/wp-content\/uploads\/2023\/12\/NANTES-2023-300x169.jpeg 300w, https:\/\/ysministry.org\/site\/wp-content\/uploads\/2023\/12\/NANTES-2023-768x432.jpeg 768w, https:\/\/ysministry.org\/site\/wp-content\/uploads\/2023\/12\/NANTES-2023-1536x864.jpeg 1536w, https:\/\/ysministry.org\/site\/wp-content\/uploads\/2023\/12\/NANTES-2023.jpeg 2048w\" sizes=\"auto, (max-width: 1024px) 100vw, 1024px\" \/><\/a><figcaption class=\"wp-element-caption\">2023-Fev. Rhema Nantes-Cours gu\u00e9rison<\/figcaption><\/figure>\n\n\n\n<figure class=\"wp-block-image size-large\"><a href=\"https:\/\/ysministry.org\/site\/wp-content\/uploads\/2023\/12\/IMG_4637-scaled.jpeg\"><img loading=\"lazy\" decoding=\"async\" width=\"1024\" height=\"768\" data-id=\"705\" src=\"https:\/\/ysministry.org\/site\/wp-content\/uploads\/2023\/12\/IMG_4637-1024x768.jpeg\" alt=\"\" class=\"wp-image-705\" srcset=\"https:\/\/ysministry.org\/site\/wp-content\/uploads\/2023\/12\/IMG_4637-1024x768.jpeg 1024w, https:\/\/ysministry.org\/site\/wp-content\/uploads\/2023\/12\/IMG_4637-300x225.jpeg 300w, https:\/\/ysministry.org\/site\/wp-content\/uploads\/2023\/12\/IMG_4637-768x576.jpeg 768w, https:\/\/ysministry.org\/site\/wp-content\/uploads\/2023\/12\/IMG_4637-1536x1152.jpeg 1536w, https:\/\/ysministry.org\/site\/wp-content\/uploads\/2023\/12\/IMG_4637-2048x1536.jpeg 2048w\" sizes=\"auto, (max-width: 1024px) 100vw, 1024px\" \/><\/a><figcaption class=\"wp-element-caption\">2023-Avr. Rhema Marseille &#8211; Cours gu\u00e9rison<\/figcaption><\/figure>\n\n\n\n<figure class=\"wp-block-image size-large\"><a href=\"https:\/\/ysministry.org\/site\/wp-content\/uploads\/2023\/12\/659147b0f06c98ae4b9522f34dd0950d.jpeg\"><img loading=\"lazy\" decoding=\"async\" width=\"1024\" height=\"769\" data-id=\"700\" src=\"https:\/\/ysministry.org\/site\/wp-content\/uploads\/2023\/12\/659147b0f06c98ae4b9522f34dd0950d-1024x769.jpeg\" alt=\"\" class=\"wp-image-700\" srcset=\"https:\/\/ysministry.org\/site\/wp-content\/uploads\/2023\/12\/659147b0f06c98ae4b9522f34dd0950d-1024x769.jpeg 1024w, https:\/\/ysministry.org\/site\/wp-content\/uploads\/2023\/12\/659147b0f06c98ae4b9522f34dd0950d-300x225.jpeg 300w, https:\/\/ysministry.org\/site\/wp-content\/uploads\/2023\/12\/659147b0f06c98ae4b9522f34dd0950d-768x576.jpeg 768w, https:\/\/ysministry.org\/site\/wp-content\/uploads\/2023\/12\/659147b0f06c98ae4b9522f34dd0950d-1536x1153.jpeg 1536w, https:\/\/ysministry.org\/site\/wp-content\/uploads\/2023\/12\/659147b0f06c98ae4b9522f34dd0950d.jpeg 1580w\" sizes=\"auto, (max-width: 1024px) 100vw, 1024px\" \/><\/a><figcaption class=\"wp-element-caption\">2023-Mai. PR\u00c9SENCE AIMG avec notre \u00e9quipe<\/figcaption><\/figure>\n\n\n\n<figure class=\"wp-block-image size-large\"><a href=\"https:\/\/ysministry.org\/site\/wp-content\/uploads\/2023\/12\/6b97173f-5c3f-4eba-8843-4599e0a6b25b.jpeg\"><img loading=\"lazy\" decoding=\"async\" width=\"1024\" height=\"768\" data-id=\"696\" src=\"https:\/\/ysministry.org\/site\/wp-content\/uploads\/2023\/12\/6b97173f-5c3f-4eba-8843-4599e0a6b25b-1024x768.jpeg\" alt=\"\" class=\"wp-image-696\" srcset=\"https:\/\/ysministry.org\/site\/wp-content\/uploads\/2023\/12\/6b97173f-5c3f-4eba-8843-4599e0a6b25b-1024x768.jpeg 1024w, https:\/\/ysministry.org\/site\/wp-content\/uploads\/2023\/12\/6b97173f-5c3f-4eba-8843-4599e0a6b25b-300x225.jpeg 300w, https:\/\/ysministry.org\/site\/wp-content\/uploads\/2023\/12\/6b97173f-5c3f-4eba-8843-4599e0a6b25b-768x576.jpeg 768w, https:\/\/ysministry.org\/site\/wp-content\/uploads\/2023\/12\/6b97173f-5c3f-4eba-8843-4599e0a6b25b-1536x1152.jpeg 1536w, https:\/\/ysministry.org\/site\/wp-content\/uploads\/2023\/12\/6b97173f-5c3f-4eba-8843-4599e0a6b25b.jpeg 2048w\" sizes=\"auto, (max-width: 1024px) 100vw, 1024px\" \/><\/a><figcaption class=\"wp-element-caption\">2023-juin. Enseignement \u00e0 plus de 300 enfants<\/figcaption><\/figure>\n\n\n\n<figure class=\"wp-block-image size-large\"><a href=\"https:\/\/ysministry.org\/site\/wp-content\/uploads\/2023\/12\/IMG_5010-scaled.jpeg\"><img loading=\"lazy\" decoding=\"async\" width=\"1024\" height=\"768\" data-id=\"706\" src=\"https:\/\/ysministry.org\/site\/wp-content\/uploads\/2023\/12\/IMG_5010-1024x768.jpeg\" alt=\"\" class=\"wp-image-706\" srcset=\"https:\/\/ysministry.org\/site\/wp-content\/uploads\/2023\/12\/IMG_5010-1024x768.jpeg 1024w, https:\/\/ysministry.org\/site\/wp-content\/uploads\/2023\/12\/IMG_5010-300x225.jpeg 300w, https:\/\/ysministry.org\/site\/wp-content\/uploads\/2023\/12\/IMG_5010-768x576.jpeg 768w, https:\/\/ysministry.org\/site\/wp-content\/uploads\/2023\/12\/IMG_5010-1536x1152.jpeg 1536w, https:\/\/ysministry.org\/site\/wp-content\/uploads\/2023\/12\/IMG_5010-2048x1536.jpeg 2048w\" sizes=\"auto, (max-width: 1024px) 100vw, 1024px\" \/><\/a><figcaption class=\"wp-element-caption\">2023-juin. CityLife-Cours Pri\u00e8re<\/figcaption><\/figure>\n\n\n\n<figure class=\"wp-block-image size-large\"><a href=\"https:\/\/ysministry.org\/site\/wp-content\/uploads\/2023\/12\/54bc1326-5098-4d41-8d69-a6f19a346f62.jpeg\"><img loading=\"lazy\" decoding=\"async\" width=\"1024\" height=\"577\" data-id=\"699\" src=\"https:\/\/ysministry.org\/site\/wp-content\/uploads\/2023\/12\/54bc1326-5098-4d41-8d69-a6f19a346f62-1024x577.jpeg\" alt=\"\" class=\"wp-image-699\" srcset=\"https:\/\/ysministry.org\/site\/wp-content\/uploads\/2023\/12\/54bc1326-5098-4d41-8d69-a6f19a346f62-1024x577.jpeg 1024w, https:\/\/ysministry.org\/site\/wp-content\/uploads\/2023\/12\/54bc1326-5098-4d41-8d69-a6f19a346f62-300x169.jpeg 300w, https:\/\/ysministry.org\/site\/wp-content\/uploads\/2023\/12\/54bc1326-5098-4d41-8d69-a6f19a346f62-768x432.jpeg 768w, https:\/\/ysministry.org\/site\/wp-content\/uploads\/2023\/12\/54bc1326-5098-4d41-8d69-a6f19a346f62-1536x865.jpeg 1536w, https:\/\/ysministry.org\/site\/wp-content\/uploads\/2023\/12\/54bc1326-5098-4d41-8d69-a6f19a346f62.jpeg 2048w\" sizes=\"auto, (max-width: 1024px) 100vw, 1024px\" \/><\/a><figcaption class=\"wp-element-caption\">2023-juil. Retraite AIMG<\/figcaption><\/figure>\n\n\n\n<figure class=\"wp-block-image size-large\"><a href=\"https:\/\/ysministry.org\/site\/wp-content\/uploads\/2023\/12\/IMG_5439-scaled.jpeg\"><img loading=\"lazy\" decoding=\"async\" width=\"1024\" height=\"768\" data-id=\"707\" src=\"https:\/\/ysministry.org\/site\/wp-content\/uploads\/2023\/12\/IMG_5439-1024x768.jpeg\" alt=\"\" class=\"wp-image-707\" srcset=\"https:\/\/ysministry.org\/site\/wp-content\/uploads\/2023\/12\/IMG_5439-1024x768.jpeg 1024w, https:\/\/ysministry.org\/site\/wp-content\/uploads\/2023\/12\/IMG_5439-300x225.jpeg 300w, https:\/\/ysministry.org\/site\/wp-content\/uploads\/2023\/12\/IMG_5439-768x576.jpeg 768w, https:\/\/ysministry.org\/site\/wp-content\/uploads\/2023\/12\/IMG_5439-1536x1152.jpeg 1536w, https:\/\/ysministry.org\/site\/wp-content\/uploads\/2023\/12\/IMG_5439-2048x1536.jpeg 2048w\" sizes=\"auto, (max-width: 1024px) 100vw, 1024px\" \/><\/a><figcaption class=\"wp-element-caption\">2023-aout Vacances Italie <\/figcaption><\/figure>\n\n\n\n<figure class=\"wp-block-image size-large\"><a href=\"https:\/\/ysministry.org\/site\/wp-content\/uploads\/2023\/12\/IMG_5533-scaled.jpeg\"><img loading=\"lazy\" decoding=\"async\" width=\"1024\" height=\"768\" data-id=\"708\" src=\"https:\/\/ysministry.org\/site\/wp-content\/uploads\/2023\/12\/IMG_5533-1024x768.jpeg\" alt=\"\" class=\"wp-image-708\" srcset=\"https:\/\/ysministry.org\/site\/wp-content\/uploads\/2023\/12\/IMG_5533-1024x768.jpeg 1024w, https:\/\/ysministry.org\/site\/wp-content\/uploads\/2023\/12\/IMG_5533-300x225.jpeg 300w, https:\/\/ysministry.org\/site\/wp-content\/uploads\/2023\/12\/IMG_5533-768x576.jpeg 768w, https:\/\/ysministry.org\/site\/wp-content\/uploads\/2023\/12\/IMG_5533-1536x1152.jpeg 1536w, https:\/\/ysministry.org\/site\/wp-content\/uploads\/2023\/12\/IMG_5533-2048x1536.jpeg 2048w\" sizes=\"auto, (max-width: 1024px) 100vw, 1024px\" \/><\/a><figcaption class=\"wp-element-caption\">2023-aout. Pr\u00e9dication Avenches<\/figcaption><\/figure>\n\n\n\n<figure class=\"wp-block-image size-large\"><a href=\"https:\/\/ysministry.org\/site\/wp-content\/uploads\/2023\/12\/IMG_3631-scaled.jpeg\"><img loading=\"lazy\" decoding=\"async\" width=\"1024\" height=\"576\" data-id=\"701\" src=\"https:\/\/ysministry.org\/site\/wp-content\/uploads\/2023\/12\/IMG_3631-1024x576.jpeg\" alt=\"\" class=\"wp-image-701\" srcset=\"https:\/\/ysministry.org\/site\/wp-content\/uploads\/2023\/12\/IMG_3631-1024x576.jpeg 1024w, https:\/\/ysministry.org\/site\/wp-content\/uploads\/2023\/12\/IMG_3631-300x169.jpeg 300w, https:\/\/ysministry.org\/site\/wp-content\/uploads\/2023\/12\/IMG_3631-768x432.jpeg 768w, https:\/\/ysministry.org\/site\/wp-content\/uploads\/2023\/12\/IMG_3631-1536x864.jpeg 1536w, https:\/\/ysministry.org\/site\/wp-content\/uploads\/2023\/12\/IMG_3631-2048x1152.jpeg 2048w\" sizes=\"auto, (max-width: 1024px) 100vw, 1024px\" \/><\/a><figcaption class=\"wp-element-caption\">2023-oct. WE Rhema avec Timo ANZALONE<\/figcaption><\/figure>\n\n\n\n<figure class=\"wp-block-image size-large\"><a href=\"https:\/\/ysministry.org\/site\/wp-content\/uploads\/2023\/12\/7ef58417-0380-4752-a8f4-835eaf34b29b.jpeg\"><img loading=\"lazy\" decoding=\"async\" width=\"1024\" height=\"768\" data-id=\"697\" src=\"https:\/\/ysministry.org\/site\/wp-content\/uploads\/2023\/12\/7ef58417-0380-4752-a8f4-835eaf34b29b-1024x768.jpeg\" alt=\"\" class=\"wp-image-697\" srcset=\"https:\/\/ysministry.org\/site\/wp-content\/uploads\/2023\/12\/7ef58417-0380-4752-a8f4-835eaf34b29b-1024x768.jpeg 1024w, https:\/\/ysministry.org\/site\/wp-content\/uploads\/2023\/12\/7ef58417-0380-4752-a8f4-835eaf34b29b-300x225.jpeg 300w, https:\/\/ysministry.org\/site\/wp-content\/uploads\/2023\/12\/7ef58417-0380-4752-a8f4-835eaf34b29b-768x576.jpeg 768w, https:\/\/ysministry.org\/site\/wp-content\/uploads\/2023\/12\/7ef58417-0380-4752-a8f4-835eaf34b29b-1536x1152.jpeg 1536w, https:\/\/ysministry.org\/site\/wp-content\/uploads\/2023\/12\/7ef58417-0380-4752-a8f4-835eaf34b29b.jpeg 2048w\" sizes=\"auto, (max-width: 1024px) 100vw, 1024px\" \/><\/a><figcaption class=\"wp-element-caption\">2023-avr-juil-oct. Pr\u00e9dications CityLife<\/figcaption><\/figure>\n\n\n\n<figure class=\"wp-block-image size-large\"><a href=\"https:\/\/ysministry.org\/site\/wp-content\/uploads\/2023\/12\/IMG_3656-scaled.jpeg\"><img loading=\"lazy\" decoding=\"async\" width=\"1024\" height=\"576\" data-id=\"702\" src=\"https:\/\/ysministry.org\/site\/wp-content\/uploads\/2023\/12\/IMG_3656-1024x576.jpeg\" alt=\"\" class=\"wp-image-702\" srcset=\"https:\/\/ysministry.org\/site\/wp-content\/uploads\/2023\/12\/IMG_3656-1024x576.jpeg 1024w, https:\/\/ysministry.org\/site\/wp-content\/uploads\/2023\/12\/IMG_3656-300x169.jpeg 300w, https:\/\/ysministry.org\/site\/wp-content\/uploads\/2023\/12\/IMG_3656-768x432.jpeg 768w, https:\/\/ysministry.org\/site\/wp-content\/uploads\/2023\/12\/IMG_3656-1536x864.jpeg 1536w, https:\/\/ysministry.org\/site\/wp-content\/uploads\/2023\/12\/IMG_3656-2048x1152.jpeg 2048w\" sizes=\"auto, (max-width: 1024px) 100vw, 1024px\" \/><\/a><figcaption class=\"wp-element-caption\">2023-oct. Retraite CityLife \u00e0 Bordeaux<\/figcaption><\/figure>\n\n\n\n<figure class=\"wp-block-image size-large\"><a href=\"https:\/\/ysministry.org\/site\/wp-content\/uploads\/2023\/12\/IMG_4023-scaled.jpeg\"><img loading=\"lazy\" decoding=\"async\" width=\"1024\" height=\"683\" data-id=\"703\" src=\"https:\/\/ysministry.org\/site\/wp-content\/uploads\/2023\/12\/IMG_4023-1024x683.jpeg\" alt=\"\" class=\"wp-image-703\" srcset=\"https:\/\/ysministry.org\/site\/wp-content\/uploads\/2023\/12\/IMG_4023-1024x683.jpeg 1024w, https:\/\/ysministry.org\/site\/wp-content\/uploads\/2023\/12\/IMG_4023-300x200.jpeg 300w, https:\/\/ysministry.org\/site\/wp-content\/uploads\/2023\/12\/IMG_4023-768x512.jpeg 768w, https:\/\/ysministry.org\/site\/wp-content\/uploads\/2023\/12\/IMG_4023-1536x1024.jpeg 1536w, https:\/\/ysministry.org\/site\/wp-content\/uploads\/2023\/12\/IMG_4023-2048x1365.jpeg 2048w\" sizes=\"auto, (max-width: 1024px) 100vw, 1024px\" \/><\/a><figcaption class=\"wp-element-caption\">2023-oct. Rhema Oron-Cours enfants<\/figcaption><\/figure>\n\n\n\n<figure class=\"wp-block-image size-large\"><a href=\"https:\/\/ysministry.org\/site\/wp-content\/uploads\/2023\/12\/29d7fbf5-0dbe-4de0-86dd-1de15e533453.jpeg\"><img loading=\"lazy\" decoding=\"async\" width=\"1024\" height=\"576\" data-id=\"698\" src=\"https:\/\/ysministry.org\/site\/wp-content\/uploads\/2023\/12\/29d7fbf5-0dbe-4de0-86dd-1de15e533453-1024x576.jpeg\" alt=\"\" class=\"wp-image-698\" srcset=\"https:\/\/ysministry.org\/site\/wp-content\/uploads\/2023\/12\/29d7fbf5-0dbe-4de0-86dd-1de15e533453-1024x576.jpeg 1024w, https:\/\/ysministry.org\/site\/wp-content\/uploads\/2023\/12\/29d7fbf5-0dbe-4de0-86dd-1de15e533453-300x169.jpeg 300w, https:\/\/ysministry.org\/site\/wp-content\/uploads\/2023\/12\/29d7fbf5-0dbe-4de0-86dd-1de15e533453-768x432.jpeg 768w, https:\/\/ysministry.org\/site\/wp-content\/uploads\/2023\/12\/29d7fbf5-0dbe-4de0-86dd-1de15e533453-1536x864.jpeg 1536w, https:\/\/ysministry.org\/site\/wp-content\/uploads\/2023\/12\/29d7fbf5-0dbe-4de0-86dd-1de15e533453.jpeg 1920w\" sizes=\"auto, (max-width: 1024px) 100vw, 1024px\" \/><\/a><figcaption class=\"wp-element-caption\">2023-nov. CityLife-Cours servir<\/figcaption><\/figure>\n\n\n\n<figure class=\"wp-block-image size-large\"><a href=\"https:\/\/ysministry.org\/site\/wp-content\/uploads\/2023\/12\/IMG_4023-2-scaled.jpeg\"><img loading=\"lazy\" decoding=\"async\" width=\"1024\" height=\"576\" data-id=\"704\" src=\"https:\/\/ysministry.org\/site\/wp-content\/uploads\/2023\/12\/IMG_4023-2-1024x576.jpeg\" alt=\"\" class=\"wp-image-704\" srcset=\"https:\/\/ysministry.org\/site\/wp-content\/uploads\/2023\/12\/IMG_4023-2-1024x576.jpeg 1024w, https:\/\/ysministry.org\/site\/wp-content\/uploads\/2023\/12\/IMG_4023-2-300x169.jpeg 300w, https:\/\/ysministry.org\/site\/wp-content\/uploads\/2023\/12\/IMG_4023-2-768x432.jpeg 768w, https:\/\/ysministry.org\/site\/wp-content\/uploads\/2023\/12\/IMG_4023-2-1536x864.jpeg 1536w, https:\/\/ysministry.org\/site\/wp-content\/uploads\/2023\/12\/IMG_4023-2-2048x1152.jpeg 2048w\" sizes=\"auto, (max-width: 1024px) 100vw, 1024px\" \/><\/a><figcaption class=\"wp-element-caption\">2023-Ecole du Surnaturel en ligne<\/figcaption><\/figure>\n\n\n\n<figure class=\"wp-block-image size-large\"><a href=\"https:\/\/ysministry.org\/site\/wp-content\/uploads\/2023\/12\/YZ_L1790-scaled.jpeg\"><img loading=\"lazy\" decoding=\"async\" width=\"1024\" height=\"683\" data-id=\"710\" src=\"https:\/\/ysministry.org\/site\/wp-content\/uploads\/2023\/12\/YZ_L1790-1024x683.jpeg\" alt=\"\" class=\"wp-image-710\" srcset=\"https:\/\/ysministry.org\/site\/wp-content\/uploads\/2023\/12\/YZ_L1790-1024x683.jpeg 1024w, https:\/\/ysministry.org\/site\/wp-content\/uploads\/2023\/12\/YZ_L1790-300x200.jpeg 300w, https:\/\/ysministry.org\/site\/wp-content\/uploads\/2023\/12\/YZ_L1790-768x512.jpeg 768w, https:\/\/ysministry.org\/site\/wp-content\/uploads\/2023\/12\/YZ_L1790-1536x1024.jpeg 1536w, https:\/\/ysministry.org\/site\/wp-content\/uploads\/2023\/12\/YZ_L1790-2048x1365.jpeg 2048w\" sizes=\"auto, (max-width: 1024px) 100vw, 1024px\" \/><\/a><figcaption class=\"wp-element-caption\">2023-nov. AIMG-Paris-Revival School<\/figcaption><\/figure>\n<\/figure>\n\n\n\n<p>Merci \u00e0 toutes les personnes qui prient pour nous, qui nous soutiennent. Vous \u00eates tellement pr\u00e9cieux \u00e0 nous yeux.<\/p>\n\n\n\n<p>Nous voulons encore vous adresser nous meilleurs v\u0153ux de b\u00e9n\u00e9dictions, de sant\u00e9, de prosp\u00e9rit\u00e9 pour cette ann\u00e9e 2024.<\/p>\n\n\n\n<p>Nous vous aimons et J\u00e9sus aussi !<\/p>\n<\/div>\n","protected":false},"excerpt":{"rendered":"<p>Nous voici \u00e0 la porte de 2024 et nous tenions \u00e0 te souhaiter une merveilleuse nouvelle ann\u00e9e 2024. Nous croyons que Dieu a des b\u00e9n\u00e9dictions r\u00e9serv\u00e9es pour toi et les tiens; que le meilleur est devant! \u2028\u2028Nous t&rsquo;\u00e9crivons depuis un village des montagnes suisses o\u00f9 nous prenons quelques jours pour nous poser, reposer, prier et [&hellip;]<\/p>\n","protected":false},"author":1,"featured_media":692,"comment_status":"closed","ping_status":"open","sticky":false,"template":"","format":"standard","meta":{"footnotes":""},"categories":[16,10,14,18,12,31,17,11,25,22,26],"tags":[],"class_list":["post-690","post","type-post","status-publish","format-standard","has-post-thumbnail","hentry","category-aimg","category-citylife","category-enseignement","category-equipiers-priere","category-formation","category-news","category-presence","category-rhema","category-rhemamarseille","category-rhemanantes","category-rhemasuisse"],"_links":{"self":[{"href":"https:\/\/ysministry.org\/site\/wp-json\/wp\/v2\/posts\/690","targetHints":{"allow":["GET"]}}],"collection":[{"href":"https:\/\/ysministry.org\/site\/wp-json\/wp\/v2\/posts"}],"about":[{"href":"https:\/\/ysministry.org\/site\/wp-json\/wp\/v2\/types\/post"}],"author":[{"embeddable":true,"href":"https:\/\/ysministry.org\/site\/wp-json\/wp\/v2\/users\/1"}],"replies":[{"embeddable":true,"href":"https:\/\/ysministry.org\/site\/wp-json\/wp\/v2\/comments?post=690"}],"version-history":[{"count":13,"href":"https:\/\/ysministry.org\/site\/wp-json\/wp\/v2\/posts\/690\/revisions"}],"predecessor-version":[{"id":721,"href":"https:\/\/ysministry.org\/site\/wp-json\/wp\/v2\/posts\/690\/revisions\/721"}],"wp:featuredmedia":[{"embeddable":true,"href":"https:\/\/ysministry.org\/site\/wp-json\/wp\/v2\/media\/692"}],"wp:attachment":[{"href":"https:\/\/ysministry.org\/site\/wp-json\/wp\/v2\/media?parent=690"}],"wp:term":[{"taxonomy":"category","embeddable":true,"href":"https:\/\/ysministry.org\/site\/wp-json\/wp\/v2\/categories?post=690"},{"taxonomy":"post_tag","embeddable":true,"href":"https:\/\/ysministry.org\/site\/wp-json\/wp\/v2\/tags?post=690"}],"curies":[{"name":"wp","href":"https:\/\/api.w.org\/{rel}","templated":true}]}}