{"id":82,"date":"2023-10-18T10:44:00","date_gmt":"2023-10-18T08:44:00","guid":{"rendered":""},"modified":"2023-12-10T08:21:37","modified_gmt":"2023-12-10T07:21:37","slug":"%f0%9f%8f%85-la-decision-capitale-%f0%9f%8c%9f","status":"publish","type":"post","link":"https:\/\/ysministry.org\/site\/%f0%9f%8f%85-la-decision-capitale-%f0%9f%8c%9f\/","title":{"rendered":"\ud83c\udfc5 LA D\u00c9CISION CAPITALE \ud83c\udf1f"},"content":{"rendered":"\n<div class=\"wp-block-group has-global-padding is-layout-constrained wp-container-core-group-is-layout-4f9f0532 wp-block-group-is-layout-constrained\">\n<figure class=\"wp-block-image alignleft is-resized\"><a href=\"https:\/\/ysministry.org\/site\/wp-content\/uploads\/2023\/10\/DSCF1663.jpg\"><img decoding=\"async\" src=\"https:\/\/ysministry.org\/site\/wp-content\/uploads\/2023\/10\/DSCF1663-300x268.jpg\" alt=\"\" style=\"width:300px;height:auto\"\/><\/a><\/figure>\n\n\n\n<p>Chers amis,&nbsp;<br>Nous sommes dans la joie de vous annoncer une nouvelle qui va chambouler nos vies&#8230;&nbsp;<br><br>Cela fait maintenant plusieurs ann\u00e9es que le Seigneur a mis sur notre coeur de l\u00e2cher notre travail s\u00e9culier pour pouvoir oeuvrer \u00e0 temps plein dans le minist\u00e8re qu&rsquo;il nous a confi\u00e9. Plusieurs ann\u00e9es \u00e0 se demander quand, comment,&#8230; et \u00e0 ce jour, <b>nous pouvons vous annoncer que nous cesserons notre travail de mani\u00e8re fixe en tant qu&rsquo;enseignants de l&rsquo;Etat de Vaud \u00e0 la fin du mois de juillet 2024!<\/b><\/p>\n\n\n\n<p>Un grand chamboulement car nous ne percevrons plus de salaire fixe &#8230; nous sommes donc \u00e0 la recherche de partenaires qui d\u00e9sirent investir en nous et notre minist\u00e8re.<\/p>\n\n\n\n<div style=\"height:40px\" aria-hidden=\"true\" class=\"wp-block-spacer\"><\/div>\n\n\n\n<figure data-wp-context=\"{&quot;imageId&quot;:&quot;69f197a9d5ed7&quot;}\" data-wp-interactive=\"core\/image\" data-wp-key=\"69f197a9d5ed7\" class=\"wp-block-image aligncenter size-full wp-lightbox-container\"><img loading=\"lazy\" decoding=\"async\" width=\"1024\" height=\"683\" data-wp-class--hide=\"state.isContentHidden\" data-wp-class--show=\"state.isContentVisible\" data-wp-init=\"callbacks.setButtonStyles\" data-wp-on--click=\"actions.showLightbox\" data-wp-on--load=\"callbacks.setButtonStyles\" data-wp-on-window--resize=\"callbacks.setButtonStyles\" src=\"https:\/\/ysministry.org\/site\/wp-content\/uploads\/2023\/10\/19052023-20PRESENCE-20AIMG-202023-20YANNICK-20BILLIOUX-20-908.jpg\" alt=\"\" class=\"wp-image-149\" style=\"object-fit:cover\" srcset=\"https:\/\/ysministry.org\/site\/wp-content\/uploads\/2023\/10\/19052023-20PRESENCE-20AIMG-202023-20YANNICK-20BILLIOUX-20-908.jpg 1024w, https:\/\/ysministry.org\/site\/wp-content\/uploads\/2023\/10\/19052023-20PRESENCE-20AIMG-202023-20YANNICK-20BILLIOUX-20-908-300x200.jpg 300w, https:\/\/ysministry.org\/site\/wp-content\/uploads\/2023\/10\/19052023-20PRESENCE-20AIMG-202023-20YANNICK-20BILLIOUX-20-908-768x512.jpg 768w\" sizes=\"auto, (max-width: 1024px) 100vw, 1024px\" \/><button\n\t\t\tclass=\"lightbox-trigger\"\n\t\t\ttype=\"button\"\n\t\t\taria-haspopup=\"dialog\"\n\t\t\taria-label=\"Agrandir\"\n\t\t\tdata-wp-init=\"callbacks.initTriggerButton\"\n\t\t\tdata-wp-on--click=\"actions.showLightbox\"\n\t\t\tdata-wp-style--right=\"state.imageButtonRight\"\n\t\t\tdata-wp-style--top=\"state.imageButtonTop\"\n\t\t>\n\t\t\t<svg xmlns=\"http:\/\/www.w3.org\/2000\/svg\" width=\"12\" height=\"12\" fill=\"none\" viewBox=\"0 0 12 12\">\n\t\t\t\t<path fill=\"#fff\" d=\"M2 0a2 2 0 0 0-2 2v2h1.5V2a.5.5 0 0 1 .5-.5h2V0H2Zm2 10.5H2a.5.5 0 0 1-.5-.5V8H0v2a2 2 0 0 0 2 2h2v-1.5ZM8 12v-1.5h2a.5.5 0 0 0 .5-.5V8H12v2a2 2 0 0 1-2 2H8Zm2-12a2 2 0 0 1 2 2v2h-1.5V2a.5.5 0 0 0-.5-.5H8V0h2Z\" \/>\n\t\t\t<\/svg>\n\t\t<\/button><figcaption class=\"wp-element-caption\">Sabine avec J.-C. NADON \u00e0 PR\u00c9SENCE 2023<\/figcaption><\/figure>\n\n\n\n<h6 class=\"wp-block-heading has-text-align-center\"><span><b><i>Vous d\u00e9sirez faire partie de nos partenaires <a href=\"https:\/\/ysdupraz.blogspot.com\/p\/blog-page.html\">==&gt; Clique ICI<\/a><\/i><\/b><\/span><\/h6>\n\n\n\n<h4 class=\"wp-block-heading has-text-align-center\"><b>= = = = Quelles sont ces associations? = = = =<\/b><\/h4>\n\n\n\n<div style=\"height:60px\" aria-hidden=\"true\" class=\"wp-block-spacer\"><\/div>\n<\/div>\n\n\n\n<div class=\"wp-block-group has-contrast-color has-accent-3-background-color has-text-color has-background has-link-color has-medium-font-size wp-elements-268c7c82626828f49e8772ef7c16f0d6 has-global-padding is-layout-constrained wp-container-core-group-is-layout-f97e238b wp-block-group-is-layout-constrained\" style=\"padding-top:var(--wp--preset--spacing--10);padding-right:0;padding-bottom:var(--wp--preset--spacing--10);padding-left:0\">\n<h2 class=\"wp-block-heading has-text-align-center\"><strong>L&rsquo;AIMG<\/strong><\/h2>\n\n\n\n<h4 class=\"wp-block-heading has-text-align-center\">(Association Internationale des Minist\u00e8res de Gu\u00e9rison)<\/h4>\n\n\n\n<div class=\"wp-block-columns is-layout-flex wp-container-core-columns-is-layout-28f84493 wp-block-columns-is-layout-flex\">\n<div class=\"wp-block-column is-layout-flow wp-block-column-is-layout-flow\" style=\"flex-basis:50%\">\n<p>Nous faisons partie du Comit\u00e9 de Direction International (CDI) aux c\u00f4t\u00e9s de Jean-Luc Trachsel, Marisa Villebrun et Patrick Bigler. Nous sommes responsables de tous les \u00e9quipiers de pri\u00e8re, actuellement plus de 450 pers., et de la formation en g\u00e9n\u00e9ral. Nous nous chargeons \u00e9galement de faire un suivi de nos \u00e9quipiers lorsqu&rsquo;ils sont actifs lors de soir\u00e9es autant en virtuel qu&rsquo;en pr\u00e9sentiel. De ce fait, nous assurons une formation continue \u00e0 toute notre \u00ab\u00a0petite\u00a0\u00bb \u00e9quipe sans oublier, le soutien aux leaders en place.<\/p>\n<\/div>\n\n\n\n<div class=\"wp-block-column is-layout-flow wp-block-column-is-layout-flow\" style=\"flex-basis:50%\">\n<p>Chaque deux semaines, nous g\u00e9rons aussi&nbsp;<a href=\"https:\/\/laguerison.org\/evenements\/ecole-du-surnaturel-2023-2024\/\">l&rsquo;\u00e9cole du surnaturel en ligne,<\/a> \u00e9cole qui a plus de 500 \u00e9tudiants dans toute la francophonie. Ces deux derni\u00e8res ann\u00e9es, nous avons g\u00e9r\u00e9 l&rsquo;\u00e9cole en ligne Miracles &amp; Gu\u00e9risons o\u00f9 plus de 700 \u00e9tudiants \u00e9taient inscrits.<\/p>\n\n\n\n<p>L&rsquo;AIMG se d\u00e9veloppe beaucoup, elle s&rsquo;\u00e9tend de plus en plus; partie de la Suisse, vers la France puis la Belgique, elle s&rsquo;intensifie en y ajoutant toute la francophonie avec beaucoup de pays africains et le Qu\u00e9bec. Mais, elle ne s&rsquo;arr\u00eate pas \u00e0 la francophonie car nous avons une \u00e9cole en ligne anglophone et l&rsquo;AIMG se d\u00e9veloppe en Italie, au Portugal, en Allemagne et m\u00eame au El Salvador, et plus\u2026<\/p>\n<\/div>\n<\/div>\n\n\n\n<figure data-wp-context=\"{&quot;imageId&quot;:&quot;69f197a9d64f6&quot;}\" data-wp-interactive=\"core\/image\" data-wp-key=\"69f197a9d64f6\" class=\"wp-block-image aligncenter size-full wp-lightbox-container\"><img loading=\"lazy\" decoding=\"async\" width=\"1024\" height=\"576\" data-wp-class--hide=\"state.isContentHidden\" data-wp-class--show=\"state.isContentVisible\" data-wp-init=\"callbacks.setButtonStyles\" data-wp-on--click=\"actions.showLightbox\" data-wp-on--load=\"callbacks.setButtonStyles\" data-wp-on-window--resize=\"callbacks.setButtonStyles\" src=\"https:\/\/ysministry.org\/site\/wp-content\/uploads\/2023\/10\/IMG_3552.jpg\" alt=\"\" class=\"wp-image-151\" srcset=\"https:\/\/ysministry.org\/site\/wp-content\/uploads\/2023\/10\/IMG_3552.jpg 1024w, https:\/\/ysministry.org\/site\/wp-content\/uploads\/2023\/10\/IMG_3552-300x169.jpg 300w, https:\/\/ysministry.org\/site\/wp-content\/uploads\/2023\/10\/IMG_3552-768x432.jpg 768w\" sizes=\"auto, (max-width: 1024px) 100vw, 1024px\" \/><button\n\t\t\tclass=\"lightbox-trigger\"\n\t\t\ttype=\"button\"\n\t\t\taria-haspopup=\"dialog\"\n\t\t\taria-label=\"Agrandir\"\n\t\t\tdata-wp-init=\"callbacks.initTriggerButton\"\n\t\t\tdata-wp-on--click=\"actions.showLightbox\"\n\t\t\tdata-wp-style--right=\"state.imageButtonRight\"\n\t\t\tdata-wp-style--top=\"state.imageButtonTop\"\n\t\t>\n\t\t\t<svg xmlns=\"http:\/\/www.w3.org\/2000\/svg\" width=\"12\" height=\"12\" fill=\"none\" viewBox=\"0 0 12 12\">\n\t\t\t\t<path fill=\"#fff\" d=\"M2 0a2 2 0 0 0-2 2v2h1.5V2a.5.5 0 0 1 .5-.5h2V0H2Zm2 10.5H2a.5.5 0 0 1-.5-.5V8H0v2a2 2 0 0 0 2 2h2v-1.5ZM8 12v-1.5h2a.5.5 0 0 0 .5-.5V8H12v2a2 2 0 0 1-2 2H8Zm2-12a2 2 0 0 1 2 2v2h-1.5V2a.5.5 0 0 0-.5-.5H8V0h2Z\" \/>\n\t\t\t<\/svg>\n\t\t<\/button><figcaption class=\"wp-element-caption\">Durant l&rsquo;\u00c9COLE du SURNATUREL en ligne, avec Ken TAYLOR du Kinshasa<\/figcaption><\/figure>\n\n\n\n<div class=\"wp-block-columns is-layout-flex wp-container-core-columns-is-layout-28f84493 wp-block-columns-is-layout-flex\">\n<div class=\"wp-block-column is-layout-flow wp-block-column-is-layout-flow\" style=\"flex-basis:50%\">\n<figure data-wp-context=\"{&quot;imageId&quot;:&quot;69f197a9d67a0&quot;}\" data-wp-interactive=\"core\/image\" data-wp-key=\"69f197a9d67a0\" class=\"wp-block-image alignwide size-full wp-lightbox-container\"><img loading=\"lazy\" decoding=\"async\" width=\"1024\" height=\"591\" data-wp-class--hide=\"state.isContentHidden\" data-wp-class--show=\"state.isContentVisible\" data-wp-init=\"callbacks.setButtonStyles\" data-wp-on--click=\"actions.showLightbox\" data-wp-on--load=\"callbacks.setButtonStyles\" data-wp-on-window--resize=\"callbacks.setButtonStyles\" src=\"https:\/\/ysministry.org\/site\/wp-content\/uploads\/2023\/10\/IMG_1297.png\" alt=\"\" class=\"wp-image-152\" srcset=\"https:\/\/ysministry.org\/site\/wp-content\/uploads\/2023\/10\/IMG_1297.png 1024w, https:\/\/ysministry.org\/site\/wp-content\/uploads\/2023\/10\/IMG_1297-300x173.png 300w, https:\/\/ysministry.org\/site\/wp-content\/uploads\/2023\/10\/IMG_1297-768x443.png 768w\" sizes=\"auto, (max-width: 1024px) 100vw, 1024px\" \/><button\n\t\t\tclass=\"lightbox-trigger\"\n\t\t\ttype=\"button\"\n\t\t\taria-haspopup=\"dialog\"\n\t\t\taria-label=\"Agrandir\"\n\t\t\tdata-wp-init=\"callbacks.initTriggerButton\"\n\t\t\tdata-wp-on--click=\"actions.showLightbox\"\n\t\t\tdata-wp-style--right=\"state.imageButtonRight\"\n\t\t\tdata-wp-style--top=\"state.imageButtonTop\"\n\t\t>\n\t\t\t<svg xmlns=\"http:\/\/www.w3.org\/2000\/svg\" width=\"12\" height=\"12\" fill=\"none\" viewBox=\"0 0 12 12\">\n\t\t\t\t<path fill=\"#fff\" d=\"M2 0a2 2 0 0 0-2 2v2h1.5V2a.5.5 0 0 1 .5-.5h2V0H2Zm2 10.5H2a.5.5 0 0 1-.5-.5V8H0v2a2 2 0 0 0 2 2h2v-1.5ZM8 12v-1.5h2a.5.5 0 0 0 .5-.5V8H12v2a2 2 0 0 1-2 2H8Zm2-12a2 2 0 0 1 2 2v2h-1.5V2a.5.5 0 0 0-.5-.5H8V0h2Z\" \/>\n\t\t\t<\/svg>\n\t\t<\/button><figcaption class=\"wp-element-caption\">CDI avec l&rsquo;\u00e9quipe op\u00e9rationnelle de l&rsquo;AIMG<\/figcaption><\/figure>\n\n\n\n<p>Yves continue sans-cesse de se former au point de vue technique pour augmenter la qualit\u00e9 m\u00e9dia de nos \u00e9coles et du maintien de la continuit\u00e9 p\u00e9dagogique.<\/p>\n<\/div>\n\n\n\n<div class=\"wp-block-column is-layout-flow wp-block-column-is-layout-flow\" style=\"flex-basis:50%\">\n<figure data-wp-context=\"{&quot;imageId&quot;:&quot;69f197a9d6a8e&quot;}\" data-wp-interactive=\"core\/image\" data-wp-key=\"69f197a9d6a8e\" class=\"wp-block-image size-full wp-lightbox-container\"><img loading=\"lazy\" decoding=\"async\" width=\"815\" height=\"459\" data-wp-class--hide=\"state.isContentHidden\" data-wp-class--show=\"state.isContentVisible\" data-wp-init=\"callbacks.setButtonStyles\" data-wp-on--click=\"actions.showLightbox\" data-wp-on--load=\"callbacks.setButtonStyles\" data-wp-on-window--resize=\"callbacks.setButtonStyles\" src=\"https:\/\/ysministry.org\/site\/wp-content\/uploads\/2023\/10\/tSBMjB6-0-2521sizeoriginal.jpeg\" alt=\"\" class=\"wp-image-153\" style=\"aspect-ratio:16\/9;object-fit:cover\" srcset=\"https:\/\/ysministry.org\/site\/wp-content\/uploads\/2023\/10\/tSBMjB6-0-2521sizeoriginal.jpeg 815w, https:\/\/ysministry.org\/site\/wp-content\/uploads\/2023\/10\/tSBMjB6-0-2521sizeoriginal-300x169.jpeg 300w, https:\/\/ysministry.org\/site\/wp-content\/uploads\/2023\/10\/tSBMjB6-0-2521sizeoriginal-768x433.jpeg 768w\" sizes=\"auto, (max-width: 815px) 100vw, 815px\" \/><button\n\t\t\tclass=\"lightbox-trigger\"\n\t\t\ttype=\"button\"\n\t\t\taria-haspopup=\"dialog\"\n\t\t\taria-label=\"Agrandir\"\n\t\t\tdata-wp-init=\"callbacks.initTriggerButton\"\n\t\t\tdata-wp-on--click=\"actions.showLightbox\"\n\t\t\tdata-wp-style--right=\"state.imageButtonRight\"\n\t\t\tdata-wp-style--top=\"state.imageButtonTop\"\n\t\t>\n\t\t\t<svg xmlns=\"http:\/\/www.w3.org\/2000\/svg\" width=\"12\" height=\"12\" fill=\"none\" viewBox=\"0 0 12 12\">\n\t\t\t\t<path fill=\"#fff\" d=\"M2 0a2 2 0 0 0-2 2v2h1.5V2a.5.5 0 0 1 .5-.5h2V0H2Zm2 10.5H2a.5.5 0 0 1-.5-.5V8H0v2a2 2 0 0 0 2 2h2v-1.5ZM8 12v-1.5h2a.5.5 0 0 0 .5-.5V8H12v2a2 2 0 0 1-2 2H8Zm2-12a2 2 0 0 1 2 2v2h-1.5V2a.5.5 0 0 0-.5-.5H8V0h2Z\" \/>\n\t\t\t<\/svg>\n\t\t<\/button><figcaption class=\"wp-element-caption\">L&rsquo;AIMG et ses missionnaires<\/figcaption><\/figure>\n\n\n\n<p>Sabine se charge \u00e9galement de relire la plupart des publications de l&rsquo;AIMG (encouragements, livres) afin d&rsquo;assurer la rigueur th\u00e9ologique et\/ou orthographique.<\/p>\n<\/div>\n<\/div>\n<\/div>\n\n\n\n<div style=\"height:65px\" aria-hidden=\"true\" class=\"wp-block-spacer\"><\/div>\n\n\n\n<div class=\"wp-block-group has-base-color has-contrast-2-background-color has-text-color has-background has-link-color wp-elements-0752d5ede831086a8e82e1c13a66f698 has-global-padding is-content-justification-center is-layout-constrained wp-container-core-group-is-layout-6caaafac wp-block-group-is-layout-constrained\" style=\"padding-top:var(--wp--preset--spacing--10);padding-right:var(--wp--preset--spacing--20);padding-bottom:var(--wp--preset--spacing--10);padding-left:var(--wp--preset--spacing--20)\">\n<h2 class=\"wp-block-heading has-text-align-center has-base-2-color has-text-color has-link-color wp-elements-b8706726998feeede8f143e76f0e441e\">RHEMA<\/h2>\n\n\n\n<h4 class=\"wp-block-heading has-text-align-center has-base-2-color has-text-color has-link-color wp-elements-c917279ea384863c72a9ec0fdb789d0a\">(Centre de formation biblique)<\/h4>\n\n\n\n<div class=\"wp-block-columns is-layout-flex wp-container-core-columns-is-layout-28f84493 wp-block-columns-is-layout-flex\">\n<div class=\"wp-block-column is-layout-flow wp-block-column-is-layout-flow\" style=\"flex-basis:50%\">\n<p class=\"has-medium-font-size\">Nous avons \u00e9tudi\u00e9 dans cette \u00e9cole, \u00e0 Gen\u00e8ve, de 2013 \u00e0 2015, dipl\u00f4m\u00e9s tous les deux en 2015. Trois ans plus tard, le directeur, de Rhema France-Suisse, John Madan, nous a demand\u00e9 de devenir enseignants dans cette \u00e9cole et ce fut pour nous un immense honneur et un tr\u00e8s grande joie! Notre premier enseignement fut sur la gu\u00e9rison divine dans le campus de Rhema Nice en mai 2018.<\/p>\n\n\n\n<p>De plus, nous g\u00e9rons aux cot\u00e9s de notre directeur, depuis 2016, les planifications des divers campus que nous avons sur ces deux pays. Nous avons \u00e0 charge 5 Campus: Oron-la-Ville (CH) &#8211; Paris &#8211; Nantes &#8211; Marseille &#8211; Nice. Il s&rsquo;agit de mettre en place le curriculum et inviter nos diff\u00e9rents\u00b7es enseignants\u00b7es \u00e0 se rendre dans ces Campus.<\/p>\n<\/div>\n\n\n\n<div class=\"wp-block-column is-layout-flow wp-block-column-is-layout-flow\" style=\"flex-basis:50%\">\n<p>Rhema France-Suisse est aussi en \u00e9troite collaboration avec Rhema Qu\u00e9bec. D&rsquo;ailleurs, nous irons enseigner \u00e0 Qu\u00e9bec en avril 2024!<\/p>\n\n\n\n<p>Rhema se d\u00e9veloppe aussi et nous esp\u00e9rons ouvrir bient\u00f4t un nouveau campus en France.<\/p>\n\n\n\n<figure data-wp-context=\"{&quot;imageId&quot;:&quot;69f197a9d712d&quot;}\" data-wp-interactive=\"core\/image\" data-wp-key=\"69f197a9d712d\" class=\"wp-block-image aligncenter size-full wp-lightbox-container\"><img loading=\"lazy\" decoding=\"async\" width=\"1024\" height=\"576\" data-wp-class--hide=\"state.isContentHidden\" data-wp-class--show=\"state.isContentVisible\" data-wp-init=\"callbacks.setButtonStyles\" data-wp-on--click=\"actions.showLightbox\" data-wp-on--load=\"callbacks.setButtonStyles\" data-wp-on-window--resize=\"callbacks.setButtonStyles\" src=\"https:\/\/ysministry.org\/site\/wp-content\/uploads\/2023\/10\/IMG_3632.jpg\" alt=\"\" class=\"wp-image-154\" style=\"object-fit:cover\" srcset=\"https:\/\/ysministry.org\/site\/wp-content\/uploads\/2023\/10\/IMG_3632.jpg 1024w, https:\/\/ysministry.org\/site\/wp-content\/uploads\/2023\/10\/IMG_3632-300x169.jpg 300w, https:\/\/ysministry.org\/site\/wp-content\/uploads\/2023\/10\/IMG_3632-768x432.jpg 768w\" sizes=\"auto, (max-width: 1024px) 100vw, 1024px\" \/><button\n\t\t\tclass=\"lightbox-trigger\"\n\t\t\ttype=\"button\"\n\t\t\taria-haspopup=\"dialog\"\n\t\t\taria-label=\"Agrandir\"\n\t\t\tdata-wp-init=\"callbacks.initTriggerButton\"\n\t\t\tdata-wp-on--click=\"actions.showLightbox\"\n\t\t\tdata-wp-style--right=\"state.imageButtonRight\"\n\t\t\tdata-wp-style--top=\"state.imageButtonTop\"\n\t\t>\n\t\t\t<svg xmlns=\"http:\/\/www.w3.org\/2000\/svg\" width=\"12\" height=\"12\" fill=\"none\" viewBox=\"0 0 12 12\">\n\t\t\t\t<path fill=\"#fff\" d=\"M2 0a2 2 0 0 0-2 2v2h1.5V2a.5.5 0 0 1 .5-.5h2V0H2Zm2 10.5H2a.5.5 0 0 1-.5-.5V8H0v2a2 2 0 0 0 2 2h2v-1.5ZM8 12v-1.5h2a.5.5 0 0 0 .5-.5V8H12v2a2 2 0 0 1-2 2H8Zm2-12a2 2 0 0 1 2 2v2h-1.5V2a.5.5 0 0 0-.5-.5H8V0h2Z\" \/>\n\t\t\t<\/svg>\n\t\t<\/button><\/figure>\n<\/div>\n<\/div>\n\n\n\n<div class=\"wp-block-columns is-layout-flex wp-container-core-columns-is-layout-28f84493 wp-block-columns-is-layout-flex\">\n<div class=\"wp-block-column is-layout-flow wp-block-column-is-layout-flow\" style=\"flex-basis:50%\">\n<figure data-wp-context=\"{&quot;imageId&quot;:&quot;69f197a9d7451&quot;}\" data-wp-interactive=\"core\/image\" data-wp-key=\"69f197a9d7451\" class=\"wp-block-image aligncenter size-full wp-lightbox-container\"><img loading=\"lazy\" decoding=\"async\" width=\"768\" height=\"1024\" data-wp-class--hide=\"state.isContentHidden\" data-wp-class--show=\"state.isContentVisible\" data-wp-init=\"callbacks.setButtonStyles\" data-wp-on--click=\"actions.showLightbox\" data-wp-on--load=\"callbacks.setButtonStyles\" data-wp-on-window--resize=\"callbacks.setButtonStyles\" src=\"https:\/\/ysministry.org\/site\/wp-content\/uploads\/2023\/10\/1e933d66-8915-4d26-b0ce-27c43e77badf.jpg\" alt=\"\" class=\"wp-image-157\" srcset=\"https:\/\/ysministry.org\/site\/wp-content\/uploads\/2023\/10\/1e933d66-8915-4d26-b0ce-27c43e77badf.jpg 768w, https:\/\/ysministry.org\/site\/wp-content\/uploads\/2023\/10\/1e933d66-8915-4d26-b0ce-27c43e77badf-225x300.jpg 225w\" sizes=\"auto, (max-width: 768px) 100vw, 768px\" \/><button\n\t\t\tclass=\"lightbox-trigger\"\n\t\t\ttype=\"button\"\n\t\t\taria-haspopup=\"dialog\"\n\t\t\taria-label=\"Agrandir\"\n\t\t\tdata-wp-init=\"callbacks.initTriggerButton\"\n\t\t\tdata-wp-on--click=\"actions.showLightbox\"\n\t\t\tdata-wp-style--right=\"state.imageButtonRight\"\n\t\t\tdata-wp-style--top=\"state.imageButtonTop\"\n\t\t>\n\t\t\t<svg xmlns=\"http:\/\/www.w3.org\/2000\/svg\" width=\"12\" height=\"12\" fill=\"none\" viewBox=\"0 0 12 12\">\n\t\t\t\t<path fill=\"#fff\" d=\"M2 0a2 2 0 0 0-2 2v2h1.5V2a.5.5 0 0 1 .5-.5h2V0H2Zm2 10.5H2a.5.5 0 0 1-.5-.5V8H0v2a2 2 0 0 0 2 2h2v-1.5ZM8 12v-1.5h2a.5.5 0 0 0 .5-.5V8H12v2a2 2 0 0 1-2 2H8Zm2-12a2 2 0 0 1 2 2v2h-1.5V2a.5.5 0 0 0-.5-.5H8V0h2Z\" \/>\n\t\t\t<\/svg>\n\t\t<\/button><\/figure>\n<\/div>\n\n\n\n<div class=\"wp-block-column is-layout-flow wp-block-column-is-layout-flow\" style=\"flex-basis:50%\">\n<figure class=\"wp-block-image size-full\"><img loading=\"lazy\" decoding=\"async\" width=\"1024\" height=\"768\" src=\"https:\/\/ysministry.org\/site\/wp-content\/uploads\/2023\/10\/41eec92a-b61f-4fd8-bcdb-d60e9c552c1d.jpg\" alt=\"\" class=\"wp-image-155\" srcset=\"https:\/\/ysministry.org\/site\/wp-content\/uploads\/2023\/10\/41eec92a-b61f-4fd8-bcdb-d60e9c552c1d.jpg 1024w, https:\/\/ysministry.org\/site\/wp-content\/uploads\/2023\/10\/41eec92a-b61f-4fd8-bcdb-d60e9c552c1d-300x225.jpg 300w, https:\/\/ysministry.org\/site\/wp-content\/uploads\/2023\/10\/41eec92a-b61f-4fd8-bcdb-d60e9c552c1d-768x576.jpg 768w\" sizes=\"auto, (max-width: 1024px) 100vw, 1024px\" \/><\/figure>\n<\/div>\n<\/div>\n<\/div>\n\n\n\n<div class=\"wp-block-group has-base-color has-contrast-background-color has-text-color has-background has-link-color wp-elements-6bee5f0a64b86ec7d84f745dcebd76c4 has-global-padding is-layout-constrained wp-container-core-group-is-layout-4f9f0532 wp-block-group-is-layout-constrained\">\n<div class=\"wp-block-group has-global-padding is-layout-constrained wp-block-group-is-layout-constrained\">\n<h1 class=\"wp-block-heading has-text-align-center has-base-color has-text-color has-link-color wp-elements-77b626a77698eccfffcffb4d38410b39\">CITYLIFE<\/h1>\n\n\n\n<h4 class=\"wp-block-heading has-text-align-center has-base-color has-text-color has-link-color wp-elements-b468089509049846f753aa8b49fedd57\">Notre \u00e9glise locale de Vevey<\/h4>\n\n\n\n<p>Nous faisons partie de la Direction Pastorale (DP) depuis d\u00e9but 2020. Nous oeuvrons aux c\u00f4t\u00e9s de Blaise et Edith Thomi, Arnaud Bersier et notre fille B\u00e9ryl. Dans cette DP, notre principale responsabilit\u00e9 est la formation. Depuis que nous y sommes, nous avons cr\u00e9\u00e9 3 cours:<\/p>\n\n\n\n<ul class=\"wp-block-list\">\n<li>LifeWay: bases de notre vie chr\u00e9tienne et des tr\u00e9sors que nous avons en J\u00e9sus<\/li>\n\n\n\n<li>Le cours SERVIR, un appel pour tous: donner les bases du service dans l&rsquo;\u00e9glise et ailleurs<\/li>\n\n\n\n<li>Amener le miraculeux: un cours pour tous ceux qui oeuvrent en tant qu&rsquo;\u00e9quipiers de pri\u00e8re \u00e0 la fin de chaque c\u00e9l\u00e9bration de notre \u00e9glise.<\/li>\n<\/ul>\n\n\n\n<div class=\"wp-block-buttons is-content-justification-center is-layout-flex wp-container-core-buttons-is-layout-a89b3969 wp-block-buttons-is-layout-flex\">\n<div class=\"wp-block-button has-custom-width wp-block-button__width-25 is-style-outline is-style-outline--1\"><a class=\"wp-block-button__link has-text-align-center wp-element-button\" href=\"https:\/\/www.citylife.ch\/lifeway\" target=\"_blank\" rel=\"noreferrer noopener\">VOIR LES COURS<\/a><\/div>\n<\/div>\n<\/div>\n\n\n\n<div class=\"wp-block-group has-global-padding is-layout-constrained wp-block-group-is-layout-constrained\">\n<figure class=\"wp-block-image alignleft size-medium has-custom-border\"><a href=\"https:\/\/podcasts.apple.com\/fr\/podcast\/le-r%C3%A9veil-cest-maintenant-3\/id1648874354?i=1000630707377\"><img loading=\"lazy\" decoding=\"async\" width=\"300\" height=\"225\" src=\"https:\/\/ysministry.org\/site\/wp-content\/uploads\/2023\/10\/ce6e3f28-74b2-4c5f-aa07-6643a1a661f2-300x225.jpg\" alt=\"\" class=\"has-border-color has-contrast-border-color wp-image-156\" style=\"border-width:15px\" srcset=\"https:\/\/ysministry.org\/site\/wp-content\/uploads\/2023\/10\/ce6e3f28-74b2-4c5f-aa07-6643a1a661f2-300x225.jpg 300w, https:\/\/ysministry.org\/site\/wp-content\/uploads\/2023\/10\/ce6e3f28-74b2-4c5f-aa07-6643a1a661f2-768x576.jpg 768w, https:\/\/ysministry.org\/site\/wp-content\/uploads\/2023\/10\/ce6e3f28-74b2-4c5f-aa07-6643a1a661f2.jpg 1024w\" sizes=\"auto, (max-width: 300px) 100vw, 300px\" \/><\/a><figcaption class=\"wp-element-caption\">\ud83c\udfa7 Ecouter la pr\u00e9dication<\/figcaption><\/figure>\n\n\n\n<p>L&rsquo;\u00e9glise aussi se d\u00e9veloppe et \u00e0 a coeur de s&rsquo;agrandir sur tous points de vue. Notre contribution plus intensive aidera \u00e0 cela.<\/p>\n\n\n\n<p>D&rsquo;autres formations sont actuellement en cours de cr\u00e9ation\u2026 vous aurez des nouvelles en automne 2024 ;). Eh oui, nous aurons le temps de les cr\u00e9er (enfin).<\/p>\n\n\n\n<p>D&rsquo;autres formations sont actuellement en cours de cr\u00e9ation\u2026 vous aurez des nouvelles en automne 2024 ;). Eh oui, nous aurons le temps de les cr\u00e9er (enfin).<\/p>\n<\/div>\n\n\n\n<div class=\"wp-block-group has-global-padding is-layout-constrained wp-block-group-is-layout-constrained\">\n<p><\/p>\n\n\n\n<figure class=\"wp-block-embed is-type-rich is-provider-prise-en-charge-des-contenus-embarqu-s wp-block-embed-prise-en-charge-des-contenus-embarqu-s wp-embed-aspect-16-9 wp-has-aspect-ratio\"><div class=\"wp-block-embed__wrapper\">\n<iframe loading=\"lazy\" title=\"Le nom de J\u00e9sus, ce nom qui change TOUT !\" width=\"500\" height=\"281\" src=\"https:\/\/www.youtube.com\/embed\/ouChIJDGvyc?feature=oembed\" frameborder=\"0\" allow=\"accelerometer; autoplay; clipboard-write; encrypted-media; gyroscope; picture-in-picture; web-share\" referrerpolicy=\"strict-origin-when-cross-origin\" allowfullscreen><\/iframe>\n<\/div><figcaption class=\"wp-element-caption\"><i>Notre message du 30 juillet ==&gt; Le nom de J\u00e9sus<\/i><\/figcaption><\/figure>\n<\/div>\n<\/div>\n\n\n\n<div class=\"wp-block-group has-global-padding is-layout-constrained wp-container-core-group-is-layout-4f9f0532 wp-block-group-is-layout-constrained\">\n<h3 class=\"wp-block-heading has-text-align-center\"><b>= = = = \u2753&nbsp; Comment vous faites ? = = = =<\/b><\/h3>\n\n\n\n<p>Cette question, bon nombre de personnes nous la pose souvent. La r\u00e9ponse est simple, nous optimisons un maximum les espaces temps que nous avons pour faire tout ceci. Malheureusement, nous faisons peu de d\u00e9veloppement, de cr\u00e9ation, d&rsquo;innovations et d&rsquo;expansion par manque de temps; par contre, nous assurons le suivi et le maintien de ce qui est d\u00e9j\u00e0 en place en apportant quelques am\u00e9liorations. Nous d\u00e9sirons investir dans ces domaines avec vous pour voir le Royaume de Dieu s&rsquo;agrandir de plus en plus.&nbsp;<\/p>\n\n\n\n<p>Aujourd&rsquo;hui, octobre 2023, Sabine travaille \u00e0 60% dans une classe de 3P (6-7 ans) et Yves \u00e0 40% comme formateur \u00e0 la HEP (Haute Ecole P\u00e9dagogique) au sein du projet de l&rsquo;\u00e9ducation num\u00e9rique et \u00e0 40% dans l&rsquo;\u00e9tablissement secondaire avec des 9-11P (13-15 ans). Ce travail est tr\u00e8s prenant en temps et en \u00e9nergie et nous nous r\u00e9jouissons de cette nouvelle \u00e9tape de vie.&nbsp;<\/p>\n\n\n\n<p>Nous avons confiance que si Dieu nous appelle, il pourvoit aussi \u00e0 cet appel sur tous les points. Pour l&rsquo;instant, nous ne recevons aucune contribution financi\u00e8re pour nos diff\u00e9rents services. Nous croyons que beaucoup d&rsquo;amis se l\u00e8veront \u00e0 nos c\u00f4t\u00e9s pour devenir nos partenaires de victoires pour nous r\u00e9jouir ensemble de l&rsquo;avancement de Son R\u00e8gne.<\/p>\n\n\n\n<p class=\"has-text-align-center\"><b><i>Merci d&rsquo;avance si tu d\u00e9sires ou si tu fais d\u00e9j\u00e0 partie de notre team partenaire.<\/i><\/b><\/p>\n\n\n\n<p class=\"has-text-align-center\"><i><a href=\"https:\/\/ysdupraz.blogspot.com\/p\/blog-page.html\">Pour nous soutenir ==&gt; ICI<\/a><\/i><\/p>\n\n\n\n<p class=\"has-text-align-center\"><b><i><br><\/i><\/b><\/p>\n\n\n\n<p class=\"has-text-align-center\">Soyez richement b\u00e9nis. Merci pour votre pr\u00e9cieuse amiti\u00e9!<\/p>\n<\/div>\n\n\n\n<div class=\"wp-block-group has-contrast-3-background-color has-background has-global-padding is-layout-constrained wp-container-core-group-is-layout-4f9f0532 wp-block-group-is-layout-constrained\">\n<div style=\"height:31px\" aria-hidden=\"true\" class=\"wp-block-spacer\"><\/div>\n\n\n\n<h3 class=\"wp-block-heading has-text-align-center\"> = = = =&nbsp; TOUTES NOS ACTIVIT\u00c9S = = = =<br>= = = = = PASS\u00c9ES ET FUTUR = = = = = =<\/h3>\n\n\n\n<figure class=\"wp-block-gallery has-nested-images columns-2 is-cropped wp-block-gallery-2 is-layout-flex wp-block-gallery-is-layout-flex\">\n<figure class=\"wp-block-image size-full\"><img loading=\"lazy\" decoding=\"async\" width=\"1024\" height=\"736\" data-id=\"158\" src=\"https:\/\/ysministry.org\/site\/wp-content\/uploads\/2023\/10\/2df59db8-6d61-4b91-92bb-bb6b7b2f4223.jpg\" alt=\"\" class=\"wp-image-158\" srcset=\"https:\/\/ysministry.org\/site\/wp-content\/uploads\/2023\/10\/2df59db8-6d61-4b91-92bb-bb6b7b2f4223.jpg 1024w, https:\/\/ysministry.org\/site\/wp-content\/uploads\/2023\/10\/2df59db8-6d61-4b91-92bb-bb6b7b2f4223-300x216.jpg 300w, https:\/\/ysministry.org\/site\/wp-content\/uploads\/2023\/10\/2df59db8-6d61-4b91-92bb-bb6b7b2f4223-768x552.jpg 768w\" sizes=\"auto, (max-width: 1024px) 100vw, 1024px\" \/><figcaption class=\"wp-element-caption\">RHEMA CONNECT \u2013 22 juillet<\/figcaption><\/figure>\n\n\n\n<figure class=\"wp-block-image size-full\"><img loading=\"lazy\" decoding=\"async\" width=\"1024\" height=\"768\" data-id=\"159\" src=\"https:\/\/ysministry.org\/site\/wp-content\/uploads\/2023\/10\/IMG_5536.jpg\" alt=\"\" class=\"wp-image-159\" srcset=\"https:\/\/ysministry.org\/site\/wp-content\/uploads\/2023\/10\/IMG_5536.jpg 1024w, https:\/\/ysministry.org\/site\/wp-content\/uploads\/2023\/10\/IMG_5536-300x225.jpg 300w, https:\/\/ysministry.org\/site\/wp-content\/uploads\/2023\/10\/IMG_5536-768x576.jpg 768w\" sizes=\"auto, (max-width: 1024px) 100vw, 1024px\" \/><figcaption class=\"wp-element-caption\">Pr\u00e9dication outside \u00e0 Avenches \u2013 20 ao\u00fbt<\/figcaption><\/figure>\n\n\n\n<figure class=\"wp-block-image size-full\"><img loading=\"lazy\" decoding=\"async\" width=\"576\" height=\"1024\" data-id=\"160\" src=\"https:\/\/ysministry.org\/site\/wp-content\/uploads\/2023\/10\/IMG_3472.jpg\" alt=\"\" class=\"wp-image-160\" srcset=\"https:\/\/ysministry.org\/site\/wp-content\/uploads\/2023\/10\/IMG_3472.jpg 576w, https:\/\/ysministry.org\/site\/wp-content\/uploads\/2023\/10\/IMG_3472-169x300.jpg 169w\" sizes=\"auto, (max-width: 576px) 100vw, 576px\" \/><figcaption class=\"wp-element-caption\">29 ans de mariage !!<\/figcaption><\/figure>\n\n\n\n<figure class=\"wp-block-image size-full\"><img loading=\"lazy\" decoding=\"async\" width=\"1024\" height=\"768\" data-id=\"161\" src=\"https:\/\/ysministry.org\/site\/wp-content\/uploads\/2023\/10\/b69cfc60-d8ae-4e9a-a1f8-e874ef91c3fa.jpg\" alt=\"\" class=\"wp-image-161\" srcset=\"https:\/\/ysministry.org\/site\/wp-content\/uploads\/2023\/10\/b69cfc60-d8ae-4e9a-a1f8-e874ef91c3fa.jpg 1024w, https:\/\/ysministry.org\/site\/wp-content\/uploads\/2023\/10\/b69cfc60-d8ae-4e9a-a1f8-e874ef91c3fa-300x225.jpg 300w, https:\/\/ysministry.org\/site\/wp-content\/uploads\/2023\/10\/b69cfc60-d8ae-4e9a-a1f8-e874ef91c3fa-768x576.jpg 768w\" sizes=\"auto, (max-width: 1024px) 100vw, 1024px\" \/><figcaption class=\"wp-element-caption\">WE RHEMA LEYSIN \u2013 6-7 octobre<\/figcaption><\/figure>\n\n\n\n<figure class=\"wp-block-image size-full\"><img loading=\"lazy\" decoding=\"async\" width=\"1024\" height=\"576\" data-id=\"162\" src=\"https:\/\/ysministry.org\/site\/wp-content\/uploads\/2023\/10\/IMG_3654.jpg\" alt=\"\" class=\"wp-image-162\" srcset=\"https:\/\/ysministry.org\/site\/wp-content\/uploads\/2023\/10\/IMG_3654.jpg 1024w, https:\/\/ysministry.org\/site\/wp-content\/uploads\/2023\/10\/IMG_3654-300x169.jpg 300w, https:\/\/ysministry.org\/site\/wp-content\/uploads\/2023\/10\/IMG_3654-768x432.jpg 768w\" sizes=\"auto, (max-width: 1024px) 100vw, 1024px\" \/><figcaption class=\"wp-element-caption\">Visite de l\u2019\u00e9glise MOMENTUM \u2013 13 octobre<\/figcaption><\/figure>\n<\/figure>\n\n\n\n<div class=\"wp-block-columns is-layout-flex wp-container-core-columns-is-layout-28f84493 wp-block-columns-is-layout-flex\">\n<div class=\"wp-block-column is-layout-flow wp-block-column-is-layout-flow\" style=\"flex-basis:50%\">\n<p class=\"has-text-align-center\"><strong>R\u00e9trospective depuis juin 2023<\/strong><\/p>\n\n\n\n<ul class=\"wp-block-list\">\n<li>Enseignement du cours Amener le miraculeux (Citylife) (17 juin)<\/li>\n\n\n\n<li>Retraite CDI AIMG (11-12 juillet)<\/li>\n\n\n\n<li>Rhema Connect avec \u00e9tudiants d&rsquo;Oron (22 juillet)<\/li>\n\n\n\n<li>Pr\u00e9dication \u00e0 Citylife: Le nom de J\u00e9sus (30 juillet)<\/li>\n\n\n\n<li>REPOS = vacances \u00e0 deux au bord du lac de C\u00f4me (1-8 ao\u00fbt)<\/li>\n\n\n\n<li>Pr\u00e9dication \u00e0 l&rsquo;\u00e9glise Impact d&rsquo;Avenches: 7 fois pour nous (20 ao\u00fbt)<\/li>\n\n\n\n<li>REPOS =<strong> 29 ans de mariage \u00e0 Lo\u00e8che-les-Bains (2-3 septembre)<\/strong><\/li>\n\n\n\n<li>Journ\u00e9e Impulsion AIMG \u00e0 Oron (samedi 9 septembre)<\/li>\n\n\n\n<li>Premi\u00e8re Ecole du Surnaturel avec Ken Taylor (20 septembre)<\/li>\n\n\n\n<li>Stands AIMG et Rhema \u00e0 la Gospel Wave Conf\u00e9rence \u00e0 Oron (22-23 septembre)<\/li>\n\n\n\n<li>Soir\u00e9es Miracles &amp; Gu\u00e9risons AIMG en ligne, gestion des Equipiers de Pri\u00e8re et des demandes (jeudi 28 septembre)<\/li>\n\n\n\n<li>2\u00e8me Ecole du Surnaturel avec J\u00e9r\u00e9my Pothin (4 octobre)<\/li>\n\n\n\n<li>WE Rhema \u00e0 Leysin avec Timo Anzalone sur l&rsquo;Alliance de sang (6-7 octobre)<\/li>\n\n\n\n<li>Mod\u00e9ration du chat Youtube lors de la soir\u00e9e M&amp;G de Paris (7 octobre)<\/li>\n\n\n\n<li>Pr\u00e9dication \u00e0 Citylife: Le R\u00e9veil c&rsquo;est maintenant (8 octobre)<\/li>\n\n\n\n<li>Retraite CityLife &#8211; voyage avec la DP \u00e0 Bordeaux et visite de l&rsquo;\u00e9glise Momentum (Patrice Martorano) (12-14 octobre)<\/li>\n\n\n\n<li>3\u00e8me Ecole du Surnaturel avec Eric P\u00e9chin (18 octobre)<\/li>\n<\/ul>\n<\/div>\n\n\n\n<div class=\"wp-block-column is-layout-flow wp-block-column-is-layout-flow\" style=\"flex-basis:50%\">\n<p class=\"has-text-align-center\"><strong>Engagements jusqu&rsquo;\u00e0 la fin de l&rsquo;ann\u00e9e 2023<\/strong><\/p>\n\n\n\n<ul class=\"wp-block-list\">\n<li>Ecole du Surnaturel avec Werner Lehmann (1 novembre)<\/li>\n\n\n\n<li>Enseignement du cours SERVIR, un appel pour tous (Citylife) (4 novembre)<\/li>\n\n\n\n<li>Ecole du Surnaturel (15 novembre)<\/li>\n\n\n\n<li>Ecole du R\u00e9veil en pr\u00e9sentiel \u00e0 Paris (AIMG) (17-19 novembre)<\/li>\n\n\n\n<li>Soir\u00e9e Miracles &amp; Gu\u00e9risons en ligne (23 novembre)<\/li>\n\n\n\n<li>Journ\u00e9e des \u00e9glises apostoliques, dont Citylife fait partie (25 novembre)<\/li>\n\n\n\n<li>Ecole du Surnaturel (29 novembre)<\/li>\n\n\n\n<li>Ecole du Surnaturel (13 d\u00e9cembre)<\/li>\n\n\n\n<li>No\u00ebl Citylife (16 d\u00e9cembre)<\/li>\n<\/ul>\n<\/div>\n<\/div>\n<\/div>\n","protected":false},"excerpt":{"rendered":"<p>Chers amis,&nbsp;Nous sommes dans la joie de vous annoncer une nouvelle qui va chambouler nos vies&#8230;&nbsp; Cela fait maintenant plusieurs ann\u00e9es que le Seigneur a mis sur notre coeur de l\u00e2cher notre travail s\u00e9culier pour pouvoir oeuvrer \u00e0 temps plein dans le minist\u00e8re qu&rsquo;il nous a confi\u00e9. Plusieurs ann\u00e9es \u00e0 se demander quand, comment,&#8230; et [&hellip;]<\/p>\n","protected":false},"author":2,"featured_media":148,"comment_status":"closed","ping_status":"open","sticky":false,"template":"","format":"standard","meta":{"footnotes":""},"categories":[16,10,14,12,31,11,15,13],"tags":[],"class_list":["post-82","post","type-post","status-publish","format-standard","has-post-thumbnail","hentry","category-aimg","category-citylife","category-enseignement","category-formation","category-news","category-rhema","category-soutien","category-visite"],"_links":{"self":[{"href":"https:\/\/ysministry.org\/site\/wp-json\/wp\/v2\/posts\/82","targetHints":{"allow":["GET"]}}],"collection":[{"href":"https:\/\/ysministry.org\/site\/wp-json\/wp\/v2\/posts"}],"about":[{"href":"https:\/\/ysministry.org\/site\/wp-json\/wp\/v2\/types\/post"}],"author":[{"embeddable":true,"href":"https:\/\/ysministry.org\/site\/wp-json\/wp\/v2\/users\/2"}],"replies":[{"embeddable":true,"href":"https:\/\/ysministry.org\/site\/wp-json\/wp\/v2\/comments?post=82"}],"version-history":[{"count":16,"href":"https:\/\/ysministry.org\/site\/wp-json\/wp\/v2\/posts\/82\/revisions"}],"predecessor-version":[{"id":1869,"href":"https:\/\/ysministry.org\/site\/wp-json\/wp\/v2\/posts\/82\/revisions\/1869"}],"wp:featuredmedia":[{"embeddable":true,"href":"https:\/\/ysministry.org\/site\/wp-json\/wp\/v2\/media\/148"}],"wp:attachment":[{"href":"https:\/\/ysministry.org\/site\/wp-json\/wp\/v2\/media?parent=82"}],"wp:term":[{"taxonomy":"category","embeddable":true,"href":"https:\/\/ysministry.org\/site\/wp-json\/wp\/v2\/categories?post=82"},{"taxonomy":"post_tag","embeddable":true,"href":"https:\/\/ysministry.org\/site\/wp-json\/wp\/v2\/tags?post=82"}],"curies":[{"name":"wp","href":"https:\/\/api.w.org\/{rel}","templated":true}]}}