{"id":85,"date":"2023-05-20T21:00:00","date_gmt":"2023-05-20T19:00:00","guid":{"rendered":""},"modified":"2023-12-10T08:21:56","modified_gmt":"2023-12-10T07:21:56","slug":"%f0%9f%94%a5-presence-2023-a-fond-pour-jesus-%f0%9f%8f%86","status":"publish","type":"post","link":"https:\/\/ysministry.org\/site\/%f0%9f%94%a5-presence-2023-a-fond-pour-jesus-%f0%9f%8f%86\/","title":{"rendered":"\ud83d\udd25 PRESENCE 2023, \u00c0 FOND POUR J\u00c9SUS \ud83c\udfc6"},"content":{"rendered":"<h2 style=\"text-align: center;\">PRESENCE AIMG AMBILLY FRANCE<\/h2>\n<table align=\"center\" cellpadding=\"0\" cellspacing=\"0\" style=\"margin-left: auto; margin-right: auto;\">\n<tbody>\n<tr>\n<td style=\"text-align: center;\"><a href=\"https:\/\/ysministry.org\/site\/wp-content\/uploads\/2023\/05\/18052023-20PRESENCE-20AIMG-202023-20YANNICK-20BILLIOUX-20-395.jpg\" style=\"margin-left: auto; margin-right: auto;\"><img loading=\"lazy\" decoding=\"async\" border=\"0\" data-original-height=\"3648\" data-original-width=\"5472\" height=\"426\" src=\"https:\/\/ysministry.org\/site\/wp-content\/uploads\/2023\/05\/18052023-20PRESENCE-20AIMG-202023-20YANNICK-20BILLIOUX-20-395-300x200.jpg\" width=\"640\" \/><\/a><\/td>\n<\/tr>\n<tr>\n<td style=\"text-align: center;\">Salle d&rsquo;Ambilly<\/td>\n<\/tr>\n<\/tbody>\n<\/table>\n<p style=\"text-align: justify;\"><\/p>\n<p style=\"text-align: justify;\">Comme chaque ann\u00e9e, \u00e0 l&rsquo;Ascension, l&rsquo;AIMG organise la conf\u00e9rence PRESENCE. C&rsquo;est une occasion unique pour r\u00e9unir toutes les personnes qui oeuvrent \u00e0 l&rsquo;AIMG et\/ou qui aiment J\u00e9sus, pendant 3 jours entiers.<\/p>\n<p style=\"text-align: justify;\">Cette ann\u00e9e, nous sommes retourn\u00e9s, <a href=\"https:\/\/ysdupraz.blogspot.com\/2022\/06\/aimg-presence-2022.html\">comme en 2022<\/a>, \u00e0 Ambilly pr\u00e8s de la fronti\u00e8re genevoise. Ce sont plus de 1000 personnes qui sont venues vivre ces temps dans la pr\u00e9sence de Dieu. WOW!&nbsp;<\/p>\n<table align=\"center\" cellpadding=\"0\" cellspacing=\"0\" style=\"margin-left: auto; margin-right: auto;\">\n<tbody>\n<tr>\n<td style=\"text-align: center;\"><a href=\"https:\/\/ysministry.org\/site\/wp-content\/uploads\/2023\/05\/20052023SAMEDI-20MATIN-20PRESENCE-20AIMG-202023-20YANNICK-20BILLIOUX-20-255.jpg\" style=\"margin-left: auto; margin-right: auto;\"><img loading=\"lazy\" decoding=\"async\" border=\"0\" data-original-height=\"3599\" data-original-width=\"5398\" height=\"426\" src=\"https:\/\/ysministry.org\/site\/wp-content\/uploads\/2023\/05\/20052023SAMEDI-20MATIN-20PRESENCE-20AIMG-202023-20YANNICK-20BILLIOUX-20-255-300x200.jpg\" width=\"640\" \/><\/a><\/td>\n<\/tr>\n<tr>\n<td style=\"text-align: center;\">Les HTM et leur chasuble rouge au travail.<\/td>\n<\/tr>\n<\/tbody>\n<\/table>\n<p><\/p>\n<div style=\"text-align: justify;\"><\/div>\n<div style=\"text-align: justify;\">Nous avons re\u00e7u diverses personnes de diff\u00e9rents horizons, telles que Soeur Judith Myriam, le P\u00e8re Jean-Michel Tour, Mattheus van der Steen, Markus &amp; Elsie Wenz, Carlos Payan, J\u00e9r\u00e9mie Bader et Jean-Luc &amp; Josiane Trachsel; avec l&rsquo;\u00e9quipe de louange de Gilbert Chellembron.&nbsp;<\/div>\n<div style=\"text-align: justify;\">Des moments pr\u00e9cieux remplis de la gloire de J\u00e9sus o\u00f9 le Saint-Esprit a pu agir en gu\u00e9rissant, b\u00e9nissant, fortifiant de tr\u00e8s nombreuses personnes.<\/div>\n<\/p>\n<p style=\"text-align: justify;\">Nous avons eu l&rsquo;honneur de pr\u00e9sider la conf\u00e9rence durant le vendredi apr\u00e8s-midi. Quel d\u00e9fi pour nous. Au moment de d\u00e9buter, la personne invit\u00e9e n&rsquo;\u00e9tait pas encore dans la salle ! Nous avons d\u00fb parer \u00e0 l&rsquo;impr\u00e9vu et finalement, tout s&rsquo;est super bien pass\u00e9.<\/p>\n<table align=\"center\" cellpadding=\"0\" cellspacing=\"0\" style=\"margin-left: auto; margin-right: auto;\">\n<tbody>\n<tr>\n<td style=\"text-align: center;\"><a href=\"https:\/\/ysministry.org\/site\/wp-content\/uploads\/2023\/05\/19052023-20PRESENCE-20AIMG-202023-20YANNICK-20BILLIOUX-20-897.jpg\" style=\"margin-left: auto; margin-right: auto;\"><img loading=\"lazy\" decoding=\"async\" border=\"0\" data-original-height=\"4434\" data-original-width=\"6651\" height=\"426\" src=\"https:\/\/ysministry.org\/site\/wp-content\/uploads\/2023\/05\/19052023-20PRESENCE-20AIMG-202023-20YANNICK-20BILLIOUX-20-897-300x200.jpg\" width=\"640\" \/><\/a><\/td>\n<\/tr>\n<tr>\n<td style=\"text-align: center;\">Superbe !<\/td>\n<\/tr>\n<\/tbody>\n<\/table>\n<p style=\"text-align: justify;\"><\/p>\n<p style=\"text-align: justify;\">Notre r\u00f4le dans cette conf\u00e9rence a \u00e9t\u00e9 de diriger, encourager, f\u00e9liciter, enseigner, conseiller, l&rsquo;\u00e9quipe des prieurs. Nous avons pu r\u00e9unir une soixantaine d&rsquo;\u00e9quipiers de pri\u00e8re de l&rsquo;AIMG, dont certains form\u00e9s durant cette derni\u00e8re ann\u00e9e. Nous les avons r\u00e9partis en 6 sous-groupes pour prier dans la salle. C&rsquo;est une r\u00e9elle joie de nous occuper d&rsquo;une telle \u00e9quipe z\u00e9l\u00e9e pour J\u00e9sus.&nbsp;<\/p>\n<p><span><\/span><span><a name='more'><\/a><\/span><\/p>\n<p style=\"text-align: justify;\"><\/p>\n<table align=\"center\" cellpadding=\"0\" cellspacing=\"0\" style=\"margin-left: auto; margin-right: auto;\">\n<tbody>\n<tr>\n<td style=\"text-align: center;\"><a href=\"https:\/\/ysministry.org\/site\/wp-content\/uploads\/2023\/05\/HTM-TEAM.jpeg\" style=\"margin-left: auto; margin-right: auto;\"><img loading=\"lazy\" decoding=\"async\" border=\"0\" data-original-height=\"1186\" data-original-width=\"1580\" height=\"480\" src=\"https:\/\/ysministry.org\/site\/wp-content\/uploads\/2023\/05\/HTM-TEAM-300x225.jpeg\" width=\"640\" \/><\/a><\/td>\n<\/tr>\n<tr>\n<td style=\"text-align: center;\">Une \u00e9quipe motiv\u00e9e et motivante.<\/td>\n<\/tr>\n<\/tbody>\n<\/table>\n<p style=\"text-align: justify;\"><\/p>\n<p style=\"text-align: justify;\">A chaque fois, les \u00e9quipiers de pri\u00e8re sont \u00e0 l&rsquo;oeuvre pour guider les personnes durant les temps de minist\u00e8re, prier pour celles qui le demandent et surtout, se r\u00e9jouir des nombreux t\u00e9moignages.<\/p>\n<h4 style=\"text-align: center;\">&nbsp;= = = = = = T\u00c9MOIGNAGES = = = = = =&nbsp;<\/h4>\n<p style=\"text-align: justify;\">Yves a pu prier pour une dame qui souffrait d&rsquo;acouph\u00e8nes. Elle est rentr\u00e9e chez elle pour aller v\u00e9rifier&nbsp; et, elle est totalement gu\u00e9rie. J\u00e9sus est vivant aujourd&rsquo;hui.<\/p>\n<p style=\"text-align: justify;\">Sabine a pu prier pour une dame qui \u00e9tait prise par de fortes oppressions, qui n\u2019avait plus de joie apr\u00e8s la perte de son fils, elle avait mal \u00e0 toutes les articulations et ne pouvait plus respirer correctement. Apr\u00e8s la pri\u00e8re elle a \u00e9t\u00e9 lib\u00e9r\u00e9e: elle respire bien et les douleurs aux articulations ont disparu.&nbsp;<\/p>\n<p style=\"text-align: justify;\">\ud83d\ude4c\ud83c\udffb Gloire \u00e0 J\u00e9sus!<\/p>\n<h4 style=\"text-align: center;\">= = = = = = = = = = = = =<\/h4>\n<table align=\"center\" cellpadding=\"0\" cellspacing=\"0\" style=\"margin-left: auto; margin-right: auto;\">\n<tbody>\n<tr>\n<td style=\"text-align: center;\"><a href=\"https:\/\/ysministry.org\/site\/wp-content\/uploads\/2023\/05\/19052023-20PRESENCE-20AIMG-202023-20YANNICK-20BILLIOUX-20-970.jpg\" style=\"margin-left: auto; margin-right: auto;\"><img loading=\"lazy\" decoding=\"async\" border=\"0\" data-original-height=\"4447\" data-original-width=\"6670\" height=\"426\" src=\"https:\/\/ysministry.org\/site\/wp-content\/uploads\/2023\/05\/19052023-20PRESENCE-20AIMG-202023-20YANNICK-20BILLIOUX-20-970-300x200.jpg\" width=\"640\" \/><\/a><\/td>\n<\/tr>\n<tr>\n<td style=\"text-align: center;\">Lucas Banovic, un homme en feu pour Dieu !<\/td>\n<\/tr>\n<\/tbody>\n<\/table>\n<p style=\"text-align: justify;\"><\/p>\n<p style=\"text-align: justify;\">Le point fort de cette conf\u00e9rence a \u00e9t\u00e9 le vendredi apr\u00e8s-midi o\u00f9 Lucas Banovic, \u00e9vang\u00e9liste \u00e0 l&rsquo;AIMG, a envoy\u00e9 presque mille personnes par petits groupes pour aller \u00e9vang\u00e9liser dans les rues d&rsquo;Annemasse et d&rsquo;Ambilly. Toutes sont rentr\u00e9es remplies de joie d&rsquo;avoir pu parler de J\u00e9sus et gu\u00e9rir les malades.&nbsp;<\/p>\n<table align=\"center\" cellpadding=\"0\" cellspacing=\"0\" style=\"margin-left: auto; margin-right: auto;\">\n<tbody>\n<tr>\n<td style=\"text-align: center;\"><a href=\"https:\/\/ysministry.org\/site\/wp-content\/uploads\/2023\/05\/19052023-20PRESENCE-20AIMG-202023-20YANNICK-20BILLIOUX-20-985.jpg\" style=\"margin-left: auto; margin-right: auto;\"><img loading=\"lazy\" decoding=\"async\" border=\"0\" data-original-height=\"3603\" data-original-width=\"5405\" height=\"426\" src=\"https:\/\/ysministry.org\/site\/wp-content\/uploads\/2023\/05\/19052023-20PRESENCE-20AIMG-202023-20YANNICK-20BILLIOUX-20-985-300x200.jpg\" width=\"640\" \/><\/a><\/td>\n<\/tr>\n<tr>\n<td style=\"text-align: center;\">Organisation des groupes pour partir en ville.<\/td>\n<\/tr>\n<\/tbody>\n<\/table>\n<p><\/p>\n<p style=\"text-align: justify;\"><\/p>\n<p style=\"text-align: justify;\">Un privil\u00e8ge \u00e9galement de vivre des temps intenses o\u00f9 le Saint-Esprit a d\u00e9vers\u00e9 une onction de joie dans toute la salle. Quel bienfait de vivre en SA PRESENCE! Nous sommes renouvel\u00e9s dans tout notre \u00eatre.<\/p>\n<table align=\"center\" cellpadding=\"0\" cellspacing=\"0\" style=\"margin-left: auto; margin-right: auto;\">\n<tbody>\n<tr>\n<td style=\"text-align: center;\"><a href=\"https:\/\/ysministry.org\/site\/wp-content\/uploads\/2023\/05\/HTM-CALL.jpeg\" style=\"margin-left: auto; margin-right: auto;\"><img loading=\"lazy\" decoding=\"async\" border=\"0\" data-original-height=\"1000\" data-original-width=\"750\" height=\"400\" src=\"https:\/\/ysministry.org\/site\/wp-content\/uploads\/2023\/05\/HTM-CALL-225x300.jpeg\" width=\"300\" \/><\/a><\/td>\n<\/tr>\n<tr>\n<td style=\"text-align: center;\"><\/td>\n<\/tr>\n<\/tbody>\n<\/table>\n<p style=\"text-align: justify;\">Cette ann\u00e9e, notre fille B\u00e9ryl a pu \u00e9galement venir; elle avait d\u00e9j\u00e0 oeuvr\u00e9 pour l&rsquo;AIMG depuis septembre 2022 en pr\u00e9sidant des soir\u00e9es Miracles &amp; Gu\u00e9risons. Quel honneur cela a \u00e9t\u00e9 pour elle de pr\u00e9senter le nouveau livre de Jean-Luc Trachsel et faire les annonces. Cette jeune femme est remplie de l&rsquo;Esprit et elle a un don av\u00e9r\u00e9 pour pr\u00e9sider. Nous sommes fiers d&rsquo;elle et de la femme de Dieu qu&rsquo;elle devient jour apr\u00e8s jour. Nous avons eu beaucoup de joie \u00e0 vivre ces quatre jours ensemble, quelle b\u00e9n\u00e9diction!<\/p>\n<table align=\"center\" cellpadding=\"0\" cellspacing=\"0\" style=\"margin-left: auto; margin-right: auto;\">\n<tbody>\n<tr>\n<td style=\"text-align: center;\"><a href=\"https:\/\/ysministry.org\/site\/wp-content\/uploads\/2023\/05\/20052023SAMEDI-20MATIN-20PRESENCE-20AIMG-202023-20YANNICK-20BILLIOUX-20-34.jpg\" style=\"margin-left: auto; margin-right: auto;\"><img loading=\"lazy\" decoding=\"async\" border=\"0\" data-original-height=\"4406\" data-original-width=\"6609\" height=\"426\" src=\"https:\/\/ysministry.org\/site\/wp-content\/uploads\/2023\/05\/20052023SAMEDI-20MATIN-20PRESENCE-20AIMG-202023-20YANNICK-20BILLIOUX-20-34-300x200.jpg\" width=\"640\" \/><\/a><\/td>\n<\/tr>\n<tr>\n<td style=\"text-align: center;\">B\u00e9ryl, une femme en feu pour J\u00e9sus!<\/td>\n<\/tr>\n<\/tbody>\n<\/table>\n<p style=\"text-align: justify;\"><\/p>\n<p style=\"text-align: justify;\">Ces moments peuvent \u00eatre visionn\u00e9s et revus sur Youtube.&nbsp;<\/p>\n<p style=\"text-align: justify;\"><\/p>\n<p style=\"text-align: justify;\">\n<table align=\"center\" cellpadding=\"0\" cellspacing=\"0\" style=\"margin-left: auto; margin-right: auto;\">\n<tbody>\n<tr>\n<td style=\"text-align: center;\"><span style=\"margin-left: auto; margin-right: auto;\"><a href=\"https:\/\/youtube.com\/playlist?list=PLWH_vnIz459objV6I_R9Rj5xQuXQgVDU7\"><img loading=\"lazy\" decoding=\"async\" alt=\"\" data-original-height=\"1080\" data-original-width=\"1920\" height=\"225\" src=\"https:\/\/blogger.googleusercontent.com\/img\/a\/AVvXsEggkBmQz4BUd36yP2DuNlTemfT0wVgtO6yGguf6ESV1pFo7I6wyZWk2khYr5BZqQNHwLjw5qQliwM0oBvSXCxSaXwVEnBlcNAArxK1Z_Uw4iVHilLb-FhIctzL-LfOylEwNM3FReqHwLGpycqsnIIrX8G7m3Ak3gm3fGXCeEwhFS5JgDCOy8XIQLAQ=w400-h225\" width=\"400\" \/><\/a><\/span><\/td>\n<\/tr>\n<tr>\n<td style=\"text-align: center;\"><a href=\"https:\/\/youtube.com\/playlist?list=PLWH_vnIz459objV6I_R9Rj5xQuXQgVDU7\">Cliquez sur la vignette pour voir les vid\u00e9os de PRESENCE 2023<\/a><\/td>\n<\/tr>\n<\/tbody>\n<\/table>\n<p style=\"text-align: justify;\"><\/p>\n","protected":false},"excerpt":{"rendered":"<p>PRESENCE AIMG AMBILLY FRANCE Salle d&rsquo;Ambilly Comme chaque ann\u00e9e, \u00e0 l&rsquo;Ascension, l&rsquo;AIMG organise la conf\u00e9rence PRESENCE. C&rsquo;est une occasion unique pour r\u00e9unir toutes les personnes qui oeuvrent \u00e0 l&rsquo;AIMG et\/ou qui aiment J\u00e9sus, pendant 3 jours entiers. Cette ann\u00e9e, nous sommes retourn\u00e9s, comme en 2022, \u00e0 Ambilly pr\u00e8s de la fronti\u00e8re genevoise. Ce sont plus [&hellip;]<\/p>\n","protected":false},"author":2,"featured_media":173,"comment_status":"closed","ping_status":"open","sticky":false,"template":"","format":"standard","meta":{"footnotes":""},"categories":[16,18,21,19,31,17,20],"tags":[],"class_list":["post-85","post","type-post","status-publish","format-standard","has-post-thumbnail","hentry","category-aimg","category-equipiers-priere","category-guerison","category-miracles","category-news","category-presence","category-temoignage"],"_links":{"self":[{"href":"https:\/\/ysministry.org\/site\/wp-json\/wp\/v2\/posts\/85","targetHints":{"allow":["GET"]}}],"collection":[{"href":"https:\/\/ysministry.org\/site\/wp-json\/wp\/v2\/posts"}],"about":[{"href":"https:\/\/ysministry.org\/site\/wp-json\/wp\/v2\/types\/post"}],"author":[{"embeddable":true,"href":"https:\/\/ysministry.org\/site\/wp-json\/wp\/v2\/users\/2"}],"replies":[{"embeddable":true,"href":"https:\/\/ysministry.org\/site\/wp-json\/wp\/v2\/comments?post=85"}],"version-history":[{"count":2,"href":"https:\/\/ysministry.org\/site\/wp-json\/wp\/v2\/posts\/85\/revisions"}],"predecessor-version":[{"id":341,"href":"https:\/\/ysministry.org\/site\/wp-json\/wp\/v2\/posts\/85\/revisions\/341"}],"wp:featuredmedia":[{"embeddable":true,"href":"https:\/\/ysministry.org\/site\/wp-json\/wp\/v2\/media\/173"}],"wp:attachment":[{"href":"https:\/\/ysministry.org\/site\/wp-json\/wp\/v2\/media?parent=85"}],"wp:term":[{"taxonomy":"category","embeddable":true,"href":"https:\/\/ysministry.org\/site\/wp-json\/wp\/v2\/categories?post=85"},{"taxonomy":"post_tag","embeddable":true,"href":"https:\/\/ysministry.org\/site\/wp-json\/wp\/v2\/tags?post=85"}],"curies":[{"name":"wp","href":"https:\/\/api.w.org\/{rel}","templated":true}]}}