{"id":86,"date":"2023-03-02T22:15:00","date_gmt":"2023-03-02T21:15:00","guid":{"rendered":""},"modified":"2023-12-10T08:23:02","modified_gmt":"2023-12-10T07:23:02","slug":"2023-%f0%9f%93%96-annee-de-lalignement-%f0%9f%94%ad","status":"publish","type":"post","link":"https:\/\/ysministry.org\/site\/2023-%f0%9f%93%96-annee-de-lalignement-%f0%9f%94%ad\/","title":{"rendered":"2023 \ud83d\udcd6 Ann\u00e9e de l&rsquo;alignement \ud83d\udd2d"},"content":{"rendered":"<p style=\"text-align: justify;\">C&rsquo;est une joie de t&rsquo;\u00e9crire en ce d\u00e9but mars 2023.&nbsp; Il est encore et toujours le temps de te souhaiter une ann\u00e9e prosp\u00e8re et b\u00e9nie \u00e0 tous \u00e9gards.<\/p>\n<h2 style=\"text-align: center;\"><u>Cot\u00e9 famille<\/u><\/h2>\n<p style=\"text-align: justify;\">Depuis notre derni\u00e8re lettre, Sabine a f\u00eat\u00e9 ses 50 ans, entour\u00e9e de pleins d&rsquo;amis, honor\u00e9e de voir toute sa famille organiser de tr\u00e8s belles surprises. Un saut en parapente a \u00e9t\u00e9 la premi\u00e8re \u00e9tape de cette journ\u00e9e inoubliable du 19 novembre.&nbsp;<\/p>\n<table align=\"center\" cellpadding=\"0\" cellspacing=\"0\" style=\"margin-left: auto; margin-right: auto;\">\n<tbody>\n<tr>\n<td style=\"text-align: center;\"><a href=\"https:\/\/ysministry.org\/site\/wp-content\/uploads\/2023\/03\/C01F716F-8049-4718-B75E-C4DC9DA1FD2A.jpeg\" style=\"margin-left: auto; margin-right: auto;\"><img loading=\"lazy\" decoding=\"async\" border=\"0\" data-original-height=\"805\" data-original-width=\"1269\" height=\"406\" src=\"https:\/\/ysministry.org\/site\/wp-content\/uploads\/2023\/03\/C01F716F-8049-4718-B75E-C4DC9DA1FD2A-300x190.jpeg\" width=\"640\" \/><\/a><\/td>\n<\/tr>\n<tr>\n<td style=\"text-align: center;\">Sabine en plein vol<\/td>\n<\/tr>\n<\/tbody>\n<\/table>\n<table cellpadding=\"0\" cellspacing=\"0\" style=\"margin-left: auto; margin-right: auto; text-align: center;\">\n<tbody>\n<tr>\n<td style=\"text-align: center;\"><\/td>\n<\/tr>\n<tr>\n<td style=\"text-align: center;\"><span style=\"text-align: justify;\"><\/p>\n<div style=\"text-align: justify;\">Malgr\u00e9 un froid de canard au sommet du Chasseral, deux sauts de suite ont pu se faire! Le bapt\u00eame de l&rsquo;air est fait! Quelle impression de se retrouver entre terre et ciel, \u00e0 la hauteur des oiseaux! Magnifique! Merci Charl\u00e8ne d&rsquo;avoir organis\u00e9 cela et de l&rsquo;avoir pouss\u00e9e \u00e0 faire une chose qu&rsquo;elle n&rsquo;aurait jamais faite par elle-m\u00eame!&nbsp;<\/div>\n<p><\/span><\/td>\n<\/tr>\n<\/tbody>\n<\/table>\n<p style=\"text-align: justify;\">Yves et Charl\u00e8ne l&rsquo;ont conduite ensuite dans un petit refuge en pleine for\u00eat pour y rencontrer les amis, la famille et manger un succulent poulet, sorti du food truck venu expr\u00e8s pour cette occasion.<\/p>\n<p style=\"text-align: justify;\">Merci mon tendre \u00e9poux, mes trois merveilleux enfants et mon cher beau-fils de m&rsquo;avoir ainsi g\u00e2t\u00e9e!<\/p>\n<table align=\"center\" cellpadding=\"0\" cellspacing=\"0\" style=\"margin-left: auto; margin-right: auto;\">\n<tbody>\n<tr>\n<td style=\"text-align: center;\"><a href=\"https:\/\/ysministry.org\/site\/wp-content\/uploads\/2023\/03\/BD9D44B3-9630-435E-8BDB-2CC5BE41B5F7.jpeg\" style=\"margin-left: auto; margin-right: auto;\"><img loading=\"lazy\" decoding=\"async\" border=\"0\" data-original-height=\"3072\" data-original-width=\"4608\" height=\"426\" src=\"https:\/\/ysministry.org\/site\/wp-content\/uploads\/2023\/03\/BD9D44B3-9630-435E-8BDB-2CC5BE41B5F7-300x200.jpeg\" width=\"640\" \/><\/a><\/td>\n<\/tr>\n<tr>\n<td style=\"text-align: center;\">Une belle surprise&#8230; vous y \u00e9tiez ?<\/td>\n<\/tr>\n<\/tbody>\n<\/table>\n<p style=\"text-align: justify;\">No\u00ebl est arriv\u00e9 si vite cette ann\u00e9e \ud83d\ude09 Heureux de profiter de deux semaines de cong\u00e9. Cette ann\u00e9e, c&rsquo;\u00e9tait d\u00e9fiant de trouver du temps pour rassembler toute la famille, et nous avons r\u00e9ussi en partant 3 jours dans la r\u00e9gion d&rsquo;Aarau. Charl\u00e8ne et Johan nous ont rejoints et, ensemble, nous avons visit\u00e9 cette jolie r\u00e9gion et pass\u00e9 une journ\u00e9e enti\u00e8re au zoo de Zurich. Premi\u00e8re sortie en famille, \u00e0 6, depuis 2018, c&rsquo;est dire! Merci Seigneur pour chacun de nos enfants, c&rsquo;\u00e9tait bon de vivre ces moments tous ensemble!<\/p>\n<p><span><a name='more'><\/a><\/span><\/p>\n<table align=\"center\" cellpadding=\"0\" cellspacing=\"0\" style=\"margin-left: auto; margin-right: auto;\">\n<tbody>\n<tr>\n<td style=\"text-align: center;\"><a href=\"https:\/\/ysministry.org\/site\/wp-content\/uploads\/2023\/03\/3F2D734A-C462-414D-B036-8842558B042B.jpeg\" style=\"margin-left: auto; margin-right: auto;\"><img loading=\"lazy\" decoding=\"async\" border=\"0\" data-original-height=\"2268\" data-original-width=\"4032\" height=\"360\" src=\"https:\/\/ysministry.org\/site\/wp-content\/uploads\/2023\/03\/3F2D734A-C462-414D-B036-8842558B042B-300x169.jpeg\" width=\"640\" \/><\/a><\/td>\n<\/tr>\n<tr>\n<td style=\"text-align: center;\">La famille devant la savane africaine de Zurich<\/p>\n<\/td>\n<\/tr>\n<\/tbody>\n<\/table>\n<h2 style=\"text-align: center;\"><u>A Rhema<\/u><\/h2>\n<p style=\"text-align: justify;\">Le week-end des 25-26 novembre 2022, nous avons eu le privil\u00e8ge d&rsquo;enseigner \u00e0 Rhema Oron sur la gu\u00e9rison divine. Une classe toute nouvelle qui a une grande soif d&rsquo;apprendre. Nous avons eu un r\u00e9el bon temps, et nous avons pu voir Dieu agir dans les corps de certains \u00e9tudiants, gloire \u00e0 J\u00e9sus!<\/p>\n<p style=\"text-align: justify;\">Nous nous sommes \u00e9galement rendus \u00e0 Nantes, du 15 au 18 f\u00e9vrier, pour visiter la ville mais surtout pour enseigner au Campus de Rhema sur la gu\u00e9rison divine. A nouveau, nous sommes \u00e9merveill\u00e9s de voir comment le St-Esprit glorifie J\u00e9sus en manifestant des gu\u00e9risons alors que l&rsquo;enseignement est lib\u00e9r\u00e9 sur ces \u00e9tudiants.&nbsp;<\/p>\n<p style=\"text-align: justify;\"><\/p>\n<h2 style=\"text-align: center;\"><u>Du c\u00f4t\u00e9 de l&rsquo;AIMG<\/u><\/h2>\n<p style=\"text-align: justify;\">Nous avons pu f\u00eater No\u00ebl en comit\u00e9 autour d&rsquo;une bonne et belle table. Nous sommes toujours reconnaissants de faire partie d&rsquo;une telle \u00e9quipe, de d\u00e9clarer plus de miracles, plus de gu\u00e9risons, plus de t\u00e9moignages en 2023!<\/p>\n<table align=\"center\" cellpadding=\"0\" cellspacing=\"0\" style=\"margin-left: auto; margin-right: auto;\">\n<tbody>\n<tr>\n<td style=\"text-align: center;\"><a href=\"https:\/\/ysministry.org\/site\/wp-content\/uploads\/2023\/03\/1D4925A0-8B56-44E6-969C-EA572FE42464.jpeg\" style=\"margin-left: auto; margin-right: auto;\"><img loading=\"lazy\" decoding=\"async\" border=\"0\" data-original-height=\"1024\" data-original-width=\"768\" height=\"400\" src=\"https:\/\/ysministry.org\/site\/wp-content\/uploads\/2023\/03\/1D4925A0-8B56-44E6-969C-EA572FE42464-225x300.jpeg\" width=\"300\" \/><\/a><\/td>\n<\/tr>\n<tr>\n<td style=\"text-align: center;\">L&rsquo;\u00e9quipe de l&rsquo;AIMG<\/td>\n<\/tr>\n<\/tbody>\n<\/table>\n<table align=\"center\" cellpadding=\"0\" cellspacing=\"0\" style=\"margin-left: auto; margin-right: auto;\">\n<tbody>\n<tr>\n<td style=\"text-align: center;\"><a href=\"https:\/\/ysministry.org\/site\/wp-content\/uploads\/2023\/03\/02DF8187-6BB7-4BCC-9C9A-E3EA9F866167.jpeg\" style=\"margin-left: auto; margin-right: auto;\"><img loading=\"lazy\" decoding=\"async\" border=\"0\" data-original-height=\"2082\" data-original-width=\"2455\" height=\"542\" src=\"https:\/\/ysministry.org\/site\/wp-content\/uploads\/2023\/03\/02DF8187-6BB7-4BCC-9C9A-E3EA9F866167-300x254.jpeg\" width=\"640\" \/><\/a><\/td>\n<\/tr>\n<tr>\n<td style=\"text-align: center;\">L&rsquo;\u00e9quipe au travail en ZOOM<\/td>\n<\/tr>\n<\/tbody>\n<\/table>\n<p><\/p>\n<div style=\"text-align: left;\"><span style=\"text-align: justify;\">Nous poursuivons l&rsquo;\u00e9cole Miracles &amp; Gu\u00e9risons \u00e0 raison d&rsquo;un mercredi sur deux. Depuis, nous avons re\u00e7u des enseignants de qualit\u00e9 comme Rebecca &amp; Philippe Boulanger, John Madan, Sandra Dubi, J\u00e9r\u00e9mie Bader, Lucie Dilbung, C-Maias. Enrichissant et stimulant! Voir et apprendre que nos \u00e9tudiants avancent et s&rsquo;affermissent dans leur foi est un grand cadeau pour nous!<\/span><\/div>\n<div style=\"text-align: left;\"><span style=\"text-align: justify;\"><br \/><\/span><\/div>\n<table align=\"center\" cellpadding=\"0\" cellspacing=\"0\" style=\"margin-left: auto; margin-right: auto;\">\n<tbody>\n<tr>\n<td style=\"text-align: center;\"><a href=\"https:\/\/ysministry.org\/site\/wp-content\/uploads\/2023\/03\/CC36EC15-C5B5-459C-8C2A-95B3F0D3002F.jpeg\" style=\"margin-left: auto; margin-right: auto;\"><img loading=\"lazy\" decoding=\"async\" border=\"0\" data-original-height=\"1737\" data-original-width=\"3088\" height=\"360\" src=\"https:\/\/ysministry.org\/site\/wp-content\/uploads\/2023\/03\/CC36EC15-C5B5-459C-8C2A-95B3F0D3002F-300x169.jpeg\" width=\"640\" \/><\/a><\/td>\n<\/tr>\n<tr>\n<td style=\"text-align: center;\">Lors de l&rsquo;\u00e9cole Miracles &amp; Gu\u00e9risons avec Lucie DILBUNG<\/td>\n<\/tr>\n<\/tbody>\n<\/table>\n<p><\/p>\n<div style=\"text-align: justify;\">Une grande nouveaut\u00e9: notre fille B\u00e9ryl a \u00e9t\u00e9 recrut\u00e9e pour \u00eatre MC lors des soir\u00e9es en ligne de l&rsquo;AIMG francophone. Wow! Elle est dou\u00e9e et pleine de z\u00e8le pour cette nouvelle responsabilit\u00e9. Quelle joie et quelle fiert\u00e9 de la voir \u00e9voluer dans les dons que Dieu lui a donn\u00e9s. Sabine a m\u00eame pu co-leader une soir\u00e9e avec elle, le jeudi 23 f\u00e9vrier avec Mica Gerber comme orateur. C&rsquo;\u00e9tait puissant!<\/div>\n<div style=\"text-align: justify;\"><\/div>\n<table align=\"center\" cellpadding=\"0\" cellspacing=\"0\" style=\"margin-left: auto; margin-right: auto;\">\n<tbody>\n<tr>\n<td style=\"text-align: center;\"><a href=\"https:\/\/ysministry.org\/site\/wp-content\/uploads\/2023\/03\/15580E31-1A01-4EE7-8537-B4C4E54F7805.png\" style=\"margin-left: auto; margin-right: auto;\"><img loading=\"lazy\" decoding=\"async\" border=\"0\" data-original-height=\"750\" data-original-width=\"1624\" height=\"296\" src=\"https:\/\/ysministry.org\/site\/wp-content\/uploads\/2023\/03\/15580E31-1A01-4EE7-8537-B4C4E54F7805-300x139.png\" width=\"640\" \/><\/a><\/td>\n<\/tr>\n<tr>\n<td style=\"text-align: center;\">B\u00e9ryl &amp; Sabine en MC<\/td>\n<\/tr>\n<\/tbody>\n<\/table>\n<p style=\"text-align: left;\"><u><br \/><\/u><\/p>\n<p style=\"text-align: left;\">\n<div style=\"clear: both; text-align: center;\"><iframe loading=\"lazy\" allowfullscreen=\"\" height=\"266\" src=\"https:\/\/www.youtube.com\/embed\/uTWK1vDcprI\" width=\"320\" youtube-src-><\/iframe><\/div>\n<\/p>\n<h2 style=\"text-align: center;\"><u>\u00c9glise<\/u><\/h2>\n<p style=\"text-align: justify;\">Une autre gr\u00e2ce est de faire partie de la Direction Pastorale de Citylife, notre \u00e9glise locale. Vivre des temps de pri\u00e8re \u00e0 genoux avec nos pasteurs sont des temps r\u00e9ellement b\u00e9nis et rafra\u00eechissants, voir la salle de cin\u00e9ma se remplir toujours plus chaque dimanche est une grande joie. Nous avons aussi le privil\u00e8ge de recevoir des gens de qualit\u00e9 tels que David Nolent et Emmanuel Schulz, directeurs du Top Chr\u00e9tien \u00e0 Paris et de profiter de leurs dons lors de le c\u00e9l\u00e9bration et aussi autour d&rsquo;un repas avec la DP.<\/p>\n<p style=\"text-align: justify;\">Vendredi 3 f\u00e9vrier, nous avons eu le grand privil\u00e8ge d&rsquo;aller pr\u00eacher-enseigner \u00e0 CityYouth, groupe de jeunes de notre \u00e9glise. Quel temps b\u00e9ni! Des jeunes, avides de vivre les dons et le surnaturel de Dieu, se sont mis en route pour prier les uns pour les autres avec foi et autorit\u00e9. R\u00e9sultat? Dieu est fid\u00e8le et il confirme toujours notre parole lorsqu&rsquo;elle est align\u00e9e \u00e0 Sa volont\u00e9: 6 gu\u00e9risons instantan\u00e9es: dos gu\u00e9ri, r\u00e9\u00e9quilibrage de jambes, \u00e9paule gu\u00e9rie, cheville gu\u00e9rie, articulation du poignet qui s&rsquo;est nettement am\u00e9lior\u00e9e, genou douloureux gu\u00e9ri! Notre Dieu est bon! J\u00e9sus a oeuvr\u00e9 parmi ces jeunes et c&rsquo;est tellement bon de pouvoir le vivre avec eux! Et le dimanche suivant, lors de la c\u00e9l\u00e9bration, un ado a re\u00e7u \u00e9galement la gu\u00e9rison de ses jambes qui se sont r\u00e9ajust\u00e9es l&rsquo;une avec l&rsquo;autre suite au t\u00e9moignage d&rsquo;une jeune.<\/p>\n<table align=\"center\" cellpadding=\"0\" cellspacing=\"0\" style=\"margin-left: auto; margin-right: auto;\">\n<tbody>\n<tr>\n<td style=\"text-align: center;\"><a href=\"https:\/\/ysministry.org\/site\/wp-content\/uploads\/2023\/03\/A910D5DB-E011-40EB-8A09-FA5F151EFA7C.jpeg\" style=\"margin-left: auto; margin-right: auto;\"><img loading=\"lazy\" decoding=\"async\" border=\"0\" data-original-height=\"2268\" data-original-width=\"4032\" height=\"360\" src=\"https:\/\/ysministry.org\/site\/wp-content\/uploads\/2023\/03\/A910D5DB-E011-40EB-8A09-FA5F151EFA7C-300x169.jpeg\" width=\"640\" \/><\/a><\/td>\n<\/tr>\n<tr>\n<td style=\"text-align: center;\">Direction pastorale avec le team du TopChr\u00e9tien<\/td>\n<\/tr>\n<\/tbody>\n<\/table>\n<p style=\"text-align: justify;\">Nous avons encore la joie d&rsquo;enseigner notre cours LifeWay \u00e0 un groupe de personnes de notre \u00e9glise. Quand la Parole est annonc\u00e9e, les coeurs changent et les vies se fransforment! Quelle gloire de pouvoir vivre cela! Merci Seigneur!<\/p>\n<p style=\"text-align: justify;\"><\/p>\n<p style=\"text-align: justify;\"><\/p>\n<p style=\"text-align: justify;\"><\/p>\n<p style=\"text-align: justify;\"><\/p>\n<p style=\"text-align: justify;\"><\/p>\n<p style=\"text-align: justify;\"><\/p>\n<p><\/p>\n","protected":false},"excerpt":{"rendered":"<p>C&rsquo;est une joie de t&rsquo;\u00e9crire en ce d\u00e9but mars 2023.&nbsp; Il est encore et toujours le temps de te souhaiter une ann\u00e9e prosp\u00e8re et b\u00e9nie \u00e0 tous \u00e9gards. Cot\u00e9 famille Depuis notre derni\u00e8re lettre, Sabine a f\u00eat\u00e9 ses 50 ans, entour\u00e9e de pleins d&rsquo;amis, honor\u00e9e de voir toute sa famille organiser de tr\u00e8s belles surprises. [&hellip;]<\/p>\n","protected":false},"author":2,"featured_media":182,"comment_status":"closed","ping_status":"open","sticky":false,"template":"","format":"standard","meta":{"footnotes":""},"categories":[16,10,31,11,22],"tags":[],"class_list":["post-86","post","type-post","status-publish","format-standard","has-post-thumbnail","hentry","category-aimg","category-citylife","category-news","category-rhema","category-rhemanantes"],"_links":{"self":[{"href":"https:\/\/ysministry.org\/site\/wp-json\/wp\/v2\/posts\/86","targetHints":{"allow":["GET"]}}],"collection":[{"href":"https:\/\/ysministry.org\/site\/wp-json\/wp\/v2\/posts"}],"about":[{"href":"https:\/\/ysministry.org\/site\/wp-json\/wp\/v2\/types\/post"}],"author":[{"embeddable":true,"href":"https:\/\/ysministry.org\/site\/wp-json\/wp\/v2\/users\/2"}],"replies":[{"embeddable":true,"href":"https:\/\/ysministry.org\/site\/wp-json\/wp\/v2\/comments?post=86"}],"version-history":[{"count":2,"href":"https:\/\/ysministry.org\/site\/wp-json\/wp\/v2\/posts\/86\/revisions"}],"predecessor-version":[{"id":342,"href":"https:\/\/ysministry.org\/site\/wp-json\/wp\/v2\/posts\/86\/revisions\/342"}],"wp:featuredmedia":[{"embeddable":true,"href":"https:\/\/ysministry.org\/site\/wp-json\/wp\/v2\/media\/182"}],"wp:attachment":[{"href":"https:\/\/ysministry.org\/site\/wp-json\/wp\/v2\/media?parent=86"}],"wp:term":[{"taxonomy":"category","embeddable":true,"href":"https:\/\/ysministry.org\/site\/wp-json\/wp\/v2\/categories?post=86"},{"taxonomy":"post_tag","embeddable":true,"href":"https:\/\/ysministry.org\/site\/wp-json\/wp\/v2\/tags?post=86"}],"curies":[{"name":"wp","href":"https:\/\/api.w.org\/{rel}","templated":true}]}}