{"id":87,"date":"2022-11-12T10:59:00","date_gmt":"2022-11-12T09:59:00","guid":{"rendered":""},"modified":"2023-12-10T08:23:35","modified_gmt":"2023-12-10T07:23:35","slug":"2022-%e2%98%80%ef%b8%8f-news-dapres-lete-%f0%9f%a4%a9","status":"publish","type":"post","link":"https:\/\/ysministry.org\/site\/2022-%e2%98%80%ef%b8%8f-news-dapres-lete-%f0%9f%a4%a9\/","title":{"rendered":"2022 | \u2600\ufe0f NEWS d&rsquo;apr\u00e8s l&rsquo;\u00e9t\u00e9 \ud83e\udd29"},"content":{"rendered":"<p style=\"text-align: justify;\">Ch\u00e8re amie, cher ami,&nbsp;<\/p>\n<p style=\"text-align: justify;\">Oui, cela fait d\u00e9j\u00e0 plusieurs mois que nous n&rsquo;avons pas donn\u00e9 de nos nouvelles.<\/p>\n<table align=\"center\" cellpadding=\"0\" cellspacing=\"0\" style=\"margin-left: auto; margin-right: auto;\">\n<tbody>\n<tr>\n<td style=\"text-align: center;\"><a href=\"https:\/\/ysministry.org\/site\/wp-content\/uploads\/2022\/11\/IMG_2851-4K.jpeg\" style=\"margin-left: auto; margin-right: auto;\"><img loading=\"lazy\" decoding=\"async\" border=\"0\" data-original-height=\"2880\" data-original-width=\"3840\" height=\"480\" src=\"https:\/\/ysministry.org\/site\/wp-content\/uploads\/2022\/11\/IMG_2851-4K-300x225.jpeg\" width=\"640\" \/><\/a><\/td>\n<\/tr>\n<tr>\n<td style=\"text-align: center;\">Au sommet du Mte Carza<\/td>\n<\/tr>\n<\/tbody>\n<\/table>\n<h4 style=\"text-align: center;\"><b><br \/><\/b><\/h4>\n<h4 style=\"text-align: center;\"><b>&nbsp;= = = = REPRENDRE DES FORCES = = =<\/b><\/h4>\n<p style=\"text-align: justify;\">L&rsquo;\u00e9t\u00e9 s&rsquo;est pass\u00e9 en douceur, malgr\u00e9 la chaleur ;), car nous sommes partis une semaine dans le nord de l&rsquo;Italie, dans un joli petit village; cela nous a fait un immense bien! Nous avons pu reprendre des forces pour commencer une nouvelle ann\u00e9e scolaire, autant professionnellement que pour nos minist\u00e8res.<\/p>\n<table align=\"center\" cellpadding=\"0\" cellspacing=\"0\" style=\"margin-left: auto; margin-right: auto;\">\n<tbody>\n<tr>\n<td style=\"text-align: center;\"><a href=\"https:\/\/ysministry.org\/site\/wp-content\/uploads\/2022\/11\/IMG_1876-4K.jpeg\" style=\"margin-left: auto; margin-right: auto;\"><img loading=\"lazy\" decoding=\"async\" border=\"0\" data-original-height=\"2160\" data-original-width=\"3840\" height=\"360\" src=\"https:\/\/ysministry.org\/site\/wp-content\/uploads\/2022\/11\/IMG_1876-4K-300x169.jpeg\" width=\"640\" \/><\/a><\/td>\n<\/tr>\n<tr>\n<td style=\"text-align: center;\">Sommet du Mte Morissolo<\/td>\n<\/tr>\n<\/tbody>\n<\/table>\n<p><\/p>\n<p style=\"text-align: justify;\">Sabine a continu\u00e9 avec ses \u00e9l\u00e8ves de l&rsquo;ann\u00e9e derni\u00e8re, les suivant en 4P (CE 1 en France) et Yves continue \u00e9galement son travail avec les 9-11S tout en d\u00e9butant une nouvelle formation pour l&rsquo;\u00e9ducation num\u00e9rique \u00e0 l&rsquo;\u00e9cole, \u00e0 raison d&rsquo;un jour par semaine \u00e0 Lausanne.<\/p>\n<p style=\"text-align: justify;\"><\/p>\n<h4 style=\"text-align: center;\">= = = AIMG = = =<\/h4>\n<p style=\"text-align: justify;\">Avec l&rsquo;AIMG, nous avons commenc\u00e9 cette saison avec <b>Impulse Day le 10 septembre,<\/b> journ\u00e9e d&rsquo;encouragement pour tous ceux qui oeuvrent dans cette association et aussi pour ceux qui d\u00e9sirent s&rsquo;y engager. Nous avons g\u00e9r\u00e9 sp\u00e9cialement l&rsquo;atelier pour les \u00e9quipiers de pri\u00e8re avec ceux qui \u00e9taient physiquement l\u00e0 et \u00e9galement avec des \u00e9quipiers plus loin dans la francophonie, ils \u00e9taient avec nous gr\u00e2ce \u00e0 la technologie Zoom. Un bon temps de pouvoir enseigner, booster tous ceux qui travaillent dans ce minist\u00e8re de pri\u00e8re de gu\u00e9rison.<\/p>\n<table align=\"center\" cellpadding=\"0\" cellspacing=\"0\" style=\"margin-left: auto; margin-right: auto;\">\n<tbody>\n<tr>\n<td style=\"text-align: center;\"><a href=\"https:\/\/ysministry.org\/site\/wp-content\/uploads\/2022\/11\/9A957B63-B787-4BFC-B354-5D010EF8D2F6.jpeg\" style=\"margin-left: auto; margin-right: auto;\"><img loading=\"lazy\" decoding=\"async\" border=\"0\" data-original-height=\"2316\" data-original-width=\"3088\" height=\"480\" src=\"https:\/\/ysministry.org\/site\/wp-content\/uploads\/2022\/11\/9A957B63-B787-4BFC-B354-5D010EF8D2F6-300x225.jpeg\" width=\"640\" \/><\/a><\/td>\n<\/tr>\n<tr>\n<td style=\"text-align: center;\">Pr\u00eats pour accueillir nos HTM (\u00e9quipiers de pri\u00e8re) en ligne et en pr\u00e9sentiel.<\/td>\n<\/tr>\n<\/tbody>\n<\/table>\n<p style=\"text-align: justify;\">Ce mois de septembre a \u00e9galement vu le premier jour de la nouvelle ann\u00e9e de l&rsquo;Ecole Miracles &amp; Gu\u00e9risons en ligne avec quelques 1000+ \u00e9tudiants \u00e0 travers le monde. Depuis, nous y avons re\u00e7u divers enseignants comme David Th\u00e9ry, Steve Blackah, Audrey Mack, Werner Lehmann, &#8230;. et nous aurons le privil\u00e8ge de recevoir beaucoup d&rsquo;autres toutes les deux semaines le mercredi soir. Nous avons toujours autant de plaisir et de joie de pr\u00e9sider \u00e0 cette \u00e9cole et de voir comment les \u00e9tudiants \u00e9voluent au fil des mois et d\u00e9couvrent les richesses que Dieu a en r\u00e9serve pour chacun d&rsquo;entre nous.<\/p>\n<p><span><\/span><span><a name='more'><\/a><\/span><\/p>\n<p style=\"text-align: justify;\"><\/p>\n<p style=\"text-align: justify;\">\n<div style=\"clear: both; text-align: center;\">\n<table align=\"center\" cellpadding=\"0\" cellspacing=\"0\" style=\"margin-left: auto; margin-right: auto;\">\n<tbody>\n<tr>\n<td style=\"text-align: center;\"><a href=\"https:\/\/ysministry.org\/site\/wp-content\/uploads\/2022\/11\/IMG_2258.jpg\" style=\"margin-left: auto; margin-right: auto;\"><img loading=\"lazy\" decoding=\"async\" border=\"0\" data-original-height=\"1737\" data-original-width=\"3088\" height=\"360\" src=\"https:\/\/ysministry.org\/site\/wp-content\/uploads\/2022\/11\/IMG_2258-300x169.jpg\" width=\"640\" \/><\/a><\/td>\n<\/tr>\n<tr>\n<td style=\"text-align: center;\">Ecole Miracles &amp; Gu\u00e9risons avec Werner LEHMANN<\/td>\n<\/tr>\n<\/tbody>\n<\/table>\n<p><\/p>\n<div style=\"clear: both; text-align: center;\"><\/div>\n<h4 style=\"text-align: center;\"><span style=\"text-align: justify;\">= = = RHEMA = = =<\/span><\/h4>\n<p style=\"text-align: left;\"><span style=\"text-align: justify;\">Du c\u00f4t\u00e9 de Rhema, nous sommes reconnaissants pour la nouvelle vol\u00e9e qui a d\u00e9but\u00e9 le 2 septembre \u00e0 Oron-la-Ville. Une trentaine d&rsquo;\u00e9tudiants (dont 3 de notre \u00e9glise) sont assidus et ont une grande soif d&rsquo;apprendre toujours plus de la Parole de Dieu. L&rsquo;occasion aussi pour nous de revoir nos chers amis, et directeurs,&nbsp; John et Laura Madan.<\/span><\/p>\n<\/div>\n<p style=\"text-align: justify;\">Au mois d&rsquo;octobre, Sabine a eu la joie de f\u00eater son demi si\u00e8cle! Trop reconnaissante de tout ce que le Seigneur fait et fera encore pour cette autre moiti\u00e9 de si\u00e8cle!<\/p>\n<p style=\"text-align: justify;\"><\/p>\n<\/p>\n<h4 style=\"text-align: center;\"><b>= = = YSMINISTRY = = =<\/b><\/h4>\n<div style=\"text-align: justify;\">Un grand privil\u00e8ge et un honneur pour nous a \u00e9t\u00e9 d&rsquo;\u00eatre invit\u00e9s par l&rsquo;\u00e9glise Etincelle de Nice pour encourager l&rsquo;\u00e9quipe des moniteurs de l&rsquo;enfance. Philippe et Rebecca Boulanger, ainsi que Sherry-Lynn Madan, les pasteurs, nous ont tellement bien accueillis.&nbsp;<\/div>\n<div style=\"text-align: justify;\">Nous avons pu donner un enseignement et des astuces pour oeuvrer avec les plus grands du Royaume, c&rsquo;est-\u00e0-dire, les enfants!&nbsp;<\/div>\n<div style=\"text-align: justify;\"><\/div>\n<table align=\"center\" cellpadding=\"0\" cellspacing=\"0\" style=\"margin-left: auto; margin-right: auto;\">\n<tbody>\n<tr>\n<td style=\"text-align: center;\"><a href=\"https:\/\/ysministry.org\/site\/wp-content\/uploads\/2022\/11\/771fde38-8ebb-47b6-9ee8-f0c04c1c8b3b.jpg\" style=\"margin-left: auto; margin-right: auto;\"><img loading=\"lazy\" decoding=\"async\" border=\"0\" data-original-height=\"1024\" data-original-width=\"768\" height=\"400\" src=\"https:\/\/ysministry.org\/site\/wp-content\/uploads\/2022\/11\/771fde38-8ebb-47b6-9ee8-f0c04c1c8b3b-225x300.jpg\" width=\"300\" \/><\/a><\/td>\n<\/tr>\n<tr>\n<td style=\"text-align: center;\">En plein enseignement<\/td>\n<\/tr>\n<\/tbody>\n<\/table>\n<p><\/p>\n<div style=\"text-align: justify;\"><\/div>\n<div style=\"text-align: justify;\">Le dimanche matin, nous \u00e9tions en charge de la pr\u00e9dication au culte. Etincelle est une \u00e9glise vivante et ce fut l&rsquo;occasion de mettre en pratique l&rsquo;interg\u00e9n\u00e9rationnel, d&rsquo;encourager les diff\u00e9rentes g\u00e9n\u00e9rations qui se c\u00f4toient \u00e0 aller de l&rsquo;avant ensemble, avec un m\u00eame but et un m\u00eame coeur pour J\u00e9sus!<\/div>\n<div style=\"text-align: justify;\">Nous avons vraiment \u00e9t\u00e9 b\u00e9nis de vivre ces deux jours avec eux dans cette belle r\u00e9gion de France.<\/div>\n<\/p>\n<div style=\"clear: both; text-align: center;\"><iframe loading=\"lazy\" allowfullscreen=\"\" height=\"266\" src=\"https:\/\/www.youtube.com\/embed\/VGXkJ-FF7Yc\" width=\"320\" youtube-src-><\/iframe><\/div>\n<div style=\"text-align: center;\"><i><span style=\"font-size: x-small;\">La c\u00e9l\u00e9bration \u00e0 l&rsquo;\u00e9glise \u00c9tincelle<\/span><\/i><\/div>\n<p style=\"text-align: justify;\"><\/p>\n<h4 style=\"text-align: center;\">= = = AUTOMNE = = =<\/h4>\n<table align=\"center\" cellpadding=\"0\" cellspacing=\"0\" style=\"margin-left: auto; margin-right: auto;\">\n<tbody>\n<tr>\n<td style=\"text-align: center;\"><a href=\"https:\/\/ysministry.org\/site\/wp-content\/uploads\/2022\/11\/IMG_2198-4K.jpeg\" style=\"margin-left: auto; margin-right: auto;\"><img loading=\"lazy\" decoding=\"async\" border=\"0\" data-original-height=\"2160\" data-original-width=\"3840\" height=\"360\" src=\"https:\/\/ysministry.org\/site\/wp-content\/uploads\/2022\/11\/IMG_2198-4K-300x169.jpeg\" width=\"640\" \/><\/a><\/td>\n<\/tr>\n<tr>\n<td style=\"text-align: center;\">Au sommet de l&rsquo;Aigre et vue sur Fr\u00e9jus<\/td>\n<\/tr>\n<\/tbody>\n<\/table>\n<p><\/p>\n<p style=\"text-align: justify;\">Suite \u00e0 cela, nous avons pu prendre trois jours pour nous pr\u00e8s de Fr\u00e9jus, un temps de repos mais aussi de travail car le dimanche qui a suivi, nous avons eu la joie de pr\u00eacher dans notre \u00e9glise Citylife sur le th\u00e8me: Terrasser ses peurs, avec l&rsquo;histoire de David et Goliath comme appui. C&rsquo;\u00e9tait une c\u00e9l\u00e9bration riche et remplie de la pr\u00e9sence de Dieu! Nous sommes reconnaissants d&rsquo;oeuvrer et de collaborer avec J\u00e9sus pour lib\u00e9rer les gens dans leur destin\u00e9e et leur nouvelle identit\u00e9 en Christ!<\/p>\n<table align=\"center\" cellpadding=\"0\" cellspacing=\"0\" style=\"margin-left: auto; margin-right: auto;\">\n<tbody>\n<tr>\n<td style=\"text-align: center;\"><a href=\"https:\/\/ysministry.org\/site\/wp-content\/uploads\/2022\/11\/IMG_2204.jpg\" style=\"margin-left: auto; margin-right: auto;\"><img loading=\"lazy\" decoding=\"async\" border=\"0\" data-original-height=\"2268\" data-original-width=\"4032\" height=\"360\" src=\"https:\/\/ysministry.org\/site\/wp-content\/uploads\/2022\/11\/IMG_2204-300x169.jpg\" width=\"640\" \/><\/a><\/td>\n<\/tr>\n<tr>\n<td style=\"text-align: center;\">Aqueduc de Fr\u00e9jus<\/td>\n<\/tr>\n<\/tbody>\n<\/table>\n<div><\/div>\n<div style=\"text-align: center;\"><\/div>\n<table align=\"center\" cellpadding=\"0\" cellspacing=\"0\" style=\"margin-left: auto; margin-right: auto;\">\n<tbody>\n<tr>\n<td style=\"text-align: center;\"><a href=\"https:\/\/ysministry.org\/site\/wp-content\/uploads\/2022\/11\/3392174D-7239-4462-AF77-71C61792CF63.jpeg\" style=\"margin-left: auto; margin-right: auto;\"><img loading=\"lazy\" decoding=\"async\" border=\"0\" data-original-height=\"1266\" data-original-width=\"811\" height=\"400\" src=\"https:\/\/ysministry.org\/site\/wp-content\/uploads\/2022\/11\/3392174D-7239-4462-AF77-71C61792CF63-192x300.jpeg\" width=\"256\" \/><\/a><\/td>\n<\/tr>\n<tr>\n<td style=\"text-align: center;\">Pr\u00e9dication \u00e0 CityLife<\/td>\n<\/tr>\n<\/tbody>\n<\/table>\n<div style=\"text-align: center;\"><\/div>\n<div style=\"text-align: center;\"><b><a href=\"https:\/\/music.amazon.fr\/podcasts\/8b1948c8-7e45-48ba-86ee-e96d2adcb0b9\/episodes\/dba6639b-868f-4629-96e2-61dea843274d\/citylife-riviera-podcast-audio-terrasser-ses-peurs\">\u00c9couter le message ==&gt; ICI<\/a><\/b><\/div>\n<div style=\"text-align: center;\"><b><br \/><\/b><\/div>\n<h4 style=\"text-align: center;\">= = = \u00c9COLE&nbsp; |&nbsp; FAMILLE = = =<\/h4>\n<p style=\"text-align: justify;\">Le 31 octobre, l&rsquo;\u00e9cole a repris, le rythme aussi \ud83d\ude09 et notre meilleur Ami nous accompagne dans chaque t\u00e2che qu&rsquo;Il nous confie et avec sa Gr\u00e2ce et sa Puissance, nous allons de l&rsquo;avant.<\/p>\n<p style=\"text-align: justify;\">Question famille, B\u00e9ryl recevra son Bachelor de fran\u00e7ais et italien de l&rsquo;universit\u00e9 de Lausanne mercredi 16 novembre. Nous l&rsquo;entourerons avec fiert\u00e9. Romain, apr\u00e8s de nombreux mois de service civil \u00e0 la Grande Cari\u00e7aie d&rsquo;Yverdon, est engag\u00e9 en tant que stagiaire dans une entreprise de biologie \u00e0 Lausanne. Charl\u00e8ne, quant \u00e0 elle, enseigne \u00e0 100% dans une classe de 3P \u00e0 Pailly depuis la rentr\u00e9e d&rsquo;ao\u00fbt, elle est ravie.&nbsp;<\/p>\n<p style=\"text-align: justify;\">Les 25 et 26 novembre, nous enseignerons \u00e0 Rhema Oron sur la gu\u00e9rison! Nous nous r\u00e9jouissons tellement de transmettre ce que Dieu nous met \u00e0 coeur.&nbsp;<\/p>\n<p style=\"text-align: justify;\">Un immense MERCI pour votre pr\u00e9cieux soutien. Nous vous aimons!<\/p>\n<p style=\"text-align: justify;\"><\/p>\n<div style=\"clear: both; text-align: center;\"><a href=\"https:\/\/ysdupraz.blogspot.com\/p\/blog-page.html\" style=\"margin-left: 1em; margin-right: 1em;\"><img loading=\"lazy\" decoding=\"async\" border=\"0\" data-original-height=\"500\" data-original-width=\"2292\" height=\"70\" src=\"https:\/\/ysministry.org\/site\/wp-content\/uploads\/2022\/11\/DON-BW-300x65.png\" width=\"320\" \/><\/a><\/div>\n<p><\/p>\n<p style=\"text-align: justify;\"><\/p>\n<p style=\"text-align: justify;\"><\/p>\n<p style=\"text-align: justify;\"><\/p>\n<div style=\"clear: both; text-align: center;\"><\/div>\n<p><\/p>\n<div style=\"clear: both; text-align: center;\"><\/div>\n<p><\/p>\n","protected":false},"excerpt":{"rendered":"<p>Ch\u00e8re amie, cher ami,&nbsp; Oui, cela fait d\u00e9j\u00e0 plusieurs mois que nous n&rsquo;avons pas donn\u00e9 de nos nouvelles. Au sommet du Mte Carza &nbsp;= = = = REPRENDRE DES FORCES = = = L&rsquo;\u00e9t\u00e9 s&rsquo;est pass\u00e9 en douceur, malgr\u00e9 la chaleur ;), car nous sommes partis une semaine dans le nord de l&rsquo;Italie, dans un [&hellip;]<\/p>\n","protected":false},"author":2,"featured_media":192,"comment_status":"closed","ping_status":"open","sticky":false,"template":"","format":"standard","meta":{"footnotes":""},"categories":[16,10,14,12,21,31,11,15],"tags":[],"class_list":["post-87","post","type-post","status-publish","format-standard","has-post-thumbnail","hentry","category-aimg","category-citylife","category-enseignement","category-formation","category-guerison","category-news","category-rhema","category-soutien"],"_links":{"self":[{"href":"https:\/\/ysministry.org\/site\/wp-json\/wp\/v2\/posts\/87","targetHints":{"allow":["GET"]}}],"collection":[{"href":"https:\/\/ysministry.org\/site\/wp-json\/wp\/v2\/posts"}],"about":[{"href":"https:\/\/ysministry.org\/site\/wp-json\/wp\/v2\/types\/post"}],"author":[{"embeddable":true,"href":"https:\/\/ysministry.org\/site\/wp-json\/wp\/v2\/users\/2"}],"replies":[{"embeddable":true,"href":"https:\/\/ysministry.org\/site\/wp-json\/wp\/v2\/comments?post=87"}],"version-history":[{"count":2,"href":"https:\/\/ysministry.org\/site\/wp-json\/wp\/v2\/posts\/87\/revisions"}],"predecessor-version":[{"id":257,"href":"https:\/\/ysministry.org\/site\/wp-json\/wp\/v2\/posts\/87\/revisions\/257"}],"wp:featuredmedia":[{"embeddable":true,"href":"https:\/\/ysministry.org\/site\/wp-json\/wp\/v2\/media\/192"}],"wp:attachment":[{"href":"https:\/\/ysministry.org\/site\/wp-json\/wp\/v2\/media?parent=87"}],"wp:term":[{"taxonomy":"category","embeddable":true,"href":"https:\/\/ysministry.org\/site\/wp-json\/wp\/v2\/categories?post=87"},{"taxonomy":"post_tag","embeddable":true,"href":"https:\/\/ysministry.org\/site\/wp-json\/wp\/v2\/tags?post=87"}],"curies":[{"name":"wp","href":"https:\/\/api.w.org\/{rel}","templated":true}]}}