{"id":88,"date":"2022-06-06T14:16:00","date_gmt":"2022-06-06T12:16:00","guid":{"rendered":""},"modified":"2025-10-18T13:10:40","modified_gmt":"2025-10-18T11:10:40","slug":"aimg-%f0%9f%99%8c-presence-2022-%f0%9f%94%a5","status":"publish","type":"post","link":"https:\/\/ysministry.org\/site\/aimg-%f0%9f%99%8c-presence-2022-%f0%9f%94%a5\/","title":{"rendered":"AIMG | \ud83d\ude4c PR\u00c9SENCE 2022 \ud83d\udd25"},"content":{"rendered":"<p style=\"text-align: justify;\"><\/p>\n<div style=\"clear: both; text-align: center;\"><a href=\"https:\/\/ysministry.org\/site\/wp-content\/uploads\/2022\/06\/PRES-2022-All.png\" style=\"margin-left: 1em; margin-right: 1em;\"><img loading=\"lazy\" decoding=\"async\" border=\"0\" data-original-height=\"1080\" data-original-width=\"1920\" height=\"360\" src=\"https:\/\/ysministry.org\/site\/wp-content\/uploads\/2022\/06\/PRES-2022-All-300x169.png\" width=\"640\" \/><\/a><\/div>\n<h2 style=\"text-align: center;\">WOW! WOW! WOW!&nbsp;<\/h2>\n<p style=\"text-align: justify;\">Nous avons v\u00e9cu 3 jours glorieux et b\u00e9nis \u00e0 Ambilly lors de la conf\u00e9rence PRESENCE.&nbsp;<\/p>\n<p style=\"text-align: justify;\">Voici en quelques lignes ce que nous y avons v\u00e9cu.<\/p>\n<p style=\"text-align: justify;\">Notre d\u00e9part s&rsquo;est fait d\u00e9j\u00e0 le mercredi \u00e0 14h30 juste apr\u00e8s la fin de l&rsquo;\u00e9cole. Une fois sur place, nous installons le mat\u00e9riel n\u00e9cessaire pour le studio d&rsquo;enregistrement pour la partie \u00ab\u00a0on line\u00a0\u00bb de la conf\u00e9rence (anglophone). Yves emm\u00e8ne cam\u00e9ras, tr\u00e9pieds, ordinateurs et tous les fils utiles \u00e0 la connexion. Nous prenons \u00e9galement possession des lieux en y installant le mat\u00e9riel pour les \u00e9quipiers de pri\u00e8res: Bibles, tours de cou, cartes, bonbons, couvertures, etc.<\/p>\n<table align=\"center\" cellpadding=\"0\" cellspacing=\"0\" style=\"margin-left: auto; margin-right: auto;\">\n<tbody>\n<tr>\n<td style=\"text-align: center;\"><a href=\"https:\/\/ysministry.org\/site\/wp-content\/uploads\/2022\/06\/2009a293-f0bf-471c-8663-a4ed95df8734.jpeg\" style=\"margin-left: auto; margin-right: auto;\"><img loading=\"lazy\" decoding=\"async\" border=\"0\" data-original-height=\"2016\" data-original-width=\"1512\" height=\"400\" src=\"https:\/\/ysministry.org\/site\/wp-content\/uploads\/2022\/06\/2009a293-f0bf-471c-8663-a4ed95df8734-225x300.jpeg\" width=\"300\" \/><\/a><\/td>\n<\/tr>\n<tr>\n<td style=\"text-align: center;\">Mat\u00e9riel en place&#8230;<\/td>\n<\/tr>\n<\/tbody>\n<\/table>\n<div style=\"text-align: justify;\"><\/div>\n<div style=\"text-align: justify;\">\n<table align=\"center\" cellpadding=\"0\" cellspacing=\"0\" style=\"margin-left: auto; margin-right: auto;\">\n<tbody>\n<tr>\n<td style=\"text-align: center;\"><a href=\"https:\/\/ysministry.org\/site\/wp-content\/uploads\/2022\/06\/IMG_1557.jpeg\" style=\"margin-left: auto; margin-right: auto;\"><img loading=\"lazy\" decoding=\"async\" border=\"0\" data-original-height=\"1737\" data-original-width=\"3088\" height=\"360\" src=\"https:\/\/ysministry.org\/site\/wp-content\/uploads\/2022\/06\/IMG_1557-300x169.jpeg\" width=\"640\" \/><\/a><\/td>\n<\/tr>\n<tr>\n<td style=\"text-align: center;\">J\u00e9r\u00e9mie BADER (durant un live)<\/td>\n<\/tr>\n<\/tbody>\n<\/table>\n<p>Apr\u00e8s le souper, nous avons la joie et l&rsquo;honneur d&rsquo;accueillir tous les orateurs de la conf\u00e9rence et de leur pr\u00e9senter les lieux. Nous vivons \u00e9galement un temps dans la pr\u00e9sence de Dieu en priant pour l&rsquo;entier de cette conf\u00e9rence.&nbsp;<\/div>\n<div style=\"text-align: justify;\">C&rsquo;est un tr\u00e8s bon moment aussi pour se connecter aux personnes que l&rsquo;on a rencontr\u00e9es par zoom lors des Ecoles Miracles &amp; Gu\u00e9risons, de voir \u00ab\u00a0en vrai\u00a0\u00bb celles et ceux vus sur \u00e9cran, particuli\u00e8rement Soeur Judith Myriam et David Th\u00e9ry, avec son \u00e9pouse Sylvie. On s&rsquo;\u00e9tonne mutuellement de nos tailles, plus grandes qu&rsquo;imagin\u00e9es ;).&nbsp;<\/div>\n<div style=\"text-align: justify;\">Carlos Payan, Elsie et Markus Wenz, Werner et Mado Lehmann et bien-s\u00fbr Jean-Luc Trachsel sont aussi pr\u00e9sents.<\/div>\n<div style=\"text-align: justify;\"><\/div>\n<table align=\"center\" cellpadding=\"0\" cellspacing=\"0\" style=\"margin-left: auto; margin-right: auto;\">\n<tbody>\n<tr>\n<td style=\"text-align: center;\"><a href=\"https:\/\/ysministry.org\/site\/wp-content\/uploads\/2022\/06\/FullSizeRender.jpeg\" style=\"margin-left: auto; margin-right: auto;\"><img loading=\"lazy\" decoding=\"async\" border=\"0\" data-original-height=\"1737\" data-original-width=\"3088\" height=\"360\" src=\"https:\/\/ysministry.org\/site\/wp-content\/uploads\/2022\/06\/FullSizeRender-300x169.jpeg\" width=\"640\" \/><\/a><\/td>\n<\/tr>\n<tr>\n<td style=\"text-align: center;\">Avec David et Sylvie Th\u00e9ry<\/td>\n<\/tr>\n<\/tbody>\n<\/table>\n<div style=\"text-align: justify;\"><span><a name='more'><\/a><\/span><\/div>\n<\/p>\n<table align=\"center\" cellpadding=\"0\" cellspacing=\"0\" style=\"margin-left: auto; margin-right: auto;\">\n<tbody>\n<tr>\n<td style=\"text-align: center;\"><a href=\"https:\/\/ysministry.org\/site\/wp-content\/uploads\/2022\/06\/YZ_L3902.jpeg\" style=\"margin-left: auto; margin-right: auto;\"><img loading=\"lazy\" decoding=\"async\" border=\"0\" data-original-height=\"4480\" data-original-width=\"6720\" height=\"426\" src=\"https:\/\/ysministry.org\/site\/wp-content\/uploads\/2022\/06\/YZ_L3902-300x200.jpeg\" width=\"640\" \/><\/a><\/td>\n<\/tr>\n<tr>\n<td style=\"text-align: center;\">L&rsquo;\u00e9quipe louange dirig\u00e9e par Gilbert Chellembron&nbsp;<\/td>\n<\/tr>\n<\/tbody>\n<\/table>\n<p style=\"text-align: justify;\">Nous logeons dans un h\u00f4tel \u00e0 5 minutes de voiture, avec toute l&rsquo;\u00e9quipe de louange et d&rsquo;accueil.&nbsp;<\/p>\n<\/p>\n<div style=\"text-align: justify;\">Jeudi matin, nous accueillons nos \u00e9quipi\u00e8res et \u00e9quipiers de pri\u00e8re pour un temps de pri\u00e8re avec tous les b\u00e9n\u00e9voles de la conf\u00e9rence. C&rsquo;est une grande joie de retrouver les uns, de rencontrer les autres, de d\u00e9couvrir celles et ceux que nous avons form\u00e9s pendant cette ann\u00e9e, de les voir aussi \u00ab\u00a0en vrai\u00a0\u00bb.&nbsp;<\/div>\n<div style=\"text-align: justify;\">Une cinquantaine d&rsquo;\u00e9quipiers sont l\u00e0 pour servir tout au long de ce week-end.<\/div>\n<div style=\"text-align: justify;\"><\/div>\n<table align=\"center\" cellpadding=\"0\" cellspacing=\"0\" style=\"margin-left: auto; margin-right: auto;\">\n<tbody>\n<tr>\n<td style=\"text-align: center;\"><a href=\"https:\/\/ysministry.org\/site\/wp-content\/uploads\/2022\/06\/YZ_L4216.jpeg\" style=\"margin-left: auto; margin-right: auto;\"><img loading=\"lazy\" decoding=\"async\" border=\"0\" data-original-height=\"4480\" data-original-width=\"6720\" height=\"426\" src=\"https:\/\/ysministry.org\/site\/wp-content\/uploads\/2022\/06\/YZ_L4216-300x200.jpeg\" width=\"640\" \/><\/a><\/td>\n<\/tr>\n<tr>\n<td style=\"text-align: center;\">Une \u00e9quipi\u00e8re en plein travail<\/td>\n<\/tr>\n<\/tbody>\n<\/table>\n<p><\/p>\n<div style=\"text-align: justify;\">Quatre groupes sont cr\u00e9\u00e9s, nous permettant de d\u00e9l\u00e9guer et de faciliter les contacts entre nous. C&rsquo;est une joie de collaborer avec 8 autres personnes responsables, sans eux, rien n&rsquo;aurait \u00e9t\u00e9 pareil. Nous aimons travailler en \u00e9quipe.<\/div>\n<div style=\"text-align: justify;\"><\/div>\n<table align=\"center\" cellpadding=\"0\" cellspacing=\"0\" style=\"margin-left: auto; margin-right: auto;\">\n<tbody>\n<tr>\n<td style=\"text-align: center;\"><a href=\"https:\/\/ysministry.org\/site\/wp-content\/uploads\/2022\/06\/IMG_1574.jpeg\" style=\"margin-left: auto; margin-right: auto;\"><img loading=\"lazy\" decoding=\"async\" border=\"0\" data-original-height=\"3828\" data-original-width=\"9952\" height=\"246\" src=\"https:\/\/ysministry.org\/site\/wp-content\/uploads\/2022\/06\/IMG_1574-300x115.jpeg\" width=\"640\" \/><\/a><\/td>\n<\/tr>\n<tr>\n<td style=\"text-align: center;\">Avec les HTM (\u00e9quipiers de pri\u00e8re)<\/td>\n<\/tr>\n<\/tbody>\n<\/table>\n<p><\/p>\n<div style=\"text-align: justify;\">Le St-Esprit a toujours \u00e9t\u00e9 au rendez-vous, et tout au long de ces trois jours, c&rsquo;\u00e9tait tellement merveilleux de voir des gu\u00e9risons, des d\u00e9livrances et le salut qu&rsquo;Il offre \u00e0 toute personne qui le d\u00e9sire.&nbsp;<\/div>\n<table align=\"center\" cellpadding=\"0\" cellspacing=\"0\" style=\"margin-left: auto; margin-right: auto;\">\n<tbody>\n<tr>\n<td style=\"text-align: center;\"><a href=\"https:\/\/ysministry.org\/site\/wp-content\/uploads\/2022\/06\/IMG_2434.jpeg\" style=\"margin-left: auto; margin-right: auto;\"><img loading=\"lazy\" decoding=\"async\" border=\"0\" data-original-height=\"1000\" data-original-width=\"750\" height=\"400\" src=\"https:\/\/ysministry.org\/site\/wp-content\/uploads\/2022\/06\/IMG_2434-225x300.jpeg\" width=\"300\" \/><\/a><\/td>\n<\/tr>\n<tr>\n<td style=\"text-align: center;\">Pr\u00eats pour accomplir le miraculeux !!<\/td>\n<\/tr>\n<\/tbody>\n<\/table>\n<p style=\"text-align: justify;\">Nous avons eu le privil\u00e8ge de pr\u00e9sider vendredi en d\u00e9but d&rsquo;apr\u00e8s-midi et de pr\u00e9senter David TH\u00c9RY. Nous aimons aussi faire cela. Merci Jean-Luc pour ta confiance.<\/p>\n<\/p>\n<div style=\"clear: both; text-align: center;\"><a href=\"https:\/\/ysministry.org\/site\/wp-content\/uploads\/2022\/06\/IMG_2426.jpeg\" style=\"margin-left: 1em; margin-right: 1em;\"><img loading=\"lazy\" decoding=\"async\" border=\"0\" data-original-height=\"820\" data-original-width=\"741\" height=\"320\" src=\"https:\/\/ysministry.org\/site\/wp-content\/uploads\/2022\/06\/IMG_2426-271x300.jpeg\" width=\"289\" \/><\/a><\/div>\n<p><\/p>\n<div style=\"clear: both; text-align: center;\"><a href=\"https:\/\/ysministry.org\/site\/wp-content\/uploads\/2022\/06\/f7fcf04f-6315-4028-9e0c-c7e76b92e5dc.jpeg\" style=\"margin-left: 1em; margin-right: 1em;\"><img loading=\"lazy\" decoding=\"async\" border=\"0\" data-original-height=\"1225\" data-original-width=\"879\" height=\"320\" src=\"https:\/\/ysministry.org\/site\/wp-content\/uploads\/2022\/06\/f7fcf04f-6315-4028-9e0c-c7e76b92e5dc-215x300.jpeg\" width=\"230\" \/><\/a><\/div>\n<div style=\"clear: both; text-align: center;\"><\/div>\n<div style=\"text-align: justify;\">Cette conf\u00e9rence a aussi \u00e9t\u00e9 l&rsquo;occasion de rencontrer nombre d&rsquo;\u00e9tudiants qui suivent en ligne l&rsquo;Ecole Miracles &amp; Gu\u00e9risons! Beaucoup nous accostaient, heureux de nous voir \u00ab\u00a0en vrai\u00a0\u00bb et de pouvoir parler avec nous. C&rsquo;est motivant de voir combien ces personnes sont b\u00e9nies en suivant cette \u00e9cole; elles sont si reconnaissantes, merci Seigneur!&nbsp;<\/div>\n<div style=\"text-align: justify;\"><\/div>\n<div style=\"text-align: justify;\">Chaque jour, ce sont plus de 800 personnes qui ont particip\u00e9. Quelle ferveur et quelle soif de voir Dieu agir! Nous sentons d&rsquo;autant plus les besoins apr\u00e8s ces deux ann\u00e9es covid.&nbsp;<\/div>\n<\/p>\n<table align=\"center\" cellpadding=\"0\" cellspacing=\"0\" style=\"margin-left: auto; margin-right: auto;\">\n<tbody>\n<tr>\n<td style=\"text-align: center;\"><a href=\"https:\/\/ysministry.org\/site\/wp-content\/uploads\/2022\/06\/YZ_L4083.jpeg\" style=\"margin-left: auto; margin-right: auto;\"><img loading=\"lazy\" decoding=\"async\" border=\"0\" data-original-height=\"4480\" data-original-width=\"6720\" height=\"426\" src=\"https:\/\/ysministry.org\/site\/wp-content\/uploads\/2022\/06\/YZ_L4083-300x200.jpeg\" width=\"640\" \/><\/a><\/td>\n<\/tr>\n<tr>\n<td style=\"text-align: center;\">Soeur Judith Myriam&#8230; une belle connexion.<\/td>\n<\/tr>\n<\/tbody>\n<\/table>\n<p style=\"text-align: justify;\">Nous avons tant aim\u00e9 oeuvrer durant cette conf\u00e9rence. Autant dans le management des \u00e9quipiers, que de la collaboration avec Marisa, Patrick et Jean-Luc Trachsel, nos coll\u00e8gues du CDI, qui nous donnaient r\u00e9guli\u00e8rement des feed-back et ressentis.&nbsp;<\/p>\n<p style=\"text-align: justify;\"><\/p>\n<table align=\"center\" cellpadding=\"0\" cellspacing=\"0\" style=\"margin-left: auto; margin-right: auto;\">\n<tbody>\n<tr>\n<td style=\"text-align: center;\"><a href=\"https:\/\/ysministry.org\/site\/wp-content\/uploads\/2022\/06\/YZ_L3960.jpeg\" style=\"margin-left: auto; margin-right: auto;\"><img loading=\"lazy\" decoding=\"async\" border=\"0\" data-original-height=\"4480\" data-original-width=\"6720\" height=\"426\" src=\"https:\/\/ysministry.org\/site\/wp-content\/uploads\/2022\/06\/YZ_L3960-300x200.jpeg\" width=\"640\" \/><\/a><\/td>\n<\/tr>\n<tr>\n<td style=\"text-align: center;\">Avec Oignon Prod, une super collaboration.<\/td>\n<\/tr>\n<\/tbody>\n<\/table>\n<p style=\"text-align: justify;\">Nous sommes privil\u00e9gi\u00e9s et b\u00e9nis de pouvoir vivre cela, nous rendons toute la gloire \u00e0 Dieu! Et nous nous r\u00e9jouissons d\u00e9j\u00e0 de l&rsquo;ann\u00e9e prochaine,<b> r\u00e9servez aussi les dates: 18-20 mai 2023!<\/b><\/p>\n<table align=\"center\" cellpadding=\"0\" cellspacing=\"0\" style=\"margin-left: auto; margin-right: auto;\">\n<tbody>\n<tr>\n<td style=\"text-align: center;\"><a href=\"https:\/\/ysministry.org\/site\/wp-content\/uploads\/2022\/06\/abd5aed5-254b-4aa2-adfe-7bcaa703b219.jpeg\" style=\"margin-left: auto; margin-right: auto;\"><img loading=\"lazy\" decoding=\"async\" border=\"0\" data-original-height=\"954\" data-original-width=\"2016\" height=\"302\" src=\"https:\/\/ysministry.org\/site\/wp-content\/uploads\/2022\/06\/abd5aed5-254b-4aa2-adfe-7bcaa703b219-300x142.jpeg\" width=\"640\" \/><\/a><\/td>\n<\/tr>\n<tr>\n<td style=\"text-align: center;\">Avec Thierry JUVET, vice-pr\u00e9sident de l&rsquo;AIMG.<\/td>\n<\/tr>\n<\/tbody>\n<\/table>\n<p style=\"text-align: justify;\"><\/p>\n<div style=\"clear: both; text-align: center;\"><a href=\"https:\/\/ysdupraz.blogspot.com\/p\/blog-page.html\" style=\"margin-left: 1em; margin-right: 1em;\" target=\"_blank\" rel=\"noopener\"><img loading=\"lazy\" decoding=\"async\" border=\"0\" data-original-height=\"500\" data-original-width=\"2292\" height=\"70\" src=\"https:\/\/ysministry.org\/site\/wp-content\/uploads\/2022\/06\/DON-BW-300x65.png\" width=\"320\" \/><\/a><\/div>\n<p><\/p>\n<div style=\"clear: both; text-align: center;\"><iframe loading=\"lazy\" allowfullscreen=\"\" height=\"266\" src=\"https:\/\/www.youtube.com\/embed\/8Akw7Nt1eJs\" width=\"320\" youtube-src-><\/iframe><\/div>\n<p><\/p>\n<p style=\"text-align: center;\">Notre intervention avec David TH\u00c9RY<\/p>\n<p style=\"text-align: justify;\"><\/p>\n<p style=\"text-align: center;\">PR\u00c9SENCE 2022 ==&gt; <a href=\"https:\/\/youtube.com\/playlist?list=PLWH_vnIz459oKNRuTTK8NM_9F-Mpfbx5e\" target=\"_blank\" rel=\"noopener\">Toutes les vid\u00e9os ==&gt; ICI<\/a><\/p>\n<div style=\"clear: both; text-align: center;\"><\/div>\n<p><\/p>\n","protected":false},"excerpt":{"rendered":"<p>WOW! WOW! WOW!&nbsp; Nous avons v\u00e9cu 3 jours glorieux et b\u00e9nis \u00e0 Ambilly lors de la conf\u00e9rence PRESENCE.&nbsp; Voici en quelques lignes ce que nous y avons v\u00e9cu. Notre d\u00e9part s&rsquo;est fait d\u00e9j\u00e0 le mercredi \u00e0 14h30 juste apr\u00e8s la fin de l&rsquo;\u00e9cole. Une fois sur place, nous installons le mat\u00e9riel n\u00e9cessaire pour le studio [&hellip;]<\/p>\n","protected":false},"author":2,"featured_media":202,"comment_status":"closed","ping_status":"closed","sticky":false,"template":"","format":"standard","meta":{"footnotes":""},"categories":[16,31,17],"tags":[],"class_list":["post-88","post","type-post","status-publish","format-standard","has-post-thumbnail","hentry","category-aimg","category-news","category-presence"],"_links":{"self":[{"href":"https:\/\/ysministry.org\/site\/wp-json\/wp\/v2\/posts\/88","targetHints":{"allow":["GET"]}}],"collection":[{"href":"https:\/\/ysministry.org\/site\/wp-json\/wp\/v2\/posts"}],"about":[{"href":"https:\/\/ysministry.org\/site\/wp-json\/wp\/v2\/types\/post"}],"author":[{"embeddable":true,"href":"https:\/\/ysministry.org\/site\/wp-json\/wp\/v2\/users\/2"}],"replies":[{"embeddable":true,"href":"https:\/\/ysministry.org\/site\/wp-json\/wp\/v2\/comments?post=88"}],"version-history":[{"count":2,"href":"https:\/\/ysministry.org\/site\/wp-json\/wp\/v2\/posts\/88\/revisions"}],"predecessor-version":[{"id":273,"href":"https:\/\/ysministry.org\/site\/wp-json\/wp\/v2\/posts\/88\/revisions\/273"}],"wp:featuredmedia":[{"embeddable":true,"href":"https:\/\/ysministry.org\/site\/wp-json\/wp\/v2\/media\/202"}],"wp:attachment":[{"href":"https:\/\/ysministry.org\/site\/wp-json\/wp\/v2\/media?parent=88"}],"wp:term":[{"taxonomy":"category","embeddable":true,"href":"https:\/\/ysministry.org\/site\/wp-json\/wp\/v2\/categories?post=88"},{"taxonomy":"post_tag","embeddable":true,"href":"https:\/\/ysministry.org\/site\/wp-json\/wp\/v2\/tags?post=88"}],"curies":[{"name":"wp","href":"https:\/\/api.w.org\/{rel}","templated":true}]}}