{"id":91,"date":"2022-03-28T19:00:00","date_gmt":"2022-03-28T17:00:00","guid":{"rendered":""},"modified":"2025-10-18T13:11:02","modified_gmt":"2025-10-18T11:11:02","slug":"ysministry-%f0%9f%92%aa%f0%9f%8f%bb-janv-mars-2022-%f0%9f%93%b9","status":"publish","type":"post","link":"https:\/\/ysministry.org\/site\/ysministry-%f0%9f%92%aa%f0%9f%8f%bb-janv-mars-2022-%f0%9f%93%b9\/","title":{"rendered":"YSMINISTRY | \ud83d\udcaa\ud83c\udffb Janv-mars 2022 \ud83d\udcf9"},"content":{"rendered":"<p style=\"text-align: justify;\">Voil\u00e0 plus de 3 mois que nous vous donnions de nos nouvelles. Nous sommes heureux de vous \u00e9crire ce que nous avons v\u00e9cu en ce d\u00e9but d&rsquo;ann\u00e9e 2022.<\/p>\n<table align=\"center\" cellpadding=\"0\" cellspacing=\"0\" style=\"margin-left: auto; margin-right: auto;\">\n<tbody>\n<tr>\n<td style=\"text-align: center;\"><a href=\"https:\/\/blogger.googleusercontent.com\/img\/b\/R29vZ2xl\/AVvXsEiy0VmIFklucEsCV_atrMrjoYUzoQ07m9_8KC6fRr-Rjos-PJhYgTlq1Z1uAGeeWDDyIHWZPz3iIeBriFpO7oPIR6bQsNMN9dts8pb8vXR9SuJNNnUGWzwhG1PaimRnE60sREpKKqgQ0RMqW3Oo2NEtdDYkJNGCeBCOLo27OOCu4LaoauZnMFPoVsM\/s3088\/IMG_1055.heic\" style=\"margin-left: auto; margin-right: auto;\"><img loading=\"lazy\" decoding=\"async\" border=\"0\" data-original-height=\"1737\" data-original-width=\"3088\" height=\"360\" src=\"https:\/\/ysministry.org\/site\/wp-content\/uploads\/2022\/03\/IMG_1055-300x169.jpg\" width=\"640\" \/><\/a><\/td>\n<\/tr>\n<tr>\n<td style=\"text-align: center;\">Devant le palais f\u00e9d\u00e9ral<\/td>\n<\/tr>\n<\/tbody>\n<\/table>\n<div style=\"clear: both; text-align: left;\"><span style=\"text-align: justify;\"><br \/><\/span><\/div>\n<div style=\"clear: both; text-align: left;\"><span style=\"text-align: justify;\">Nous avons commenc\u00e9 cette nouvelle ann\u00e9e par 2 jours off, visitant notre capitale dans les frimas du mois de janvier.&nbsp;<\/span><\/div>\n<div style=\"clear: both; text-align: left;\"><span style=\"text-align: justify;\"><br \/><\/span><\/div>\n<table align=\"center\" cellpadding=\"0\" cellspacing=\"0\" style=\"margin-left: auto; margin-right: auto;\">\n<tbody>\n<tr>\n<td style=\"text-align: center;\"><a href=\"https:\/\/blogger.googleusercontent.com\/img\/b\/R29vZ2xl\/AVvXsEho2Iy_Qm-pkwUrQyHgJzJz03lB_-ALujQx5AQ6sgY6f7delfQnTGS0ZP36mME_9v5UMLtkPZSy87HTp268ZGkFch8nYdaxV3J7MN5_XsNCjUz32bmi6EPAH84Ml-HAPlTq1XkvFfee8bHULyJdtZR8wx3LXfPCIfhSiRzFIriGZHBgNZUJlAuaQ4U\/s3088\/IMG_1262.heic\" style=\"margin-left: auto; margin-right: auto;\"><img loading=\"lazy\" decoding=\"async\" border=\"0\" data-original-height=\"1737\" data-original-width=\"3088\" height=\"360\" src=\"https:\/\/ysministry.org\/site\/wp-content\/uploads\/2022\/03\/IMG_1262-300x169.jpg\" width=\"640\" \/><\/a><\/td>\n<\/tr>\n<tr>\n<td style=\"text-align: center;\">\u00c0 Soleure<\/td>\n<\/tr>\n<\/tbody>\n<\/table>\n<p style=\"text-align: left;\">Nous avons r\u00e9it\u00e9r\u00e9 un tel temps en prenant 3 jours au mois de f\u00e9vrier dans la jolie vieille ville de Soleure. Quel bienfait de pouvoir juste se poser, se reposer, passer du temps \u00e0 deux et avec J\u00e9sus.<\/p>\n<table cellpadding=\"0\" cellspacing=\"0\" style=\"margin-left: auto; margin-right: auto; text-align: center;\">\n<tbody>\n<tr>\n<td style=\"text-align: center;\"><a href=\"https:\/\/ysministry.org\/site\/wp-content\/uploads\/2022\/03\/cZbtVjC-0-2521sizeoriginal.jpg\" style=\"margin-left: auto; margin-right: auto;\"><img loading=\"lazy\" decoding=\"async\" border=\"0\" data-original-height=\"3024\" data-original-width=\"4032\" height=\"480\" src=\"https:\/\/ysministry.org\/site\/wp-content\/uploads\/2022\/03\/cZbtVjC-0-2521sizeoriginal-300x225.jpg\" width=\"640\" \/><\/a><\/td>\n<\/tr>\n<tr>\n<td style=\"text-align: center;\">Ecole de gu\u00e9rison. avec Audrey MACK<\/td>\n<\/tr>\n<\/tbody>\n<\/table>\n<p style=\"text-align: justify;\"><b>L&rsquo;\u00e9cole Miracles &amp; Gu\u00e9risons de l&rsquo;AIMG <\/b>se poursuit chaque 2 mercredis. De janvier \u00e0 mars, nous avons eu l&rsquo;occasion de vivre ces temps avec de belles personnes, elles ont su transmettre avec tant de passion ce qu&rsquo;elles vivent avec Dieu.<\/p>\n<\/p>\n<ul style=\"text-align: left;\">\n<li style=\"text-align: justify;\"><b>Jean-Luc Trachsel<\/b><\/li>\n<ul>\n<li><i>Comment apporter la gu\u00e9rison \u00e0 cette g\u00e9n\u00e9ration? Comment gu\u00e9rir les malades?<\/i><\/li>\n<\/ul>\n<li><b>Jean-Michel Tour<\/b><\/li>\n<ul>\n<li><i>Esprit, eau et sang, 3 t\u00e9moins<\/i><\/li>\n<\/ul>\n<li><b>David Schmied<\/b><\/li>\n<ul>\n<li><i>Attends-toi \u00e0 la manifestation de Dieu dans ta vie.<\/i><\/li>\n<\/ul>\n<li><b>Adeline Yamnahakki<\/b><\/li>\n<ul>\n<li><i>Gu\u00e9risons miraculeuses en psychiatrie<\/i><\/li>\n<\/ul>\n<li><b>\u2022 Audrey Mack<\/b><\/li>\n<ul>\n<li><i>Les 4 sortes d&rsquo;incr\u00e9dulit\u00e9s<\/i><\/li>\n<\/ul>\n<li><b>Soeur Judith Myriam<\/b><\/li>\n<ul>\n<li><i>La puissance de la foi et de la compassion dans la gu\u00e9rison.<\/i><\/li>\n<\/ul>\n<li><b>Astrid et Thierry Geyer<\/b><\/li>\n<ul>\n<li><i>Les femmes de foi et de R\u00e9veil \/ La puissance du t\u00e9moignage d&rsquo;Actes 10:38<\/i><\/li>\n<\/ul>\n<\/ul>\n<p style=\"text-align: justify;\">A chaque fois, nous sommes b\u00e9nis par ces magnifiques rencontres; c&rsquo;est une r\u00e9elle joie de pouvoir ainsi oeuvrer avec diff\u00e9rents minist\u00e8res autant catholiques, protestants, qu&rsquo;\u00e9vang\u00e9liques; c&rsquo;est tellement enrichissant de voir l&rsquo;amour qu&rsquo;elles ont pour J\u00e9sus qui sauve, gu\u00e9rit et d\u00e9livre encore aujourd&rsquo;hui!<\/p>\n<div style=\"clear: both; text-align: center;\"><a href=\"https:\/\/ysministry.org\/site\/wp-content\/uploads\/2022\/03\/IMG_1890.jpg\" style=\"margin-left: 1em; margin-right: 1em;\"><img loading=\"lazy\" decoding=\"async\" border=\"0\" data-original-height=\"718\" data-original-width=\"1080\" height=\"426\" src=\"https:\/\/ysministry.org\/site\/wp-content\/uploads\/2022\/03\/IMG_1890-300x200.jpg\" width=\"640\" \/><\/a><\/div>\n<p><\/p>\n<p style=\"text-align: justify;\"><span><\/span><\/p>\n<p><a name='more'><\/a><\/p>\n<p style=\"text-align: justify;\"><span style=\"text-align: left;\">Un autre travail que nous effectuons avec l&rsquo;AIMG est les multiples rencontres par zoom ou en pr\u00e9sentiel: une rencontre de lancement de la nouvelle ann\u00e9e avec nos b\u00e9n\u00e9voles et responsables, un zoom pour les partenaires, les soir\u00e9es Miracles &amp; Gu\u00e9risons en ligne ou en hybride (sur place \u00e0 Oron et avec gestion d&rsquo;un zoom pour les personnes qui ne peuvent se d\u00e9placer). Un agenda bien rempli et qui nous r\u00e9jouit beaucoup; voir Dieu \u00e0 l&rsquo;oeuvre c&rsquo;est juste trop bon!<\/span><\/p>\n<table align=\"center\" cellpadding=\"0\" cellspacing=\"0\" style=\"margin-left: auto; margin-right: auto;\">\n<tbody>\n<tr>\n<td style=\"text-align: center;\"><a href=\"https:\/\/ysministry.org\/site\/wp-content\/uploads\/2022\/03\/IMG_1915.jpg\" style=\"margin-left: auto; margin-right: auto;\"><img loading=\"lazy\" decoding=\"async\" border=\"0\" data-original-height=\"814\" data-original-width=\"1080\" height=\"482\" src=\"https:\/\/ysministry.org\/site\/wp-content\/uploads\/2022\/03\/IMG_1915-300x226.jpg\" width=\"640\" \/><\/a><\/td>\n<\/tr>\n<tr>\n<td style=\"text-align: center;\">Sabine \u00e0 l&rsquo;accueil du zoom&#8230;<\/p>\n<\/td>\n<\/tr>\n<\/tbody>\n<\/table>\n<table align=\"center\" cellpadding=\"0\" cellspacing=\"0\" style=\"margin-left: auto; margin-right: auto;\">\n<tbody>\n<tr>\n<td style=\"text-align: center;\"><a href=\"https:\/\/blogger.googleusercontent.com\/img\/b\/R29vZ2xl\/AVvXsEgLYZpH9oG-JIqte3bpwp_pptUJD1qoSg7fCMRLkZFRC1ZXn5NqjKXohSSHe9BftGab_MqCtTuCTYLVD1Vra0dybVs_c8GtmfCdZTZGrtOtWYZCTfeiGvnoo9Jcj1YaCNPfXFjTCQW-JUrLFTBPUv2liEYcxPbRtJj4XNz59M1aZIGGJ0XtCFW_H8c\/s3088\/IMG_1365.HEIC\" style=\"margin-left: auto; margin-right: auto;\"><img loading=\"lazy\" decoding=\"async\" border=\"0\" data-original-height=\"1737\" data-original-width=\"3088\" height=\"360\" src=\"https:\/\/ysministry.org\/site\/wp-content\/uploads\/2022\/03\/IMG_1365-300x169.jpg\" width=\"640\" \/><\/a><\/td>\n<\/tr>\n<tr>\n<td style=\"text-align: center;\">En plein travail durant la soir\u00e9e miracles &amp; gu\u00e9risons<\/td>\n<\/tr>\n<\/tbody>\n<\/table>\n<p style=\"text-align: justify;\"><span style=\"text-align: left;\"><b>Du c\u00f4t\u00e9 de Rhema,<\/b> nous avons d\u00fb renoncer \u00e0 nous rendre \u00e0 Paris les 21-22 janvier pour la remise des dipl\u00f4mes \u00e0 cause des exigences sanitaires pos\u00e9es par notre pays pour le retour, cette contrainte \u00e9tait un peu lourde pour nous \u00e0 ce moment; du coup, nous avons suivi cet \u00e9v\u00e8nement par internet.&nbsp;&nbsp;<\/span><\/p>\n<p style=\"text-align: justify;\">Nous avons par contre profit\u00e9 de faire 2 courtes visites au campus de Oron, lorsque Philippe Boulanger et Peter Madan sont venus y enseigner. Nous avons aussi eu la grande joie de partager un repas avec nos chers amis John et Laura Madan. Quel bonheur de pouvoir nous serrer dans les bras, sans masque et de passer juste du bon temps les 4.&nbsp;<\/p>\n<div style=\"clear: both; text-align: center;\"><a href=\"https:\/\/ysministry.org\/site\/wp-content\/uploads\/2022\/03\/5a9eadfe-31ee-416e-a3db-4a0710a9043a.jpg\" style=\"margin-left: 1em; margin-right: 1em;\"><img loading=\"lazy\" decoding=\"async\" border=\"0\" data-original-height=\"1200\" data-original-width=\"1600\" height=\"480\" src=\"https:\/\/ysministry.org\/site\/wp-content\/uploads\/2022\/03\/5a9eadfe-31ee-416e-a3db-4a0710a9043a-300x225.jpg\" width=\"640\" \/><\/a><\/div>\n<p style=\"text-align: justify;\">Nous avons travaill\u00e9 sur un nouveau cours LifeWay pour d\u00e9couvrir son appel de serviteur dans l&rsquo;\u00e9glise. Ce cours sera donn\u00e9 durant ce printemps \u00e0 raison de 3 cours les dimanches matin avant la c\u00e9l\u00e9bration. Pour toute info, consultez le site internet de l&rsquo;\u00e9glise: citylife.ch<\/p>\n<p style=\"text-align: justify;\"><b>A l&rsquo;\u00e9glise CityLife,<\/b> nous continuons de servir avec joie. Nous avons eu l&rsquo;occasion d&rsquo;aider et de suivre le s\u00e9minaire pour couples propos\u00e9 par Eric et Rachel Dufour, et \u00e9galement aider aux deux soir\u00e9es sur Vevey pour les c\u00e9libataires et pour les personnes qui ont subi des traumatismes au niveau sexuel. Se mettre au service des autres est quelque chose qui nous tient vraiment \u00e0 coeur.<\/p>\n<p>Merci pour votre soutien et votre amiti\u00e9 qui nous sont chers!<\/p>\n<p>Ces prochains mois, nous continuons bien-s\u00fbr l&rsquo;\u00e9cole Miracles &amp; Gu\u00e9risons.<\/p>\n<ul style=\"text-align: left;\">\n<li>Nous pr\u00eacherons \u00e0 Citylife le 10 avril.<\/li>\n<li>Nous vivrons 3 jours de retraite&nbsp; avec l&rsquo;\u00e9quipe pastorale de CityLife et toutes les \u00e9quipes des \u00e9glises apostoliques de Suisse romande, \u00e0 Leysin du 21 au 23 avril.<\/li>\n<li>Nous irons les 29 et 30 avril enseigner \u00e0 Rhema Paris sur la gu\u00e9rison divine.&nbsp;<\/li>\n<\/ul>\n<div style=\"clear: both; text-align: center;\"><iframe loading=\"lazy\" allowfullscreen=\"\" height=\"266\" src=\"https:\/\/www.youtube.com\/embed\/tuYQcsjeIYo\" width=\"320\" youtube-src-><\/iframe><\/div>\n<p style=\"text-align: justify;\">Le gros \u00e9v\u00e8nement \u00e0 ne pas manquer est PRESENCE 2022 \u00e0 Ambilly les 26, 27 et 28 mai, durant l&rsquo;Ascension. Nous aurons le privil\u00e8ge de vivre une conf\u00e9rence en pr\u00e9sentiel avec des personnes de qualit\u00e9 comme Jean-Luc Trachsel, David Th\u00e9ry, Carlos Payan, Soeur Judith Myriam, Katherine Ruonala, et bien d&rsquo;autres sur d&rsquo;autres sites en simultan\u00e9. Notre t\u00e2che sera la gestion des \u00e9quipiers de pri\u00e8re durant ces 3 jours.&nbsp;<\/p>\n<p style=\"text-align: center;\"><b><a href=\"https:\/\/fr.healing-ministries.org\/presence-2022\/\" target=\"_blank\" rel=\"noopener\">Inscrivez-vous&nbsp; ==&gt; ICI, c&rsquo;est gratuit!!!<\/a><\/b><\/p>\n<p style=\"text-align: justify;\">Notre travail \u00e0 l&rsquo;\u00e9cole primaire et secondaire se poursuit, c&rsquo;est avec plaisir que nous nous y rendons chaque fois, m\u00eame si les d\u00e9fis sont l\u00e0; nous sommes reconnaissants de pouvoir compter sur le Saint-Esprit pour nous conduire et nous inspirer dans chaque situation.&nbsp;<\/p>\n<div style=\"clear: both; text-align: center;\"><a href=\"https:\/\/ysdupraz.blogspot.com\/p\/blog-page.html\" style=\"margin-left: 1em; margin-right: 1em;\"><img loading=\"lazy\" decoding=\"async\" border=\"0\" data-original-height=\"70\" data-original-width=\"320\" height=\"70\" src=\"https:\/\/ysministry.org\/site\/wp-content\/uploads\/2022\/03\/DON-BW-300x66.png\" width=\"320\" \/><\/a><\/div>\n<p><\/p>\n<p style=\"text-align: justify;\"><\/p>\n<p><span><!--more--><\/span><span><!--more--><\/span><\/p>\n","protected":false},"excerpt":{"rendered":"<p>Voil\u00e0 plus de 3 mois que nous vous donnions de nos nouvelles. Nous sommes heureux de vous \u00e9crire ce que nous avons v\u00e9cu en ce d\u00e9but d&rsquo;ann\u00e9e 2022. Devant le palais f\u00e9d\u00e9ral Nous avons commenc\u00e9 cette nouvelle ann\u00e9e par 2 jours off, visitant notre capitale dans les frimas du mois de janvier.&nbsp; \u00c0 Soleure Nous [&hellip;]<\/p>\n","protected":false},"author":2,"featured_media":224,"comment_status":"closed","ping_status":"closed","sticky":false,"template":"","format":"standard","meta":{"footnotes":""},"categories":[16,10,21,19,31,23,11],"tags":[],"class_list":["post-91","post","type-post","status-publish","format-standard","has-post-thumbnail","hentry","category-aimg","category-citylife","category-guerison","category-miracles","category-news","category-priere","category-rhema"],"_links":{"self":[{"href":"https:\/\/ysministry.org\/site\/wp-json\/wp\/v2\/posts\/91","targetHints":{"allow":["GET"]}}],"collection":[{"href":"https:\/\/ysministry.org\/site\/wp-json\/wp\/v2\/posts"}],"about":[{"href":"https:\/\/ysministry.org\/site\/wp-json\/wp\/v2\/types\/post"}],"author":[{"embeddable":true,"href":"https:\/\/ysministry.org\/site\/wp-json\/wp\/v2\/users\/2"}],"replies":[{"embeddable":true,"href":"https:\/\/ysministry.org\/site\/wp-json\/wp\/v2\/comments?post=91"}],"version-history":[{"count":2,"href":"https:\/\/ysministry.org\/site\/wp-json\/wp\/v2\/posts\/91\/revisions"}],"predecessor-version":[{"id":2184,"href":"https:\/\/ysministry.org\/site\/wp-json\/wp\/v2\/posts\/91\/revisions\/2184"}],"wp:featuredmedia":[{"embeddable":true,"href":"https:\/\/ysministry.org\/site\/wp-json\/wp\/v2\/media\/224"}],"wp:attachment":[{"href":"https:\/\/ysministry.org\/site\/wp-json\/wp\/v2\/media?parent=91"}],"wp:term":[{"taxonomy":"category","embeddable":true,"href":"https:\/\/ysministry.org\/site\/wp-json\/wp\/v2\/categories?post=91"},{"taxonomy":"post_tag","embeddable":true,"href":"https:\/\/ysministry.org\/site\/wp-json\/wp\/v2\/tags?post=91"}],"curies":[{"name":"wp","href":"https:\/\/api.w.org\/{rel}","templated":true}]}}