{"id":92,"date":"2021-12-16T11:38:00","date_gmt":"2021-12-16T10:38:00","guid":{"rendered":""},"modified":"2025-10-18T13:11:10","modified_gmt":"2025-10-18T11:11:10","slug":"aimg-rhema-%f0%9f%92%aa-oeuvrer-sans-relache-%f0%9f%9b%a1","status":"publish","type":"post","link":"https:\/\/ysministry.org\/site\/aimg-rhema-%f0%9f%92%aa-oeuvrer-sans-relache-%f0%9f%9b%a1\/","title":{"rendered":"AIMG &#038; RHEMA |  \ud83d\udcaa OEUVRER SANS REL\u00c2CHE \ud83d\udee1"},"content":{"rendered":"<p style=\"text-align: justify;\"><b>Jeudi 18 novembre 2021,<\/b> nous co-animons avec Jean-Luc Trachsel la soir\u00e9e francophone \u00ab\u00a0Miracles et Gu\u00e9risons\u00a0\u00bb avec Lucas BANOVIC. Il est \u00e9vang\u00e9liste et son message simple est tr\u00e8s percutant et rempli de t\u00e9moignages qui rendent gloire \u00e0 Dieu. Nous sommes toujours honor\u00e9s de pouvoir participer \u00e0 ce genre de soir\u00e9e.&nbsp;<\/p>\n<div style=\"clear: both; text-align: center;\"><a href=\"https:\/\/blogger.googleusercontent.com\/img\/a\/AVvXsEhj9JaQHY8SpCoKbO0-PUBieqAylyYlasijDU8eQENJUcHh_Rnoa-vA0fusx9RticacM9atyqyTXOxY4jKByeJEs3TYFFuja0VBjViUsDGS3aRe6aXlAxKsc8fFLkHWfrwO6URSm-CfiFzzRTbABlWpOkg92vtqY8L8j2n6YPH8WhR1qY4PsEWv1Vg=s526\" style=\"margin-left: 1em; margin-right: 1em;\"><img loading=\"lazy\" decoding=\"async\" border=\"0\" data-original-height=\"526\" data-original-width=\"526\" height=\"320\" src=\"https:\/\/blogger.googleusercontent.com\/img\/a\/AVvXsEhj9JaQHY8SpCoKbO0-PUBieqAylyYlasijDU8eQENJUcHh_Rnoa-vA0fusx9RticacM9atyqyTXOxY4jKByeJEs3TYFFuja0VBjViUsDGS3aRe6aXlAxKsc8fFLkHWfrwO6URSm-CfiFzzRTbABlWpOkg92vtqY8L8j2n6YPH8WhR1qY4PsEWv1Vg=s320\" width=\"320\" \/><\/a><\/div>\n<div style=\"clear: both; text-align: center;\"><\/div>\n<div style=\"clear: both; text-align: center;\"><iframe loading=\"lazy\" allowfullscreen=\"\" height=\"266\" src=\"https:\/\/www.youtube.com\/embed\/ORAP29ryVM0\" width=\"320\" youtube-src-><\/iframe><\/div>\n<p style=\"text-align: justify;\">Cela est possible depuis que Elena et Sylvain ont repris la responsabilit\u00e9 des \u00e9quipiers de pri\u00e8re qui oeuvrent en parall\u00e8le de la soir\u00e9e sur zoom. Si vous avez besoin de pri\u00e8re, de gu\u00e9rison, n&rsquo;h\u00e9sitez pas de les appeler lors d&rsquo;une prochaine soir\u00e9e, vous y serez super bien accueillis et Dieu agira, c&rsquo;est certain!<\/p>\n<div style=\"clear: both; text-align: center;\"><a href=\"https:\/\/blogger.googleusercontent.com\/img\/a\/AVvXsEjZo-hZq0S4MTpT0NuX4UhDGQaz-UAdX5os9cF9pDlpPGWNLDJPMrTct-v2hEPKnIiUDKQX0WhiVSP8yyMGbk8ft_F03WBQj962l0FFw02M_HucY32FaRHMLk6fQjhbZRMUUW-Mm9oGW4eYvc0AG7KsGwqNZKItsYqNGueeyGbKqj3g0MYGkYSr0Xs=s828\" style=\"margin-left: 1em; margin-right: 1em;\"><img loading=\"lazy\" decoding=\"async\" border=\"0\" data-original-height=\"827\" data-original-width=\"828\" height=\"320\" src=\"https:\/\/blogger.googleusercontent.com\/img\/a\/AVvXsEjZo-hZq0S4MTpT0NuX4UhDGQaz-UAdX5os9cF9pDlpPGWNLDJPMrTct-v2hEPKnIiUDKQX0WhiVSP8yyMGbk8ft_F03WBQj962l0FFw02M_HucY32FaRHMLk6fQjhbZRMUUW-Mm9oGW4eYvc0AG7KsGwqNZKItsYqNGueeyGbKqj3g0MYGkYSr0Xs=s320\" width=\"320\" \/><\/a><\/div>\n<p style=\"text-align: justify;\"><b>Le lendemain, vendredi 19 novembre<\/b>, nous partons tr\u00e8s t\u00f4t le matin pour prendre le TGV direction Paris. Nous avons encore la joie d&rsquo;enseigner notre sujet \u00ab\u00a0Minist\u00e8re aupr\u00e8s des enfants\u00a0\u00bb aupr\u00e8s de la soixantaine d&rsquo;\u00e9tudiants parisiens.&nbsp;<\/p>\n<table align=\"center\" cellpadding=\"0\" cellspacing=\"0\" style=\"margin-left: auto; margin-right: auto;\">\n<tbody>\n<tr>\n<td style=\"text-align: center;\"><a href=\"https:\/\/blogger.googleusercontent.com\/img\/a\/AVvXsEhOtUcoNq0C5wvoz54zncTB8YMiQIFMOs0rPLDenwpbJAq0TCKRlOLTJn0bZRn5r5TvmMQyAZzXlY4rnMsO4PLJrDboZmnDuW1pQMH8VRUGUZG5Q-CHlz5E5zn5633YlM2Q0-2c-mu3e1KGoDkojChOMkhYHGPUWVyhSrWkNizcSAes-tv2pfGiD_E=s3088\" style=\"margin-left: auto; margin-right: auto;\"><img loading=\"lazy\" decoding=\"async\" border=\"0\" data-original-height=\"1737\" data-original-width=\"3088\" height=\"360\" src=\"https:\/\/blogger.googleusercontent.com\/img\/a\/AVvXsEhOtUcoNq0C5wvoz54zncTB8YMiQIFMOs0rPLDenwpbJAq0TCKRlOLTJn0bZRn5r5TvmMQyAZzXlY4rnMsO4PLJrDboZmnDuW1pQMH8VRUGUZG5Q-CHlz5E5zn5633YlM2Q0-2c-mu3e1KGoDkojChOMkhYHGPUWVyhSrWkNizcSAes-tv2pfGiD_E=w640-h360\" width=\"640\" \/><\/a><\/td>\n<\/tr>\n<tr>\n<td style=\"text-align: center;\">Pr\u00eats au d\u00e9part<\/td>\n<\/tr>\n<\/tbody>\n<\/table>\n<p style=\"text-align: justify;\">Toujours super bien accueillis par l&rsquo;\u00e9quipe sur place et aussi par Luciana et Ronnie Princi, les coordinateurs de ce grand Campus, nous prenons d&rsquo;abord notre chambre \u00e0 l&rsquo;h\u00f4tel proche du MAS, le centre o\u00f9 les cours Rhema ont lieu, puis allons manger au restaurant avec l&rsquo;\u00e9quipe.&nbsp;<\/p>\n<\/p>\n<div style=\"clear: both; text-align: center;\"><a href=\"https:\/\/blogger.googleusercontent.com\/img\/a\/AVvXsEgUK06aCLd-EE8WriCbRf3IQWV9RC6cLmBghcrlMUFxFqYGiLDCMwDzuBumEsfjHNzXHTU-nupZBKvRFbmKv201IghXzjjdXQNUqRSp_eU_WC3Zw1q33H7TS3WxvmwZQ8uJtH09eDNLfSW4C5KctMugJD2qXmLITasxvSHRnlhwkMuURW_2fe7LDTQ=s5184\" style=\"margin-left: 1em; margin-right: 1em;\"><img loading=\"lazy\" decoding=\"async\" border=\"0\" data-original-height=\"3456\" data-original-width=\"5184\" height=\"426\" src=\"https:\/\/blogger.googleusercontent.com\/img\/a\/AVvXsEgUK06aCLd-EE8WriCbRf3IQWV9RC6cLmBghcrlMUFxFqYGiLDCMwDzuBumEsfjHNzXHTU-nupZBKvRFbmKv201IghXzjjdXQNUqRSp_eU_WC3Zw1q33H7TS3WxvmwZQ8uJtH09eDNLfSW4C5KctMugJD2qXmLITasxvSHRnlhwkMuURW_2fe7LDTQ=w640-h426\" width=\"640\" \/><\/a><\/div>\n<div style=\"text-align: justify;\"><\/div>\n<div style=\"text-align: justify;\">Bien que ce soit la troisi\u00e8me fois que nous enseignons ce cours en l&rsquo;espace d&rsquo;un mois, nous le faisons \u00e0 chaque fois d&rsquo;une mani\u00e8re diff\u00e9rente, nous laissant conduire pour r\u00e9pondre au maximum aux attentes de chacun.&nbsp;<\/div>\n<div style=\"text-align: justify;\">Nous avons d\u00fb l\u00e2cher deux sessions pour \u00e9couter et juger chaque groupe d&rsquo;ateliers, donner des notes et encourager le travail effectu\u00e9, t\u00e2che pas si facile, et cela nous rappelle notre propre passage il y a quelques ann\u00e9es maintenant.&nbsp;<\/div>\n<div style=\"text-align: justify;\"><\/div>\n<div style=\"clear: both; text-align: center;\"><a href=\"https:\/\/blogger.googleusercontent.com\/img\/a\/AVvXsEiZFWz4OkC-1XwYX6RZN2ynt1wPbGtfWhmxR75C0Nxrr3Zi5HKY-s3IPQEwMIaR1EcVVv8hj49RTJpLSttMVCkM2ug2XiPB1eKVPSv8dsVQHNqgNSK00_hg94OHYJwLU5Fb8JWaDKf2xz86LihFD8Ceuy_DUr2FQ56GWt3DgopQGnQeaNjSFNAh144=s3088\" style=\"margin-left: 1em; margin-right: 1em;\"><img loading=\"lazy\" decoding=\"async\" border=\"0\" data-original-height=\"2316\" data-original-width=\"3088\" height=\"480\" src=\"https:\/\/blogger.googleusercontent.com\/img\/a\/AVvXsEiZFWz4OkC-1XwYX6RZN2ynt1wPbGtfWhmxR75C0Nxrr3Zi5HKY-s3IPQEwMIaR1EcVVv8hj49RTJpLSttMVCkM2ug2XiPB1eKVPSv8dsVQHNqgNSK00_hg94OHYJwLU5Fb8JWaDKf2xz86LihFD8Ceuy_DUr2FQ56GWt3DgopQGnQeaNjSFNAh144=w640-h480\" width=\"640\" \/><\/a><\/div>\n<p><\/p>\n<div style=\"text-align: justify;\">Nous rentrons samedi 20 novembre, joyeux et b\u00e9nis de tout ce que nous avons pu vivre \u00e0 Paris. Les \u00e9tudiants sont ravis, ils ont beaucoup appris, et cela est pour nous la meilleure des r\u00e9compenses.<\/div>\n<\/p>\n<p style=\"text-align: justify;\">Mais ce n&rsquo;est pas fini, nos aventures continuent&#8230;<\/p>\n<p><span><a name='more'><\/a><\/span><\/p>\n<p style=\"text-align: justify;\">Comme dit dans le titre, le travail est sans rel\u00e2che \ud83d\ude09 car<b> le lundi 22 novembre<\/b>, nous participons \u00e0 la soir\u00e9e des partenaires AIMG. Nous remercions chaque personne qui soutient cette oeuvre, cela permet justement qu&rsquo;elle ne s&rsquo;arr\u00eate pas!&nbsp;<\/p>\n<\/p>\n<div style=\"text-align: justify;\"><b>Mercredi 24 novembre,<\/b> nouvelle session de l&rsquo;\u00e9cole Miracles et Gu\u00e9risons. Cette fois, nous accueillons le m\u00e9decin cardiologue parisien G\u00e9rard TAMBOISE. Son approche de la gu\u00e9rison a touch\u00e9 un tr\u00e8s grand nombre d&rsquo;\u00e9tudiants.&nbsp;<\/div>\n<div style=\"text-align: justify;\">Nous avons aussi eu la joie d&rsquo;enseigner une session de 40 minutes \u00e0 nos chers \u00e9tudiants sur \u00ab\u00a0Passer de la foi en J\u00e9sus \u00e0 la foi comme J\u00e9sus\u00a0\u00bb, en donnant \u00e9galement une aide mn\u00e9motechnique pour prier pour les malades en utilisant les 5 doigts de notre main. Vous d\u00e9sirez le conna\u00eetre aussi? Lisez ci-dessous notre r\u00e9sum\u00e9, nous vous l&rsquo;offrons tr\u00e8s volontiers.<\/div>\n<\/p>\n<div style=\"clear: both; text-align: center;\"><a href=\"https:\/\/blogger.googleusercontent.com\/img\/a\/AVvXsEgNesXqW6WkYfPHmosSZoe97U0BzU5erMcK4TSyrNGQvWcEg3jTY6GdZMwDM6mJfDPAhpp2QZZ1dOZCXIRio17PnOa-5SlPVY-cpJG7LvxNS38HNNJ3jIjLC6ZbiSxYCkIVaYkq44lHIFPrwhtblac3EtF0UvVkK5ABmZhBHvaj1UvetzasE2hbuGc=s1920\" style=\"margin-left: 1em; margin-right: 1em;\"><img loading=\"lazy\" decoding=\"async\" border=\"0\" data-original-height=\"1080\" data-original-width=\"1920\" height=\"360\" src=\"https:\/\/blogger.googleusercontent.com\/img\/a\/AVvXsEgNesXqW6WkYfPHmosSZoe97U0BzU5erMcK4TSyrNGQvWcEg3jTY6GdZMwDM6mJfDPAhpp2QZZ1dOZCXIRio17PnOa-5SlPVY-cpJG7LvxNS38HNNJ3jIjLC6ZbiSxYCkIVaYkq44lHIFPrwhtblac3EtF0UvVkK5ABmZhBHvaj1UvetzasE2hbuGc=w640-h360\" width=\"640\" \/><\/a><\/div>\n<p style=\"text-align: justify;\"><b>Vendredi 26 novembre:<\/b> repas avec la Direction Pastorale et le Comit\u00e9 Associatif de notre \u00e9glise, temps chaleureux autour d&rsquo;une succulente raclette.<\/p>\n<p style=\"text-align: justify;\">Le lendemain,<b> samedi 27 novembre,<\/b> nous vivons pour la premi\u00e8re fois en pr\u00e9sentiel \u00ab\u00a0Inspiration Day\u00a0\u00bb, journ\u00e9e du Mouvement Plus, f\u00e9d\u00e9ration \u00e0 laquelle CityLife est membre. L&rsquo;invit\u00e9 du jour, Peter Protero de l&rsquo;Angleterre, nous a exhort\u00e9&nbsp;<\/p>\n<div style=\"clear: both; text-align: center;\"><a href=\"https:\/\/blogger.googleusercontent.com\/img\/a\/AVvXsEhAt67z230pQkHzMOCmRFv4ruG3iBvhg0UIP-RduYWOqRXSkMrukyeUYAJzbDf_2ema6bajHCFbGGZ-CyYI5OTjJ6WlhiWeEd6It4e8qHzYUOe3y12tMJWg2yTPq-vBTjuWWowNCHUpt0AzDxvao5YdwZayZqyGhuwctDPhNP66OqEA2txRVTvbrrI=s1080\" style=\"margin-left: 1em; margin-right: 1em;\"><img loading=\"lazy\" decoding=\"async\" border=\"0\" data-original-height=\"1080\" data-original-width=\"1080\" height=\"400\" src=\"https:\/\/blogger.googleusercontent.com\/img\/a\/AVvXsEhAt67z230pQkHzMOCmRFv4ruG3iBvhg0UIP-RduYWOqRXSkMrukyeUYAJzbDf_2ema6bajHCFbGGZ-CyYI5OTjJ6WlhiWeEd6It4e8qHzYUOe3y12tMJWg2yTPq-vBTjuWWowNCHUpt0AzDxvao5YdwZayZqyGhuwctDPhNP66OqEA2txRVTvbrrI=w400-h400\" width=\"400\" \/><\/a><\/div>\n<\/p>\n<div style=\"text-align: justify;\">Et nous continuons&#8230;. avec la soir\u00e9e R\u00e9veil, Miracles &amp; Gu\u00e9risons \u00e0 Oron, <b>le samedi 4 d\u00e9cembre.<\/b> Soir\u00e9e sp\u00e9ciale No\u00ebl avec plein de cadeaux \u00e0 recevoir! Comme pour les deux derni\u00e8res soir\u00e9es, nous nous occupons du zoom des personnes d\u00e9sireuses de suivre cette soir\u00e9e en direct. Gr\u00e2ce \u00e0 nos deux \u00e9crans d&rsquo;ordinateur projet\u00e9s sur sc\u00e8ne, Jean-Luc Trachsel peut ainsi interagir avec elles.<\/div>\n<div style=\"text-align: justify;\"><\/div>\n<div style=\"clear: both; text-align: center;\"><iframe loading=\"lazy\" allowfullscreen=\"\" height=\"266\" src=\"https:\/\/www.youtube.com\/embed\/dqxNhmOKE4w\" width=\"320\" youtube-src-><\/iframe><\/div>\n<div style=\"text-align: justify;\"><\/div>\n<div style=\"text-align: justify;\">Et encore&#8230;<b> dimanche 5 d\u00e9cembre<\/b>, nous pr\u00eachons \u00e0 notre \u00e9glise sur Philippiens 4. Nous cl\u00f4turons ainsi une s\u00e9rie sur Philippiens. C&rsquo;est vraiment le cas de le dire que cela a \u00e9t\u00e9 pour nous une grande JOIE! Vous pouvez \u00e9couter ce message ci-dessous.<\/div>\n<\/p>\n<div style=\"clear: both; text-align: center;\"><iframe loading=\"lazy\" allowfullscreen=\"\" height=\"266\" src=\"https:\/\/www.youtube.com\/embed\/WNMy5fX5fKY\" width=\"320\" youtube-src-><\/iframe><\/div>\n<p style=\"text-align: justify;\">Et pour terminer, notre article mais non pas l&rsquo;ann\u00e9e ;), nous avons anim\u00e9 la 7\u00e8me session de l&rsquo;\u00e9cole \u00ab\u00a0Miracles &amp; Gu\u00e9risons\u00a0\u00bb <b>le mercredi 8 d\u00e9cembre. <\/b>Werner Lehmann, pr\u00e9sident d&rsquo;honneur de l&rsquo;AIMG, est. notre invit\u00e9. Werner a un don pour enseigner avec simplicit\u00e9 le message de l&rsquo;\u00e9vangile et particuli\u00e8rement sur la d\u00e9livrance. Comme toujours, nous sommes b\u00e9nis par une telle qualit\u00e9 d&rsquo;enseignements. Merci Werner!<\/p>\n<table align=\"center\" cellpadding=\"0\" cellspacing=\"0\" style=\"margin-left: auto; margin-right: auto;\">\n<tbody>\n<tr>\n<td style=\"text-align: center;\"><a href=\"https:\/\/blogger.googleusercontent.com\/img\/a\/AVvXsEjuAzd9pFb1i3q813Dz52snvkx9qNcuMhFURBwyphNGj8M0pqwnQ9ekwJd_OtjSU2gLWy-YswfkV3LGqc-BdFv6tDgX7VP3W4fTZymgsycqH1NupXH2AX1ehGNfoNxiXaFIdA4d8cOAO_HVPlPqWCwJEvfkvoha3WkLorf8W95k5QDC21rieIllgTs=s3088\" style=\"margin-left: auto; margin-right: auto;\"><img loading=\"lazy\" decoding=\"async\" border=\"0\" data-original-height=\"1737\" data-original-width=\"3088\" height=\"360\" src=\"https:\/\/blogger.googleusercontent.com\/img\/a\/AVvXsEjuAzd9pFb1i3q813Dz52snvkx9qNcuMhFURBwyphNGj8M0pqwnQ9ekwJd_OtjSU2gLWy-YswfkV3LGqc-BdFv6tDgX7VP3W4fTZymgsycqH1NupXH2AX1ehGNfoNxiXaFIdA4d8cOAO_HVPlPqWCwJEvfkvoha3WkLorf8W95k5QDC21rieIllgTs=w640-h360\" width=\"640\" \/><\/a><\/td>\n<\/tr>\n<tr>\n<td style=\"text-align: center;\">En plein travail avec Werner LEHMANN<\/td>\n<\/tr>\n<\/tbody>\n<\/table>\n<p><\/p>\n<p style=\"text-align: justify;\">Comme \u00e9crit ci-dessus, nous aurons encore une derni\u00e8re soir\u00e9e \u00ab\u00a0Miracles &amp; Gu\u00e9risons\u00a0\u00bb en fran\u00e7ais jeudi 16 d\u00e9cembre, avec cette fois Carlos PAYAN comme animateur, le P\u00e8re Antoine Coelho comme invit\u00e9 et nous deux comme co-animateurs. Ne manquez pas cette soir\u00e9e!<\/p>\n<div style=\"clear: both; text-align: center;\"><a href=\"https:\/\/youtu.be\/iVttKIwkGCI\" style=\"margin-left: 1em; margin-right: 1em;\"><img loading=\"lazy\" decoding=\"async\" border=\"0\" data-original-height=\"960\" data-original-width=\"960\" height=\"400\" src=\"https:\/\/blogger.googleusercontent.com\/img\/a\/AVvXsEhNycfqfm8IMWoy_1wErFfwquxnA-H35JzU5wJ8cWMdTvOyGZUubVa4EYiu63XvKyi3Hg4UsWG9pGSwq3SJrZVcdwSUWjogsp5Wgh94jSh1GiXQKnSSPnUOfdyRyVBSeR6WXLDAudBZ0R6_rvPd4J5z6OO5KR2R9w726yDk1-hnnIHqriQBz1x7_SA=w400-h400\" width=\"400\" \/><\/a><\/div>\n<div style=\"clear: both; text-align: center;\"><\/div>\n<div style=\"clear: both; text-align: center;\"><iframe loading=\"lazy\" allowfullscreen=\"\" height=\"266\" src=\"https:\/\/www.youtube.com\/embed\/iVttKIwkGCI\" width=\"320\" youtube-src-><\/iframe><\/div>\n<div style=\"clear: both; text-align: center;\"><\/div>\n<p style=\"text-align: justify;\">Et juste avant No\u00ebl, comme un cadeau, <b>le mercredi 22 d\u00e9cembre 2021<\/b>, nous aurons notre 8\u00e8 session de l&rsquo;\u00e9cole Miracles &amp; Gu\u00e9risons avec Pierre AGUILA, pr\u00eatre catholique qui habite au Liban et qui oeuvre aupr\u00e8s des plus d\u00e9munis dans ce pays en crise depuis si longtemps. Un homme en feu, nous nous r\u00e9jouissons d&rsquo;\u00e9couter ce que le Seigneur lui a r\u00e9v\u00e9l\u00e9 derni\u00e8rement au sujet de la gu\u00e9rison divine!&nbsp;<\/p>\n<p style=\"text-align: justify;\">Nous vous remercions d&rsquo;avoir lu ce long article et pour votre pr\u00e9cieux soutien, autant spirituel que financier.<\/p>\n<p style=\"text-align: justify;\">Nous profitons de vous souhaiter de magnifiques f\u00eates de No\u00ebl et de Nouvel An; qu&rsquo;elles soient paisibles et remplies de la pr\u00e9sence de J\u00e9sus.&nbsp;<\/p>\n<p style=\"text-align: justify;\">Et en avant pour 2022, une ann\u00e9e que nous croyons glorieuse car J\u00e9sus va se manifester d&rsquo;une fa\u00e7on merveilleuse et inattendue!&nbsp;<\/p>\n<p style=\"text-align: justify;\"><\/p>\n<div style=\"clear: both; text-align: center;\"><a href=\"https:\/\/1drv.ms\/b\/s!AoxkmkTAn89ZrgHz4MTRGqSwmX7g?e=gCb2ye\" style=\"margin-left: 1em; margin-right: 1em;\"><img loading=\"lazy\" decoding=\"async\" border=\"0\" data-original-height=\"49\" data-original-width=\"416\" height=\"50\" src=\"https:\/\/blogger.googleusercontent.com\/img\/a\/AVvXsEj9yH6EO-km0UA_CSf0WcA7LLz6FnwLmQ_bNx4lUJCuD4jeLC0ptvmKo0v6MLVc34t3bNsGTMPBiObdprfvy-vqRaauxjmKC7MKW423RBHaASLU9j08hyw9b3Vic3zM7LFbVYYu2DGXiXqpLr9P4aG6q5IDj1dUQ-PRNanlBw_OjuiZswrCsLBPQh0=w417-h50\" width=\"417\" \/><\/a><\/div>\n<p><\/p>\n<p style=\"text-align: justify;\"><\/p>\n<div style=\"clear: both; text-align: center;\"><a href=\"https:\/\/ysdupraz.blogspot.com\/p\/blog-page.html\" style=\"margin-left: 1em; margin-right: 1em;\"><img loading=\"lazy\" decoding=\"async\" border=\"0\" data-original-height=\"500\" data-original-width=\"2292\" height=\"70\" src=\"https:\/\/blogger.googleusercontent.com\/img\/a\/AVvXsEgDoJga_VF1sa4L-HqyZd5vFvC4256yyLQyFJx0JdPAn1pZ69oP4g45l5m2pvKrM4f9cislQk59cyc5SAZ6JRfI_3PZ5x1TEgS5XTI6aHqL0_C7GTopuCPJwfPVfwAWuTHtYkSuMGryMBUKk8ho4uCKdhY2wg79OD7bmQu6xPgs4naYvDTbJsT04jA=s320\" width=\"320\" \/><\/a><\/div>\n<p><\/p>\n<p style=\"text-align: justify;\"><\/p>\n<\/p>\n<div style=\"text-align: justify;\"><\/div>\n<div style=\"text-align: justify;\"><\/div>\n<\/p>\n<p style=\"text-align: justify;\"><\/p>\n<p style=\"text-align: justify;\"><\/p>\n","protected":false},"excerpt":{"rendered":"<p>Jeudi 18 novembre 2021, nous co-animons avec Jean-Luc Trachsel la soir\u00e9e francophone \u00ab\u00a0Miracles et Gu\u00e9risons\u00a0\u00bb avec Lucas BANOVIC. Il est \u00e9vang\u00e9liste et son message simple est tr\u00e8s percutant et rempli de t\u00e9moignages qui rendent gloire \u00e0 Dieu. Nous sommes toujours honor\u00e9s de pouvoir participer \u00e0 ce genre de soir\u00e9e.&nbsp; Cela est possible depuis que Elena [&hellip;]<\/p>\n","protected":false},"author":2,"featured_media":0,"comment_status":"closed","ping_status":"closed","sticky":false,"template":"","format":"standard","meta":{"footnotes":""},"categories":[16,10,14,12,21,31,11,24],"tags":[],"class_list":["post-92","post","type-post","status-publish","format-standard","hentry","category-aimg","category-citylife","category-enseignement","category-formation","category-guerison","category-news","category-rhema","category-rhemaparis"],"_links":{"self":[{"href":"https:\/\/ysministry.org\/site\/wp-json\/wp\/v2\/posts\/92","targetHints":{"allow":["GET"]}}],"collection":[{"href":"https:\/\/ysministry.org\/site\/wp-json\/wp\/v2\/posts"}],"about":[{"href":"https:\/\/ysministry.org\/site\/wp-json\/wp\/v2\/types\/post"}],"author":[{"embeddable":true,"href":"https:\/\/ysministry.org\/site\/wp-json\/wp\/v2\/users\/2"}],"replies":[{"embeddable":true,"href":"https:\/\/ysministry.org\/site\/wp-json\/wp\/v2\/comments?post=92"}],"version-history":[{"count":1,"href":"https:\/\/ysministry.org\/site\/wp-json\/wp\/v2\/posts\/92\/revisions"}],"predecessor-version":[{"id":233,"href":"https:\/\/ysministry.org\/site\/wp-json\/wp\/v2\/posts\/92\/revisions\/233"}],"wp:attachment":[{"href":"https:\/\/ysministry.org\/site\/wp-json\/wp\/v2\/media?parent=92"}],"wp:term":[{"taxonomy":"category","embeddable":true,"href":"https:\/\/ysministry.org\/site\/wp-json\/wp\/v2\/categories?post=92"},{"taxonomy":"post_tag","embeddable":true,"href":"https:\/\/ysministry.org\/site\/wp-json\/wp\/v2\/tags?post=92"}],"curies":[{"name":"wp","href":"https:\/\/api.w.org\/{rel}","templated":true}]}}