{"id":93,"date":"2021-11-13T22:00:00","date_gmt":"2021-11-13T21:00:00","guid":{"rendered":""},"modified":"2025-10-18T13:11:18","modified_gmt":"2025-10-18T11:11:18","slug":"aimg-%f0%9f%93%ba-une-semaine-xtra-%f0%9f%91%8d","status":"publish","type":"post","link":"https:\/\/ysministry.org\/site\/aimg-%f0%9f%93%ba-une-semaine-xtra-%f0%9f%91%8d\/","title":{"rendered":"AIMG | \ud83d\udcfa Une semaine XTRA \ud83d\udc4d"},"content":{"rendered":"<p>Nous avons trop de joie \u00e0 vous partager ce que nous vivons&#8230; Cette derni\u00e8re semaine fut intense \ud83d\ude09<\/p>\n<\/p>\n<div style=\"clear: both; text-align: center;\"><a href=\"https:\/\/ysministry.org\/site\/wp-content\/uploads\/2021\/11\/MHS-05-FND-SPINKS.png\" style=\"margin-left: 1em; margin-right: 1em;\"><img loading=\"lazy\" decoding=\"async\" alt=\"\" data-original-height=\"1080\" data-original-width=\"1920\" height=\"360\" src=\"https:\/\/ysministry.org\/site\/wp-content\/uploads\/2021\/11\/MHS-05-FND-SPINKS-300x169.png\" width=\"640\" \/><\/a><\/div>\n<p><\/p>\n<p style=\"text-align: justify;\"><b>Mercredi 10 novembre 2021, <\/b>nous nous retrouvons derri\u00e8re notre zoom pour animer la 5\u00e8 classe de l&rsquo;Ecole Miracles &amp; Gu\u00e9risons.&nbsp;<\/p>\n<p style=\"text-align: justify;\">Cette fois, nous avons l&rsquo;immense privil\u00e8ge et le grand honneur d&rsquo;accueillir Jo\u00ebl SPINKS! Jo\u00ebl est pasteur de l&rsquo;Eglise de la Victoire au Qu\u00e9bec, il a anim\u00e9 pendant plusieurs ann\u00e9es l&rsquo;\u00e9mission \u00ab\u00a0Vie de foi\u00a0\u00bb de EMCI TV. Maintenant, il est engag\u00e9 \u00e0 100% dans son \u00e9glise et continue d&rsquo;y enseigner la Parole avec passion dans une \u00e9mission intitul\u00e9e \u00ab\u00a0Parole de foi\u00a0\u00bb.<\/p>\n<p style=\"text-align: justify;\">\n<table align=\"center\" cellpadding=\"0\" cellspacing=\"0\" style=\"margin-left: auto; margin-right: auto;\">\n<tbody>\n<tr>\n<td style=\"text-align: center;\"><a href=\"https:\/\/ysministry.org\/site\/wp-content\/uploads\/2021\/11\/SPINKS-2B1.png\" style=\"margin-left: auto; margin-right: auto;\"><img loading=\"lazy\" decoding=\"async\" alt=\"\" data-original-height=\"1046\" data-original-width=\"1552\" height=\"432\" src=\"https:\/\/ysministry.org\/site\/wp-content\/uploads\/2021\/11\/SPINKS-2B1-300x202.png\" width=\"640\" \/><\/a><\/td>\n<\/tr>\n<tr>\n<td style=\"text-align: center;\">Jo\u00ebl SPINKS durant le zoom<\/td>\n<\/tr>\n<\/tbody>\n<\/table>\n<p>Jo\u00ebl est un enseignant extraordinaire de la Parole de Dieu; il est un passionn\u00e9 contagieux \ud83d\ude09 et nos \u00e9tudiants, qui ne cessent d&rsquo;augmenter en nombre, gloire \u00e0 Dieu, l&rsquo;ont appr\u00e9ci\u00e9 \u00e0 sa juste valeur.<\/p>\n<p style=\"text-align: justify;\">Nos 3x 40 minutes ont \u00e9t\u00e9 comme un ap\u00e9ritif qui donne l&rsquo;eau \u00e0 la bouche pour conna\u00eetre encore davantage cette Parole!<\/p>\n<p style=\"text-align: justify;\">\n<div style=\"clear: both; text-align: center;\"><a href=\"https:\/\/ysministry.org\/site\/wp-content\/uploads\/2021\/11\/IMG_1194.jpeg\" style=\"margin-left: 1em; margin-right: 1em;\"><img loading=\"lazy\" decoding=\"async\" alt=\"\" data-original-height=\"1536\" data-original-width=\"2048\" height=\"480\" src=\"https:\/\/ysministry.org\/site\/wp-content\/uploads\/2021\/11\/IMG_1194-300x225.jpeg\" width=\"640\" \/><\/a><\/div>\n<p><\/p>\n<p style=\"text-align: justify;\">Nous avons \u00e9t\u00e9 b\u00e9nis par son enseignement, et nous avons tant appr\u00e9ci\u00e9 nos quelques \u00e9changes en priv\u00e9; il est un homme chaleureux.<\/p>\n<p style=\"text-align: justify;\">\n<div style=\"clear: both; text-align: center;\"><a href=\"https:\/\/blogger.googleusercontent.com\/img\/a\/AVvXsEiX9R378oIV_lzzJIRymbWTqVczOuQEowsZ48Dwdwo8B-0Ct0M_opnavra9_8BtmmwhLQWk1eYZQG1SDJid55tZnl093beANUmwaY7oot5YqKZfAhWqhFsNiIqq1G4exTwvcR9N5zFWXf_IMw9KGbVXi4gfkpX_2P-YEEhBl45euCAc1aPtrpn2Twc=s639\" style=\"margin-left: 1em; margin-right: 1em;\"><img loading=\"lazy\" decoding=\"async\" border=\"0\" data-original-height=\"639\" data-original-width=\"600\" height=\"640\" src=\"https:\/\/blogger.googleusercontent.com\/img\/a\/AVvXsEiX9R378oIV_lzzJIRymbWTqVczOuQEowsZ48Dwdwo8B-0Ct0M_opnavra9_8BtmmwhLQWk1eYZQG1SDJid55tZnl093beANUmwaY7oot5YqKZfAhWqhFsNiIqq1G4exTwvcR9N5zFWXf_IMw9KGbVXi4gfkpX_2P-YEEhBl45euCAc1aPtrpn2Twc=w600-h640\" width=\"600\" \/><\/a><\/div>\n<p><\/p>\n<div style=\"clear: both; text-align: center;\"><\/div>\n<p><\/p>\n<div style=\"clear: both; text-align: center;\"><object contentid=\"33eaea28beb0e184\" height=\"266\" width=\"320\"><\/object><\/div>\n<p><\/p>\n<div style=\"clear: both; text-align: center;\"><span style=\"text-align: justify;\"><i>Remerciement de Jo\u00ebl SPINKS sur son live qui suivait notre \u00e9cole<\/i><\/span><\/div>\n<div style=\"clear: both; text-align: left;\"><span style=\"text-align: justify;\"><br \/><\/span><\/div>\n<div style=\"clear: both; text-align: left;\"><span style=\"text-align: justify;\">Un dernier t\u00e9moignage arrive juste avant la fin de cette session.<\/span><\/div>\n<p style=\"text-align: justify;\"><span><\/span><\/p>\n<p><a name='more'><\/a><\/p>\n<p style=\"text-align: justify;\">\n<div style=\"clear: both; text-align: center;\"><a href=\"https:\/\/ysministry.org\/site\/wp-content\/uploads\/2021\/11\/IMG_0864.jpeg\" style=\"margin-left: 1em; margin-right: 1em;\"><img loading=\"lazy\" decoding=\"async\" alt=\"\" data-original-height=\"618\" data-original-width=\"2729\" height=\"144\" src=\"https:\/\/ysministry.org\/site\/wp-content\/uploads\/2021\/11\/IMG_0864-300x68.jpeg\" width=\"640\" \/><\/a><\/div>\n<\/p>\n<p style=\"text-align: justify;\">\n<p style=\"text-align: justify;\"><b>Samedi 13 novembre,<\/b> nous vivons la deuxi\u00e8me soir\u00e9e REVEIL avec l&rsquo;AIMG et le GCO (Gospel Center d&rsquo;Oron), \u00e0 Oron.<\/p>\n<p style=\"text-align: justify;\">\n<div style=\"clear: both; text-align: center;\"><a href=\"https:\/\/ysministry.org\/site\/wp-content\/uploads\/2021\/11\/2021-11-13-M-2526G.png\" style=\"margin-left: 1em; margin-right: 1em;\"><img loading=\"lazy\" decoding=\"async\" alt=\"\" data-original-height=\"2019\" data-original-width=\"2048\" height=\"395\" src=\"https:\/\/ysministry.org\/site\/wp-content\/uploads\/2021\/11\/2021-11-13-M-2526G-300x296.png\" width=\"400\" \/><\/a><\/div>\n<p>Cet \u00e9v\u00e8nement se veut hybride, c&rsquo;est-\u00e0-dire, que nous m\u00ealons le pr\u00e9sentiel avec le distanciel et le digital. Pour notre part, nous continuons de nous occuper du Zoom. Les personnes ont la possibilit\u00e9 de s&rsquo;inscrire quelques jours avant pour participer \u00e0 cette soir\u00e9e par ce biais. Nous avons pu les encourager, prier pour elles, via l&rsquo;outil \u00ab\u00a0discuter\u00a0\u00bb, pour presque chacune d&rsquo;entre elles. C&rsquo;est toujours touchant de pouvoir parler ainsi avec des gens de la francophonie, provenant de tout pays, comme la France, Suisse, Canada, Togo, Cameroun, Espagne, Martinique, Guadeloupe, USA, &#8230;&nbsp;<\/p>\n<div style=\"clear: both; text-align: center;\"><iframe loading=\"lazy\" allowfullscreen=\"\" height=\"266\" src=\"https:\/\/www.youtube.com\/embed\/qtUWNLX5AME\" width=\"320\" youtube-src-><\/iframe><\/div>\n<p><\/p>\n<p style=\"text-align: justify;\">La derni\u00e8re fois, c&rsquo;\u00e9tait le pasteur Werner Lehmann qui avait pr\u00each\u00e9 en fran\u00e7ais, et traduit en 8 autres langues en ligne. Cette fois, notre oratrice, Izabel Bodini Waters, pr\u00eachait en anglais, traduite sur sc\u00e8ne en fran\u00e7ais et en 7 autres langues en ligne. Notre prochaine rencontre sera diff\u00e9rente car notre orateur pr\u00eachera depuis l&rsquo;\u00eele de La R\u00e9union via internet, il s&rsquo;agira de David Th\u00e9ry.<\/p>\n<p style=\"text-align: justify;\">\n<table align=\"center\" cellpadding=\"0\" cellspacing=\"0\" style=\"margin-left: auto; margin-right: auto;\">\n<tbody>\n<tr>\n<td style=\"text-align: center;\"><a href=\"https:\/\/ysministry.org\/site\/wp-content\/uploads\/2021\/11\/IMG_1212.jpeg\" style=\"margin-left: auto; margin-right: auto;\"><img loading=\"lazy\" decoding=\"async\" alt=\"\" data-original-height=\"1536\" data-original-width=\"2048\" height=\"480\" src=\"https:\/\/ysministry.org\/site\/wp-content\/uploads\/2021\/11\/IMG_1212-300x225.jpeg\" width=\"640\" \/><\/a><\/td>\n<\/tr>\n<tr>\n<td style=\"text-align: center;\">Multiples \u00e9crans de gestion<\/td>\n<\/tr>\n<\/tbody>\n<\/table>\n<p>Ces soir\u00e9es sont encore en mode \u00ab\u00a0essai\u00a0\u00bb et nous tentons \u00e0 chaque fois d&rsquo;am\u00e9liorer l&rsquo;offre pour ceux qui suivent l&rsquo;AIMG. La troisi\u00e8me et derni\u00e8re soir\u00e9e de cette s\u00e9rie aura lieu samedi 4 d\u00e9cembre 2021 \u00e0 Oron, sur Youtube\/FB, sur zoom ou sur place. Puis, nous r\u00e9fl\u00e9chirons \u00e0 la nouvelle ann\u00e9e 2022, nous prions pour discerner ce que Dieu a pr\u00e9par\u00e9 d&rsquo;avance pour l&rsquo;AIMG, sous quelle forme, et \u00e0 quel rythme. Vous en saurez davantage \u00e0 mesure que les mois passent \ud83d\ude09<\/p>\n<p style=\"text-align: justify;\">\n<div style=\"clear: both; text-align: center;\"><a href=\"https:\/\/ysministry.org\/site\/wp-content\/uploads\/2021\/11\/IMG_0891.jpeg\" style=\"margin-left: 1em; margin-right: 1em;\"><img loading=\"lazy\" decoding=\"async\" alt=\"\" data-original-height=\"1152\" data-original-width=\"2048\" height=\"360\" src=\"https:\/\/ysministry.org\/site\/wp-content\/uploads\/2021\/11\/IMG_0891-300x169.jpeg\" width=\"640\" \/><\/a><\/div>\n<p>Encore une fois nous vous remercions de tout coeur pour votre pr\u00e9cieux soutien dans la pri\u00e8re, mais aussi par vos mots d&rsquo;encouragement et vos dons. Nous nous sentons port\u00e9s et b\u00e9nis. C&rsquo;est une gr\u00e2ce d&rsquo;oeuvrer pour notre merveilleux Seigneur J\u00e9sus.&nbsp;<\/p>\n<p style=\"text-align: justify;\"><b>Nous vous laissons deux sujets de pri\u00e8re:<\/b><\/p>\n<p style=\"text-align: justify;\"><span>&nbsp; &nbsp; *&nbsp;<\/span>Nous sentons que nous devrons bient\u00f4t \u00ab\u00a0sortir de notre barque\u00a0\u00bb en quittant notre travail s\u00e9culier pour nous engager encore plus dans notre minist\u00e8re&#8230; mais nous ne savons pas encore quand exactement, ni comment cela se fera.&nbsp;<\/p>\n<p style=\"text-align: justify;\"><span>&nbsp; &nbsp; * Ce prochain weekend, vendredi 19 et samedi 20 novembre, nous enseignerons \u00e0 Rhema Paris. Merci pour vos pri\u00e8res pour ce temps particulier et intense que nous vivrons.&nbsp;<\/span><\/p>\n<p style=\"text-align: justify;\"><span><br \/><\/span><\/p>\n<p style=\"text-align: justify;\">\n<div style=\"clear: both; text-align: center;\"><a href=\"https:\/\/ysdupraz.blogspot.com\/p\/blog-page.html\" style=\"margin-left: 1em; margin-right: 1em;\"><img loading=\"lazy\" decoding=\"async\" border=\"0\" data-original-height=\"500\" data-original-width=\"2292\" height=\"70\" src=\"https:\/\/blogger.googleusercontent.com\/img\/a\/AVvXsEgj9YiSN7tHjIdtjHowKI9T5BjHTWlUBBD5G8txMmMNJ3wf91vMEStkaFBwrgbRveqKw32gCq0FokWtQ-K7jEYEZJ4ZbGbfaHP4QrfosmoG4CmwpVDJdqrs8KlUA5VgZC_UbRbYDhQGxZJKFUgTjmuelBlyAbNAGeo_oofH2pxD5UGrZRNPJfetkyo=s320\" width=\"320\" \/><\/a><\/div>\n<p><span><br \/><\/span><\/p>\n","protected":false},"excerpt":{"rendered":"<p>Nous avons trop de joie \u00e0 vous partager ce que nous vivons&#8230; Cette derni\u00e8re semaine fut intense \ud83d\ude09 Mercredi 10 novembre 2021, nous nous retrouvons derri\u00e8re notre zoom pour animer la 5\u00e8 classe de l&rsquo;Ecole Miracles &amp; Gu\u00e9risons.&nbsp; Cette fois, nous avons l&rsquo;immense privil\u00e8ge et le grand honneur d&rsquo;accueillir Jo\u00ebl SPINKS! Jo\u00ebl est pasteur de [&hellip;]<\/p>\n","protected":false},"author":2,"featured_media":234,"comment_status":"closed","ping_status":"closed","sticky":false,"template":"","format":"standard","meta":{"footnotes":""},"categories":[16,18,12,21,31,20],"tags":[],"class_list":["post-93","post","type-post","status-publish","format-standard","has-post-thumbnail","hentry","category-aimg","category-equipiers-priere","category-formation","category-guerison","category-news","category-temoignage"],"_links":{"self":[{"href":"https:\/\/ysministry.org\/site\/wp-json\/wp\/v2\/posts\/93","targetHints":{"allow":["GET"]}}],"collection":[{"href":"https:\/\/ysministry.org\/site\/wp-json\/wp\/v2\/posts"}],"about":[{"href":"https:\/\/ysministry.org\/site\/wp-json\/wp\/v2\/types\/post"}],"author":[{"embeddable":true,"href":"https:\/\/ysministry.org\/site\/wp-json\/wp\/v2\/users\/2"}],"replies":[{"embeddable":true,"href":"https:\/\/ysministry.org\/site\/wp-json\/wp\/v2\/comments?post=93"}],"version-history":[{"count":2,"href":"https:\/\/ysministry.org\/site\/wp-json\/wp\/v2\/posts\/93\/revisions"}],"predecessor-version":[{"id":2185,"href":"https:\/\/ysministry.org\/site\/wp-json\/wp\/v2\/posts\/93\/revisions\/2185"}],"wp:featuredmedia":[{"embeddable":true,"href":"https:\/\/ysministry.org\/site\/wp-json\/wp\/v2\/media\/234"}],"wp:attachment":[{"href":"https:\/\/ysministry.org\/site\/wp-json\/wp\/v2\/media?parent=93"}],"wp:term":[{"taxonomy":"category","embeddable":true,"href":"https:\/\/ysministry.org\/site\/wp-json\/wp\/v2\/categories?post=93"},{"taxonomy":"post_tag","embeddable":true,"href":"https:\/\/ysministry.org\/site\/wp-json\/wp\/v2\/tags?post=93"}],"curies":[{"name":"wp","href":"https:\/\/api.w.org\/{rel}","templated":true}]}}