{"id":94,"date":"2021-11-02T18:09:00","date_gmt":"2021-11-02T17:09:00","guid":{"rendered":"https:\/\/ysministry.org\/site\/2021\/11\/02\/rhema-%f0%9f%91%b6-nantes-marseille-pour-les-enfants-%f0%9f%91%b6\/"},"modified":"2025-10-18T13:11:25","modified_gmt":"2025-10-18T11:11:25","slug":"rhema-%f0%9f%91%b6-nantes-marseille-pour-les-enfants-%f0%9f%91%b6","status":"publish","type":"post","link":"https:\/\/ysministry.org\/site\/rhema-%f0%9f%91%b6-nantes-marseille-pour-les-enfants-%f0%9f%91%b6\/","title":{"rendered":"RHEMA | \ud83d\udc76 NANTES &#038; MARSEILLE POUR LES ENFANTS \ud83d\udc76"},"content":{"rendered":"<p style=\"text-align: justify;\">Les vacances d&rsquo;octobre \u00e0 peine commenc\u00e9es, nous partons enseigner&#8230;.<\/p>\n<p style=\"text-align: justify;\">A cause de la pand\u00e9mie de CORONA, nous avons \u00e9t\u00e9 contraints d&rsquo;enseigner soit en ligne par zoom ou alors de rester disponibles pour le campus d&rsquo;Oron-La-Ville. Mais l&rsquo;Europe rel\u00e2che ou modifie ces conditions et nous profitons d&rsquo;aller \u00e0 Nantes puis Marseille pour enseigner le sujet du \u00ab\u00a0Minist\u00e8re aupr\u00e8s des enfants\u00a0\u00bb.<\/p>\n<p style=\"text-align: justify;\">Premi\u00e8re \u00e9tape: Campus de Rhema Nantes.<\/p>\n<table align=\"center\" cellpadding=\"0\" cellspacing=\"0\" style=\"margin-left: auto; margin-right: auto;\">\n<tbody>\n<tr>\n<td style=\"text-align: center;\"><a href=\"https:\/\/blogger.googleusercontent.com\/img\/a\/AVvXsEjfIyXxFxXXTrXlmQXyP1pA5JqTqefCqVONrx5fWGIK5xLCX9rgtDyCn94AcHbqI4E2X9CmJ6NTofveLdgLZ-os8QA30VackUfwnBsU--bA9az-A1azq3gSwM6zUUsfqUXEJZivGKALVn3UKbarq9g0gsifPJ5p2SvUR_HrnylbyQXZV4aqqN-ATzM=s2048\" style=\"margin-left: auto; margin-right: auto;\"><img loading=\"lazy\" decoding=\"async\" border=\"0\" data-original-height=\"1536\" data-original-width=\"2048\" height=\"480\" src=\"https:\/\/blogger.googleusercontent.com\/img\/a\/AVvXsEjfIyXxFxXXTrXlmQXyP1pA5JqTqefCqVONrx5fWGIK5xLCX9rgtDyCn94AcHbqI4E2X9CmJ6NTofveLdgLZ-os8QA30VackUfwnBsU--bA9az-A1azq3gSwM6zUUsfqUXEJZivGKALVn3UKbarq9g0gsifPJ5p2SvUR_HrnylbyQXZV4aqqN-ATzM=w640-h480\" width=\"640\" \/><\/a><\/td>\n<\/tr>\n<tr>\n<td style=\"text-align: center;\">Le campus de Rhema Nantes<\/td>\n<\/tr>\n<\/tbody>\n<\/table>\n<p><\/p>\n<p style=\"text-align: justify;\"><b>Vendredi 15 octobre<\/b>, nous prenons l&rsquo;avion, qui a plus d&rsquo;une heure et demi de retard, ce qui nous fait atterrir trop tard pour \u00eatre \u00e0 l&rsquo;heure pour le d\u00e9but du cours. Heureusement, nos amis les Madan sont aussi \u00e0 Nantes et John introduit ce cours aupr\u00e8s des \u00e9tudiants.&nbsp;<\/p>\n<div style=\"clear: both; text-align: center;\"><a href=\"https:\/\/blogger.googleusercontent.com\/img\/a\/AVvXsEjH3qYG42M5uJrG3pfpoB4qyNERBbNn2AyJWQKaQfU-ZmyjiAdolbMpldm51bbO0H67o8DRTwMunx1FpR6lzfaLNowuMC3bmzBYHLZNnliMmjGVnvw-0VcS56kDYSpkGimbr38g-dTrdTOpCjKR5pWAmJ19bHvSBYHNVRJiBRyCxvXCLxOa0rZWdXU=s2048\" style=\"margin-left: 1em; margin-right: 1em;\"><img loading=\"lazy\" decoding=\"async\" border=\"0\" data-original-height=\"1152\" data-original-width=\"2048\" height=\"360\" src=\"https:\/\/blogger.googleusercontent.com\/img\/a\/AVvXsEjH3qYG42M5uJrG3pfpoB4qyNERBbNn2AyJWQKaQfU-ZmyjiAdolbMpldm51bbO0H67o8DRTwMunx1FpR6lzfaLNowuMC3bmzBYHLZNnliMmjGVnvw-0VcS56kDYSpkGimbr38g-dTrdTOpCjKR5pWAmJ19bHvSBYHNVRJiBRyCxvXCLxOa0rZWdXU=w640-h360\" width=\"640\" \/><\/a><\/div>\n<p><\/p>\n<p style=\"text-align: justify;\">Nous commen\u00e7ons donc notre cours un peu sur les chapeaux de roue, mais Dieu est bon et tr\u00e8s vite, nous nous sentons bien \u00e0 l&rsquo;aise parmi cette quarantaine d&rsquo;\u00e9tudiants provenant essentiellement de l&rsquo;\u00e9glise africaine dans laquelle se d\u00e9roule Rhema. Nous sommes accueillis avec joie et honneur, cela nous touche \u00e9norm\u00e9ment.<\/p>\n<table align=\"center\" cellpadding=\"0\" cellspacing=\"0\" style=\"margin-left: auto; margin-right: auto;\">\n<tbody>\n<tr>\n<td style=\"text-align: center;\"><a href=\"https:\/\/blogger.googleusercontent.com\/img\/a\/AVvXsEizuu9vB_ZEGXiYm29CaZ2siuqzyP_lYJSc9ANIjPG7W4EQin-cDAxc69g_UjTVbmRxz39Bap_zQdwM2PYcsy12HNc2Yl-hU3e1P07d_JHjj5aovZSGwH0POLEjW0yrPikzCxAN4qE4c1hmsxBHTYFt-TjENQTyhzjqS1t5dwBGDh-IYuoBaNtzb-8=s2048\" style=\"margin-left: auto; margin-right: auto;\"><img loading=\"lazy\" decoding=\"async\" border=\"0\" data-original-height=\"1536\" data-original-width=\"2048\" height=\"480\" src=\"https:\/\/blogger.googleusercontent.com\/img\/a\/AVvXsEizuu9vB_ZEGXiYm29CaZ2siuqzyP_lYJSc9ANIjPG7W4EQin-cDAxc69g_UjTVbmRxz39Bap_zQdwM2PYcsy12HNc2Yl-hU3e1P07d_JHjj5aovZSGwH0POLEjW0yrPikzCxAN4qE4c1hmsxBHTYFt-TjENQTyhzjqS1t5dwBGDh-IYuoBaNtzb-8=w640-h480\" width=\"640\" \/><\/a><\/td>\n<\/tr>\n<tr>\n<td style=\"text-align: center;\">Enseigner de mani\u00e8re ludique, c&rsquo;est important!<\/td>\n<\/tr>\n<\/tbody>\n<\/table>\n<p style=\"text-align: justify;\">Le sujet, \u00ab\u00a0minist\u00e8re aupr\u00e8s des enfants\u00a0\u00bb est rarement un sujet attendu avec expectative&#8230; pourquoi parler des enfants dans une \u00e9cole biblique? Mais tr\u00e8s rapidement, ce sujet gagne les coeurs des \u00e9tudiants et bouleverse leur mani\u00e8re de penser et d&rsquo;agir avec les enfants; oui, J\u00e9sus a r\u00e9prim\u00e9 ses propres disciples qui cherchaient \u00e0 emp\u00eacher les enfants de s&rsquo;approcher de lui et cela reste valable aujourd&rsquo;hui, J\u00e9sus aime les enfants et il dit m\u00eame que ce sont les plus grands du Royaume et que nous devons leur ressembler pour y entrer!&nbsp;<\/p>\n<p style=\"text-align: justify;\"><span><\/span><\/p>\n<p><a name='more'><\/a>Olga Tagbo, la coordinatrice de ce Campus, est tr\u00e8s reconnaissante de ce que nous avons pu apporter. Nous avons pu terminer ce temps avec eux en priant pour chacun d&rsquo;eux, les envoyant pr\u00eacher aux enfants, autant, si ce n&rsquo;est plus, qu&rsquo;on le fait pour les adultes.<\/p>\n<table align=\"center\" cellpadding=\"0\" cellspacing=\"0\" style=\"margin-left: auto; margin-right: auto;\">\n<tbody>\n<tr>\n<td style=\"text-align: center;\"><a href=\"https:\/\/blogger.googleusercontent.com\/img\/a\/AVvXsEikRn3MKRPxztZDSqyEUV9LQdoOvzML1ZL3b5VtxmPbx8-24NXEKMKm6oqegGNA3Zk4_yX8y-ZcFqcQrPDKELa8kf1ENxq6wp6HGWVutj5vs2F3dIPu4dCsOrq7vPfJdK0KQ_eHbMDqW4cTKNs4CMM8G6Q_lIhArqSkmcaTiW-PNyUEonOIkH-NAKo=s2048\" style=\"margin-left: auto; margin-right: auto;\"><img loading=\"lazy\" decoding=\"async\" border=\"0\" data-original-height=\"1536\" data-original-width=\"2048\" height=\"480\" src=\"https:\/\/blogger.googleusercontent.com\/img\/a\/AVvXsEikRn3MKRPxztZDSqyEUV9LQdoOvzML1ZL3b5VtxmPbx8-24NXEKMKm6oqegGNA3Zk4_yX8y-ZcFqcQrPDKELa8kf1ENxq6wp6HGWVutj5vs2F3dIPu4dCsOrq7vPfJdK0KQ_eHbMDqW4cTKNs4CMM8G6Q_lIhArqSkmcaTiW-PNyUEonOIkH-NAKo=w640-h480\" width=\"640\" \/><\/a><\/td>\n<\/tr>\n<tr>\n<td style=\"text-align: center;\">Olga TAGBO, une aide pr\u00e9cieuse.<\/td>\n<\/tr>\n<\/tbody>\n<\/table>\n<p style=\"text-align: justify;\">Nous avons \u00e9galement tant appr\u00e9ci\u00e9 les moments de partages fraternels autour des repas. Pouvoir voyager \u00e0 nouveau nous fait tellement de bien, de pouvoir rencontrer nos amis et de vivre avec eux quelques heures nous encourage beaucoup et nous donne encore plus envie d&rsquo;oeuvrer dans ce minist\u00e8re. Oui, apr\u00e8s des heures pass\u00e9es derri\u00e8re nos \u00e9crans, c&rsquo;est un r\u00e9el bonheur de nous voir \u00ab\u00a0en vrai\u00a0\u00bb et de pouvoir nous faire des \u00ab\u00a0hugs\u00a0\u00bb, quel bienfait!<\/p>\n<table align=\"center\" cellpadding=\"0\" cellspacing=\"0\" style=\"margin-left: auto; margin-right: auto;\">\n<tbody>\n<tr>\n<td style=\"text-align: center;\"><a href=\"https:\/\/blogger.googleusercontent.com\/img\/a\/AVvXsEhUy0YPI20hB2fGtSrnJzTgTpdmTAYok-vsF4VMCRD87CyaKZ7G6jb3rt6u9oH7cfCi9wuIRhJEU8g65mWdXVlWwzBAXiUmeJzQea9Tb-crXrVAJME7ruF_99lfB8_82BEYxTe8kx3yzPVWN6sfuoTutvdv8QUpqpEa_Sksq5A-WzFtnsuJx6sWNvg=s2048\" style=\"margin-left: auto; margin-right: auto;\"><img loading=\"lazy\" decoding=\"async\" border=\"0\" data-original-height=\"1536\" data-original-width=\"2048\" height=\"480\" src=\"https:\/\/blogger.googleusercontent.com\/img\/a\/AVvXsEhUy0YPI20hB2fGtSrnJzTgTpdmTAYok-vsF4VMCRD87CyaKZ7G6jb3rt6u9oH7cfCi9wuIRhJEU8g65mWdXVlWwzBAXiUmeJzQea9Tb-crXrVAJME7ruF_99lfB8_82BEYxTe8kx3yzPVWN6sfuoTutvdv8QUpqpEa_Sksq5A-WzFtnsuJx6sWNvg=w640-h480\" width=\"640\" \/><\/a><\/td>\n<\/tr>\n<tr>\n<td style=\"text-align: center;\">Pri\u00e8re de b\u00e9n\u00e9diction.<\/td>\n<\/tr>\n<\/tbody>\n<\/table>\n<p style=\"text-align: justify;\">Nous reprenons l&rsquo;avion dimanche d\u00e9but d&rsquo;apr\u00e8s-midi, ce qui nous a permis d&rsquo;aller suivre le d\u00e9but du culte dans l&rsquo;\u00e9glise africaine, voir comment ils vivent leur foi nous fait \u00e9galement du bien.<\/p>\n<p style=\"text-align: justify;\"><\/p>\n<h2 style=\"text-align: center;\"><b>Deuxi\u00e8me \u00e9tape: Ecole AIMG<\/b><\/h2>\n<p style=\"text-align: justify;\"><b>Mercredi 20 octobre,<\/b> un autre d\u00e9fi nous attend, cette fois derri\u00e8re nos \u00e9crans. En effet, nous vivons notre 4\u00e8 Ecole Miracles &amp; Gu\u00e9risons en ligne. Plus de 700 \u00e9tudiants francophones suivent cette formation, et plus de 300 anglophones (en alternance avec l&rsquo;\u00e9cole francophone), ce qui fait que plus de 1000 personnes \u00e0 travers le monde se forment pour gu\u00e9rir les malades et pr\u00eacher l&rsquo;\u00e9vangile, magnifique! Tu peux encore en faire partie, \u00e7a en vaut tellement la peine; et ton inscription donne droit \u00e0 5 \u00e9coles gratuites pour tes amis!<\/p>\n<div style=\"clear: both; text-align: center;\"><a href=\"https:\/\/blogger.googleusercontent.com\/img\/a\/AVvXsEjCQvOSjeP8QvY2ooxQXBrrLyo_JgUyRME3YhWJP-QmqYgASObrndeL1Crrjb4g_ZIejScURYwRfiMcr4cL3vx5216BR6FA36W37Ec3ocIkqi5uGS5Uz-gFKPsH1QFmaHg127_HIIfaWFbe1OQJVXWbnuNe2WCtO3UAZi3d4-c83xppc4616_XOr6Q=s1920\" style=\"margin-left: 1em; margin-right: 1em;\"><img loading=\"lazy\" decoding=\"async\" border=\"0\" data-original-height=\"1080\" data-original-width=\"1920\" height=\"360\" src=\"https:\/\/blogger.googleusercontent.com\/img\/a\/AVvXsEjCQvOSjeP8QvY2ooxQXBrrLyo_JgUyRME3YhWJP-QmqYgASObrndeL1Crrjb4g_ZIejScURYwRfiMcr4cL3vx5216BR6FA36W37Ec3ocIkqi5uGS5Uz-gFKPsH1QFmaHg127_HIIfaWFbe1OQJVXWbnuNe2WCtO3UAZi3d4-c83xppc4616_XOr6Q=w640-h360\" width=\"640\" \/><\/a><\/div>\n<p style=\"text-align: justify;\">Cette fois-ci, nous accueillons David THERY, enseignant fran\u00e7ais qui habite La R\u00e9union avec toute sa grande famille. Il encourage chacun \u00e0 commencer, et \u00e0 poursuivre, \u00e0 prier pour les malades et \u00e0 les gu\u00e9rir. De notre c\u00f4t\u00e9, nous animons cette \u00e9cole, Yves s&rsquo;occupe \u00e9galement de toute la technique, nous cherchons des d\u00e9fis hebdomadaires pour nos \u00e9tudiants et relevons toutes leurs questions afin de les poser en fin de soir\u00e9e \u00e0 notre invit\u00e9.<\/p>\n<table align=\"center\" cellpadding=\"0\" cellspacing=\"0\" style=\"margin-left: auto; margin-right: auto;\">\n<tbody>\n<tr>\n<td style=\"text-align: center;\"><a href=\"https:\/\/blogger.googleusercontent.com\/img\/a\/AVvXsEinI6B1eRB8J5emTwpAB0tfVDQKyOSC1JSz4fbQqnLdKTbJPIUAxADesMui_y6SQVk-A-xqVyGIN2-jbywthIV5ipeP5fFCeIce19S1Ce0HibeZG0oyBgbEiYYoK6fbxsBtXmgYzBMRs0bttZyntQoCwftntaQTKUF3doky6PrrLSjj_M3NiygcHEQ=s2048\" style=\"margin-left: auto; margin-right: auto;\"><img loading=\"lazy\" decoding=\"async\" border=\"0\" data-original-height=\"1536\" data-original-width=\"2048\" height=\"480\" src=\"https:\/\/blogger.googleusercontent.com\/img\/a\/AVvXsEinI6B1eRB8J5emTwpAB0tfVDQKyOSC1JSz4fbQqnLdKTbJPIUAxADesMui_y6SQVk-A-xqVyGIN2-jbywthIV5ipeP5fFCeIce19S1Ce0HibeZG0oyBgbEiYYoK6fbxsBtXmgYzBMRs0bttZyntQoCwftntaQTKUF3doky6PrrLSjj_M3NiygcHEQ=w640-h480\" width=\"640\" \/><\/a><\/td>\n<\/tr>\n<tr>\n<td style=\"text-align: center;\">Avec David Th\u00e9ry, vraiment bon !<\/td>\n<\/tr>\n<\/tbody>\n<\/table>\n<p><\/p>\n<p style=\"text-align: justify;\">A peine l&rsquo;\u00e9cole finie, nous encha\u00eenons avec le soir\u00e9e: Espoir &amp; Gu\u00e9rison, toujours avec David. Un grand d\u00e9fi pour nous de remplacer Jean-Luc \u00e0 son \u00e9mission. Savoir \u00e9couter et rebondir au bon moment, suivre les directives du Saint-Esprit et amener les auditeurs \u00e0 faire d\u00e9couvrir qui est J\u00e9sus, leur redonner espoir, tout cela en une heure. Merci Seigneur pour ton soutien sans faille et ta fid\u00e9lit\u00e9 \u00e0 nos c\u00f4t\u00e9s!<\/p>\n<p style=\"text-align: justify;\"><\/p>\n<h2 style=\"text-align: center;\">Troisi\u00e8me \u00e9tape: Campus de Rhema Marseille<\/h2>\n<p style=\"text-align: justify;\">Le lendemain, nous repartons en France, cette fois en voiture, direction Marseille. Nous prenons notre temps en faisant escale \u00e0 Avignon pour y passer la nuit et profiter de revoir cette belle ville. Nous arrivons finalement \u00e0 Marseille vendredi 21 octobre \u00e0 midi. Ben L\u00fctke, coordinateur du Campus de Rhema Marseille nous accueille directement \u00e0 la sortie du parking avec un grand \u00ab\u00a0hug\u00a0\u00bb. Quelle immense joie de le voir \u00ab\u00a0en vrai\u00a0\u00bb apr\u00e8s des mois et des mois de zoom avec lui pour mettre en place ce nouveau Campus. Effectivement, son ouverture a d\u00fb \u00eatre repouss\u00e9e 3 fois pour finalement s&rsquo;ouvrir en f\u00e9vrier dernier. Nous avions donc d\u00fb aussi changer 3 fois notre date pour venir enseigner&#8230; nous y voil\u00e0 enfin!<\/p>\n<table align=\"center\" cellpadding=\"0\" cellspacing=\"0\" style=\"margin-left: auto; margin-right: auto;\">\n<tbody>\n<tr>\n<td style=\"text-align: center;\"><a href=\"https:\/\/blogger.googleusercontent.com\/img\/a\/AVvXsEgON3TPDDJg5jRZQP3AFFqg2ath69uH14CLj8U_g0hazu2fnsJgwNOpYmdTlPaxXvH6LcJgRBO81VWc9DL_T3JpCRGLCwkEJgPnWoTBDQ6Tiful90_tp2JoNWpCds0KLcZEehZT9T5L36e0MU9uHSHdPtb8ZP89_K7XMgogPr9_DoF9aiAFYH0r0CA=s1024\" style=\"margin-left: auto; margin-right: auto;\"><img loading=\"lazy\" decoding=\"async\" border=\"0\" data-original-height=\"576\" data-original-width=\"1024\" height=\"360\" src=\"https:\/\/blogger.googleusercontent.com\/img\/a\/AVvXsEgON3TPDDJg5jRZQP3AFFqg2ath69uH14CLj8U_g0hazu2fnsJgwNOpYmdTlPaxXvH6LcJgRBO81VWc9DL_T3JpCRGLCwkEJgPnWoTBDQ6Tiful90_tp2JoNWpCds0KLcZEehZT9T5L36e0MU9uHSHdPtb8ZP89_K7XMgogPr9_DoF9aiAFYH0r0CA=w640-h360\" width=\"640\" \/><\/a><\/td>\n<\/tr>\n<tr>\n<td style=\"text-align: center;\">Avec Ben L\u00dcTKE, du pur plaisir !<\/td>\n<\/tr>\n<\/tbody>\n<\/table>\n<p style=\"text-align: justify;\">Ce campus est tr\u00e8s diff\u00e9rent que celui de Nantes, et c&rsquo;est ce qui fait aussi la richesse de Rhema. Moins d&rsquo;\u00e9tudiants, une moyenne d&rsquo;\u00e2ge plus basse et des attentes diff\u00e9rentes. Les cours ont lieu dans l&rsquo;\u00e9glise EPP (Eglise Protestante du Panier, le Panier est le plus vieux quartier de Marseille) o\u00f9 Ben en est pasteur et directeur artistique.<\/p>\n<table align=\"center\" cellpadding=\"0\" cellspacing=\"0\" style=\"margin-left: auto; margin-right: auto;\">\n<tbody>\n<tr>\n<td style=\"text-align: center;\"><a href=\"https:\/\/blogger.googleusercontent.com\/img\/a\/AVvXsEhJuXkW-Jdnm-AQ-EzLc3LliGIQfvI-xGDqv14mKieA07zPSNL-qLAmXx3oU6LaqYs0dpvBQ_As0Vka1YmNvcpv-Q5JYN2eCtkItVYZP2_W0im-Cw6Ai9S9es8YG1BD6K2sg79ul8Czdqt-a9V4W-wkbf92XH4OZMCFbUgo9u33adP6Kmpi-4s_54w=s1600\" style=\"margin-left: auto; margin-right: auto;\"><img loading=\"lazy\" decoding=\"async\" border=\"0\" data-original-height=\"1200\" data-original-width=\"1600\" height=\"480\" src=\"https:\/\/blogger.googleusercontent.com\/img\/a\/AVvXsEhJuXkW-Jdnm-AQ-EzLc3LliGIQfvI-xGDqv14mKieA07zPSNL-qLAmXx3oU6LaqYs0dpvBQ_As0Vka1YmNvcpv-Q5JYN2eCtkItVYZP2_W0im-Cw6Ai9S9es8YG1BD6K2sg79ul8Czdqt-a9V4W-wkbf92XH4OZMCFbUgo9u33adP6Kmpi-4s_54w=w640-h480\" width=\"640\" \/><\/a><\/td>\n<\/tr>\n<tr>\n<td style=\"text-align: center;\">En plein travail \ud83d\ude09<\/td>\n<\/tr>\n<\/tbody>\n<\/table>\n<p style=\"text-align: justify;\">Nous enseignons le m\u00eame sujet, mais pas de la m\u00eame mani\u00e8re&#8230;. nous nous laissons diriger par l&rsquo;Esprit et, m\u00eame si on donne la m\u00eame mati\u00e8re, nous l&rsquo;apportons tr\u00e8s diff\u00e9remment, cela aussi est une richesse! Nous avons la joie de conna\u00eetre ces \u00e9tudiants, de parler avec eux et d&rsquo;\u00e9changer sur divers sujets. Nous avons aussi eu le privil\u00e8ge de partager un repas au domicile de Ben, m\u00eame si on ne s&rsquo;est rencontr\u00e9 que quelques heures plus t\u00f4t, nous avons l&rsquo;impression de nous conna\u00eetre depuis toujours! Quelle gr\u00e2ce!<\/p>\n<table align=\"center\" cellpadding=\"0\" cellspacing=\"0\" style=\"margin-left: auto; margin-right: auto;\">\n<tbody>\n<tr>\n<td style=\"text-align: center;\"><a href=\"https:\/\/blogger.googleusercontent.com\/img\/a\/AVvXsEgDMXTHzerKmU0kYY79e71aApr5Mw1nMgIuKGET1EEjnUQAABhObpjr-hOFdgqLZcq6zaqsmoYXCmZICYrgsjXXl9Xnm4BN5Fp07iNI9YE-h2mT5GWndeV8cgrIrOa3kwYvBjD-gbeB8yPmH_PxGWzD_Yc8bhvRcHHjzod6nQz6XM2ZuffdatvdsCo=s2048\" style=\"margin-left: auto; margin-right: auto;\"><img loading=\"lazy\" decoding=\"async\" border=\"0\" data-original-height=\"1536\" data-original-width=\"2048\" height=\"480\" src=\"https:\/\/blogger.googleusercontent.com\/img\/a\/AVvXsEgDMXTHzerKmU0kYY79e71aApr5Mw1nMgIuKGET1EEjnUQAABhObpjr-hOFdgqLZcq6zaqsmoYXCmZICYrgsjXXl9Xnm4BN5Fp07iNI9YE-h2mT5GWndeV8cgrIrOa3kwYvBjD-gbeB8yPmH_PxGWzD_Yc8bhvRcHHjzod6nQz6XM2ZuffdatvdsCo=w640-h480\" width=\"640\" \/><\/a><\/td>\n<\/tr>\n<tr>\n<td style=\"text-align: center;\">Ben LUTKE<\/td>\n<\/tr>\n<\/tbody>\n<\/table>\n<p style=\"text-align: justify;\">Notre enseignement termin\u00e9, nous avons encore la force de monter \u00e0 pieds jusqu&rsquo;\u00e0 \u00ab\u00a0Notre Dame de la Garde\u00a0\u00bb, basilique situ\u00e9e sur les hauteurs de Marseille, qui offre aussi une superbe vue sur tout Marseille. Une derni\u00e8re nuit dans l&rsquo;h\u00f4tel situ\u00e9 au vieux port, nuit agit\u00e9e car l&rsquo;OM de Marseille jouera un match dimanche contre le PSG, les supporters s&rsquo;\u00e9chauffent d\u00e9j\u00e0 ;-). Nous partons dimanche matin visiter la calanque de Cassis puis remontons tranquillement en direction de la Suisse, passant par Aix-en- Provence puis Orange.&nbsp;<\/p>\n<table align=\"center\" cellpadding=\"0\" cellspacing=\"0\" style=\"margin-left: auto; margin-right: auto;\">\n<tbody>\n<tr>\n<td style=\"text-align: center;\"><a href=\"https:\/\/blogger.googleusercontent.com\/img\/a\/AVvXsEgYDyHpyA4qSnhv_y_h5564tyhxEvbUy_hWx1y8NTDLUzzCjztaEdR0QtGvROAUk3uScrNyQY8H62M7LPAL9LZJBoKRHWfLUSi3_15ddBbN8dAT0WqMhU7RIv8dF2M50IuLwDRdmNwfuLB8LcCQF_PiQROZHmSq5om3tPAIp0E84eeDN8oTqmLisFk=s3119\" style=\"margin-left: auto; margin-right: auto;\"><img loading=\"lazy\" decoding=\"async\" border=\"0\" data-original-height=\"1008\" data-original-width=\"3119\" height=\"206\" src=\"https:\/\/blogger.googleusercontent.com\/img\/a\/AVvXsEgYDyHpyA4qSnhv_y_h5564tyhxEvbUy_hWx1y8NTDLUzzCjztaEdR0QtGvROAUk3uScrNyQY8H62M7LPAL9LZJBoKRHWfLUSi3_15ddBbN8dAT0WqMhU7RIv8dF2M50IuLwDRdmNwfuLB8LcCQF_PiQROZHmSq5om3tPAIp0E84eeDN8oTqmLisFk=w640-h206\" width=\"640\" \/><\/a><\/td>\n<\/tr>\n<tr>\n<td style=\"text-align: center;\">Panorama \u00e0 Notre Dame<\/td>\n<\/tr>\n<\/tbody>\n<\/table>\n<p style=\"text-align: justify;\">Nous avons tant \u00e9t\u00e9 b\u00e9nis par ces deux weekends d&rsquo;enseignement \u00e0 Rhema!&nbsp;<\/p>\n<p style=\"text-align: justify;\"><\/p>\n<h2 style=\"text-align: center;\">Quatri\u00e8me \u00e9tape: journ\u00e9e AIMG<\/h2>\n<p style=\"text-align: justify;\">Quelques jours de repos et <b>jeudi 28 octobre, <\/b>nous vivons une journ\u00e9e enti\u00e8re de travail avec le CDI (Comit\u00e9 Direction de l&rsquo;AIMG) \u00e0 Oron pour prier et r\u00e9fl\u00e9chir \u00e0 l&rsquo;ann\u00e9e 2022. Cette journ\u00e9e fut suivie par notre soir\u00e9e francophone Miracles &amp; Gu\u00e9risons en ligne, avec Werner Lehmann, o\u00f9 nous sommes co-animateurs avec Jean-Luc Trachsel.&nbsp;<\/p>\n<p style=\"text-align: justify;\">Ce mois d&rsquo;octobre 2021 fut tr\u00e8s tr\u00e8s riche en \u00e9v\u00e8nements, en d\u00e9couvertes, en voyages, en joies et d\u00e9fis! Merci Seigneur pour ce temps de vacances qui nous a permis de vivre tout cela, et merci pour les forces pour reprendre notre travail s\u00e9culier d\u00e8s lundi 1er novembre.&nbsp;<\/p>\n<p style=\"text-align: justify;\">A Dieu soit toute la gloire!<\/p>\n<p style=\"text-align: justify;\"><\/p>\n<table align=\"center\" cellpadding=\"0\" cellspacing=\"0\" style=\"margin-left: auto; margin-right: auto;\">\n<tbody>\n<tr>\n<td style=\"text-align: center;\"><span style=\"margin-left: auto; margin-right: auto;\"><a href=\"https:\/\/ysdupraz.blogspot.com\/p\/blog-page.html\"><img loading=\"lazy\" decoding=\"async\" border=\"0\" data-original-height=\"500\" data-original-width=\"2292\" height=\"70\" src=\"https:\/\/blogger.googleusercontent.com\/img\/a\/AVvXsEhPAZw86gukaNuvNB3B5IN5eh-AEMdFa8HsUSY5T9gjFc6z4gGr5R1A_9v04k7WDIcRcdPV0W9X_gEZX9-5dC7ybcCVoHlODkgupGz1jmWWnXFxN9jzwD8fHYyF5HL8BnmG3N827A1MvMwXyqEkMLcSjGMkKjMWeGCOuRF5DcLtTTLvEetE9pMjoSk=s320\" width=\"320\" \/><\/a><\/span><\/td>\n<\/tr>\n<tr>\n<td style=\"text-align: center;\"><i><a href=\"https:\/\/ysdupraz.blogspot.com\/p\/blog-page.html\">Merci pour votre soutien<\/a><\/i><\/td>\n<\/tr>\n<\/tbody>\n<\/table>\n<p><\/p>\n<p style=\"text-align: justify;\"><\/p>\n<div style=\"clear: both; text-align: center;\"><\/div>\n<p><\/p>\n","protected":false},"excerpt":{"rendered":"<p>Les vacances d&rsquo;octobre \u00e0 peine commenc\u00e9es, nous partons enseigner&#8230;. A cause de la pand\u00e9mie de CORONA, nous avons \u00e9t\u00e9 contraints d&rsquo;enseigner soit en ligne par zoom ou alors de rester disponibles pour le campus d&rsquo;Oron-La-Ville. Mais l&rsquo;Europe rel\u00e2che ou modifie ces conditions et nous profitons d&rsquo;aller \u00e0 Nantes puis Marseille pour enseigner le sujet du [&hellip;]<\/p>\n","protected":false},"author":2,"featured_media":0,"comment_status":"closed","ping_status":"closed","sticky":false,"template":"","format":"standard","meta":{"footnotes":""},"categories":[16,14,31,11,25,22],"tags":[],"class_list":["post-94","post","type-post","status-publish","format-standard","hentry","category-aimg","category-enseignement","category-news","category-rhema","category-rhemamarseille","category-rhemanantes"],"_links":{"self":[{"href":"https:\/\/ysministry.org\/site\/wp-json\/wp\/v2\/posts\/94","targetHints":{"allow":["GET"]}}],"collection":[{"href":"https:\/\/ysministry.org\/site\/wp-json\/wp\/v2\/posts"}],"about":[{"href":"https:\/\/ysministry.org\/site\/wp-json\/wp\/v2\/types\/post"}],"author":[{"embeddable":true,"href":"https:\/\/ysministry.org\/site\/wp-json\/wp\/v2\/users\/2"}],"replies":[{"embeddable":true,"href":"https:\/\/ysministry.org\/site\/wp-json\/wp\/v2\/comments?post=94"}],"version-history":[{"count":1,"href":"https:\/\/ysministry.org\/site\/wp-json\/wp\/v2\/posts\/94\/revisions"}],"predecessor-version":[{"id":2186,"href":"https:\/\/ysministry.org\/site\/wp-json\/wp\/v2\/posts\/94\/revisions\/2186"}],"wp:attachment":[{"href":"https:\/\/ysministry.org\/site\/wp-json\/wp\/v2\/media?parent=94"}],"wp:term":[{"taxonomy":"category","embeddable":true,"href":"https:\/\/ysministry.org\/site\/wp-json\/wp\/v2\/categories?post=94"},{"taxonomy":"post_tag","embeddable":true,"href":"https:\/\/ysministry.org\/site\/wp-json\/wp\/v2\/tags?post=94"}],"curies":[{"name":"wp","href":"https:\/\/api.w.org\/{rel}","templated":true}]}}