{"id":96,"date":"2021-10-02T15:11:00","date_gmt":"2021-10-02T13:11:00","guid":{"rendered":"https:\/\/ysministry.org\/site\/2021\/10\/02\/aimg-%f0%9f%92%bb-une-semaine-en-fanfare-%f0%9f%8e%89\/"},"modified":"2025-10-18T13:11:50","modified_gmt":"2025-10-18T11:11:50","slug":"aimg-%f0%9f%92%bb-une-semaine-en-fanfare-%f0%9f%8e%89","status":"publish","type":"post","link":"https:\/\/ysministry.org\/site\/aimg-%f0%9f%92%bb-une-semaine-en-fanfare-%f0%9f%8e%89\/","title":{"rendered":"AIMG | \ud83d\udcbb Une semaine en fanfare \ud83c\udf89"},"content":{"rendered":"<p style=\"text-align: justify;\">Deux jours intenses et riches!<\/p>\n<p style=\"text-align: justify;\"><b>Le mercredi 29 septembre 2021,<\/b> nous avons anim\u00e9, avec Jean-Luc TRACSHEL la deuxi\u00e8me session de l&rsquo;\u00c9cole Miracles et Gu\u00e9risons en fran\u00e7ais. Durant les jours pr\u00e9c\u00e9dents, le nombre d&rsquo;\u00e9tudiants a encore augment\u00e9. Nous en sommes actuellement \u00e0 plus de 620 personnes inscrites pour cette \u00e9cole.<\/p>\n<table align=\"center\" cellpadding=\"0\" cellspacing=\"0\" style=\"margin-left: auto; margin-right: auto;\">\n<tbody>\n<tr>\n<td style=\"text-align: center;\"><a href=\"https:\/\/blogger.googleusercontent.com\/img\/a\/AVvXsEiMTOx5gAwgLYNN8nV_esSOk-jOGOfqcdej2e0O5yZFsdghgIrJIkWtv_6-G1rHJUfR3F856bo-fpItkkv6ME2sJ_QeaO5DX7u4MvdsSN5yHhn7d4yM4Cim3Flf8xSoqL0C4t13LChd9ZmLSrpwepkSna3uROV8GvLBl7ld1eEjm2blTwrMPd3mT1o=s2048\" style=\"margin-left: auto; margin-right: auto;\"><img loading=\"lazy\" decoding=\"async\" border=\"0\" data-original-height=\"1536\" data-original-width=\"2048\" height=\"480\" src=\"https:\/\/blogger.googleusercontent.com\/img\/a\/AVvXsEiMTOx5gAwgLYNN8nV_esSOk-jOGOfqcdej2e0O5yZFsdghgIrJIkWtv_6-G1rHJUfR3F856bo-fpItkkv6ME2sJ_QeaO5DX7u4MvdsSN5yHhn7d4yM4Cim3Flf8xSoqL0C4t13LChd9ZmLSrpwepkSna3uROV8GvLBl7ld1eEjm2blTwrMPd3mT1o=w640-h480\" width=\"640\" \/><\/a><\/td>\n<\/tr>\n<tr>\n<td style=\"text-align: center;\"><i>Behind the scene&#8230;<\/i><\/td>\n<\/tr>\n<\/tbody>\n<\/table>\n<p style=\"text-align: justify;\">Entre deux sessions d&rsquo;\u00e9cole, nous prenons quotidiennement du temps pour lire, organiser et r\u00e9pondre aux questions des \u00e9tudiants qui suivent cette \u00e9cole en direct ou en diff\u00e9r\u00e9. En effet, nous avons mis en place un Padlet sur lequel ils peuvent laisser leurs t\u00e9moignages, poser leurs questions ou r\u00e9pondre \u00e0 d&rsquo;autres. C&rsquo;est vraiment beau de faire ceci et de se r\u00e9jouir des t\u00e9moignages que nous recevons. Cela prouve que Dieu est encore vivant et agissant aujourd&rsquo;hui.<\/p>\n<table align=\"center\" cellpadding=\"0\" cellspacing=\"0\" style=\"margin-left: auto; margin-right: auto;\">\n<tbody>\n<tr>\n<td style=\"text-align: center;\"><a href=\"https:\/\/blogger.googleusercontent.com\/img\/a\/AVvXsEgRTG8I62QpJzx8qdReDcntTW_5tX5a7mv6p_CvHFzOQLTx1z3WtUK2NJCLC0QYFIRR_C19pBnFoIhD8YhcOnVzJkQjzeRkZ48B3xHab_jEhFeLriPUIuAT4lfyySqbAdXanFm0_XJ8t6BGrjDLkbyt-vbZW-xlUgGBvyO4rfW65Db0RP49cRy7g6k=s2048\" style=\"margin-left: auto; margin-right: auto;\"><img loading=\"lazy\" decoding=\"async\" border=\"0\" data-original-height=\"1268\" data-original-width=\"2048\" height=\"396\" src=\"https:\/\/blogger.googleusercontent.com\/img\/a\/AVvXsEgRTG8I62QpJzx8qdReDcntTW_5tX5a7mv6p_CvHFzOQLTx1z3WtUK2NJCLC0QYFIRR_C19pBnFoIhD8YhcOnVzJkQjzeRkZ48B3xHab_jEhFeLriPUIuAT4lfyySqbAdXanFm0_XJ8t6BGrjDLkbyt-vbZW-xlUgGBvyO4rfW65Db0RP49cRy7g6k=w640-h396\" width=\"640\" \/><\/a><\/td>\n<\/tr>\n<tr>\n<td style=\"text-align: center;\"><i>En pleine relecture&#8230;<\/i><\/td>\n<\/tr>\n<\/tbody>\n<\/table>\n<p><\/p>\n<p style=\"text-align: justify;\"><b>Mercredi 29 septembre 18h00.<\/b> C&rsquo;est parti pour l&rsquo;\u00e9cole Miracles &amp; Gu\u00e9risons en ligne sur zoom et YouTube. Nous sommes particuli\u00e8rement heureux car c&rsquo;est John &amp; Laura MADAN, nous Directeurs RHEMA, &nbsp;qui sont les orateurs du jour. Un enseignement \u00e9quilibr\u00e9 bon et surtout d&rsquo;une tr\u00e8s grande sagesse quant aux r\u00e9ponses \u00e0 apporter aux questions des \u00e9tudiants en ligne. Ces derniers ont fortement appr\u00e9ci\u00e9 cet enseignement simple et clair. John a enseign\u00e9 une session et Laura une autre; un enseignement ponctu\u00e9 de nombreux t\u00e9moignages.<\/p>\n<table align=\"center\" cellpadding=\"0\" cellspacing=\"0\" style=\"margin-left: auto; margin-right: auto;\">\n<tbody>\n<tr>\n<td style=\"text-align: center;\"><a href=\"https:\/\/blogger.googleusercontent.com\/img\/a\/AVvXsEitGLL2qNUGbEkomv4Ds9ZnqeBulmgALOybWT1BRNitOT8GcOVlcXtyQkpOWEMQcXxe2YryeI57yGYDJB2ECV0BuO4lZuVZVTRYOEr2FTosRNy_Y69vEtPYzt6-OET_6Y-02Wjb6C2nioT6Vo-oIUsd35HQHM6UDrun6NcCsK596YDEMRl2uwJZgNg=s1357\" style=\"margin-left: auto; margin-right: auto;\"><img loading=\"lazy\" decoding=\"async\" border=\"0\" data-original-height=\"974\" data-original-width=\"1357\" height=\"461\" src=\"https:\/\/blogger.googleusercontent.com\/img\/a\/AVvXsEitGLL2qNUGbEkomv4Ds9ZnqeBulmgALOybWT1BRNitOT8GcOVlcXtyQkpOWEMQcXxe2YryeI57yGYDJB2ECV0BuO4lZuVZVTRYOEr2FTosRNy_Y69vEtPYzt6-OET_6Y-02Wjb6C2nioT6Vo-oIUsd35HQHM6UDrun6NcCsK596YDEMRl2uwJZgNg=w640-h461\" width=\"640\" \/><\/a><\/td>\n<\/tr>\n<tr>\n<td style=\"text-align: center;\"><i>John MADAN<\/i><\/td>\n<\/tr>\n<\/tbody>\n<\/table>\n<p style=\"text-align: justify;\"><\/p>\n<table align=\"center\" cellpadding=\"0\" cellspacing=\"0\" style=\"margin-left: auto; margin-right: auto;\">\n<tbody>\n<tr>\n<td style=\"text-align: center;\"><a href=\"https:\/\/blogger.googleusercontent.com\/img\/a\/AVvXsEiSeSOPIo13c7cmPKjDfl1D9Ur5E6Tg1WGTgmry5uK4MbYjxy7HCF75y_XjhmhCVFpbhE35vBNjVF0LhOEEEDmScg5UJxdEnj-FCNboGt61gyztcyThsXxCGYQntqXjzAgEKFJ2O2HugFPAzJDfFOptZ3YlAH60H8v5KK1ALxu-zX7jemLU0V-wOk0=s1351\" style=\"margin-left: auto; margin-right: auto;\"><img loading=\"lazy\" decoding=\"async\" border=\"0\" data-original-height=\"985\" data-original-width=\"1351\" height=\"466\" src=\"https:\/\/blogger.googleusercontent.com\/img\/a\/AVvXsEiSeSOPIo13c7cmPKjDfl1D9Ur5E6Tg1WGTgmry5uK4MbYjxy7HCF75y_XjhmhCVFpbhE35vBNjVF0LhOEEEDmScg5UJxdEnj-FCNboGt61gyztcyThsXxCGYQntqXjzAgEKFJ2O2HugFPAzJDfFOptZ3YlAH60H8v5KK1ALxu-zX7jemLU0V-wOk0=w640-h466\" width=\"640\" \/><\/a><\/td>\n<\/tr>\n<tr>\n<td style=\"text-align: center;\"><i>Laura MADAN&#8230; et son chapeau !<\/i><\/td>\n<\/tr>\n<\/tbody>\n<\/table>\n<p style=\"text-align: justify;\">Lors de la premi\u00e8re \u00e9cole, Yves a re\u00e7u de prier sp\u00e9cifiquement pour des m\u00e2choires bris\u00e9es ou d\u00e9bo\u00eet\u00e9es ou encore pour des parties d&rsquo;os manquantes. Durant la semaine, nous avons re\u00e7u un t\u00e9moignage tr\u00e8s encourageant que voici.<span><\/span><\/p>\n<p><a name='more'><\/a><\/p>\n<p style=\"text-align: justify;\">\n<blockquote>\n<p style=\"text-align: justify;\">\u00c0 la derni\u00e8re session, Yves et Sabine ont demand\u00e9 qui avaient un probl\u00e8me de m\u00e2choire d\u00e9bo\u00eet\u00e9e. Il se trouve que depuis mon enfance ma m\u00e2choire est d\u00e9bo\u00eet\u00e9e et dont je ne m&rsquo;en rends plus compte. Eh bien je t\u00e9moigne aujourd&rsquo;hui de la gu\u00e9rison de ma m\u00e2choire. Lorsque j&rsquo;ouvre la bouche, que je mange ou baille, ma m\u00e2choire ne se d\u00e9bo\u00eete plus et ne fait plus de bruit.<\/p>\n<p style=\"text-align: justify;\">Pendant la pri\u00e8re j&rsquo;ai beaucoup touss\u00e9 et j&rsquo;ai eu une douleur douce au niveau de l&rsquo;articulation de la m\u00e2choire.&nbsp;<\/p>\n<p style=\"text-align: justify;\">Gloire \u00e0 toi Papa, mon Dieu tout puissant. Je n&rsquo;attendais rien du tout et Toi tu nous combles de tes gr\u00e2ces. Je t&rsquo;aime Papa, merci. Catherine de Bordeaux France<\/p>\n<\/blockquote>\n<p style=\"text-align: justify;\">Vraiment beau n&rsquo;est-ce pas ? Dieu est bon ! Dieu est puissant.<\/p>\n<p style=\"text-align: justify;\"><\/p>\n<p style=\"text-align: justify;\"><b>Le jeudi soir 30 septembre, <\/b>jour des 21 ans de notre \u00ab\u00a0petite\u00a0\u00bbderni\u00e8re, &nbsp;nous nous connectons \u00e0 nouveau pour participer, cette fois, \u00e0 la soir\u00e9e Miracles &amp; Gu\u00e9risons avec Jean-Luc TRACHSEL et S\u0153ur Judith Myriam, une femme catholique qui a le feu pour J\u00e9sus qui vit \u00e0 Abidjan. Si vous n&rsquo;avez pas vu cette soir\u00e9e, nous vous invitons \u00e0 la voir (ou la revoir) ci-dessous. C&rsquo;\u00e9tait vraiment exceptionnel!<\/p>\n<div style=\"clear: both; text-align: center;\"><iframe loading=\"lazy\" allowfullscreen=\"\" height=\"266\" src=\"https:\/\/www.youtube.com\/embed\/1aWZ5WA-i4Q\" width=\"320\" youtube-src-><\/iframe><\/div>\n<p style=\"text-align: justify;\">Comme c&rsquo;est bon de pouvoir \u0153uvrer dans l&rsquo;unit\u00e9 des chr\u00e9tiens tout comme J\u00e9sus l&rsquo;a fait en choisissant ses disciples de tout bord. De nombreuses personnes durant ce live ont pu choisir J\u00e9sus comme Sauveur et Seigneur de leur vie; et d&rsquo;apr\u00e8s nos estimations, il semblerait que plus de 100 personnes aient fait cette d\u00e9marche, et ceci en moins de 3 minutes!<\/p>\n<table align=\"center\" cellpadding=\"0\" cellspacing=\"0\" style=\"margin-left: auto; margin-right: auto;\">\n<tbody>\n<tr>\n<td style=\"text-align: center;\"><a href=\"https:\/\/blogger.googleusercontent.com\/img\/a\/AVvXsEjA2dfHS3zFMLwyeQ2wumrXzHQxVUmUq2O-YstrG--E8qtzMdKPKBO5Ij-AS_UUeCU0AWWPQ5m6eLyy-I2U33wZAgnH_5BeXLTYLKp5J3sHXEnOQxhXe2cWfhx8juJodXtIw0UG7hvOXbd9sjr5MlcpPQxHESvMnTyzZA79oaVv8xUId90rvOpLvas=s1768\" style=\"margin-left: auto; margin-right: auto;\"><img loading=\"lazy\" decoding=\"async\" border=\"0\" data-original-height=\"863\" data-original-width=\"1768\" height=\"312\" src=\"https:\/\/blogger.googleusercontent.com\/img\/a\/AVvXsEjA2dfHS3zFMLwyeQ2wumrXzHQxVUmUq2O-YstrG--E8qtzMdKPKBO5Ij-AS_UUeCU0AWWPQ5m6eLyy-I2U33wZAgnH_5BeXLTYLKp5J3sHXEnOQxhXe2cWfhx8juJodXtIw0UG7hvOXbd9sjr5MlcpPQxHESvMnTyzZA79oaVv8xUId90rvOpLvas=w640-h312\" width=\"640\" \/><\/a><\/td>\n<\/tr>\n<tr>\n<td style=\"text-align: center;\"><i>Vue depuis notre \u00e9cran&#8230;<\/p>\n<p><\/i><\/td>\n<\/tr>\n<\/tbody>\n<\/table>\n<p style=\"text-align: center;\"><b>= = = = = = NOS PROCHAINS DEFIS = = = = = =<\/b><\/p>\n<p style=\"text-align: justify;\">La soir\u00e9e R\u00e9veil du 9 octobre sera un r\u00e9el d\u00e9fi pour l&rsquo;AIMG. Un d\u00e9fi technique et spirituel. Il s&rsquo;agit de re-booster la foi du peuple de Dieu qui a \u00e9t\u00e9 confin\u00e9 depuis bient\u00f4t 2 ans pour l&rsquo;encourager \u00e0 se sortir et \u00e0 embrasser le r\u00e9veil que nous sentons si proche.<\/p>\n<p style=\"text-align: justify;\">Cette soir\u00e9e se fera \u00e0 la fois en LIVE et sur Internet (Zoom et Youtube). Il s&rsquo;agira pour Jean-Luc de switcher entre les deux r\u00e9alit\u00e9s et nous devrons nous occuper de tout le c\u00f4t\u00e9 du zoom de pri\u00e8re. En effet, des personnes seront pr\u00e9sentes sur le plateau mais via zoom (100 pers). Jean-Luc va recevoir des paroles de connaissances aussi bien pour les personnes de la salle que pour les personnes sur le zoom. Il faudra donc \u00ab\u00a0jongler\u00a0\u00bb avec tout cela pour que tout le monde se sente inclus. Le tout sera traduit en anglais et dans 8 autres langues normalement si notre connexion Internet tient.<\/p>\n<p style=\"text-align: justify;\">\n<div style=\"clear: both; text-align: center;\"><a href=\"https:\/\/lh3.googleusercontent.com\/-yJ4UT0JWssk\/YVhm_XLEyKI\/AAAAAAAA_7w\/uvH3gNSDL14fDuDWiIoltaheQDW5VtvFwCLcBGAsYHQ\/soiree-reveil-event-FB.png\" style=\"margin-left: 1em; margin-right: 1em;\"><img loading=\"lazy\" decoding=\"async\" alt=\"\" data-original-height=\"262\" data-original-width=\"500\" height=\"168\" src=\"https:\/\/lh3.googleusercontent.com\/-yJ4UT0JWssk\/YVhm_XLEyKI\/AAAAAAAA_7w\/uvH3gNSDL14fDuDWiIoltaheQDW5VtvFwCLcBGAsYHQ\/soiree-reveil-event-FB.png\" width=\"320\" \/><\/a><\/div>\n<p>Le mois d&rsquo;octobre se poursuivra avec deux enseignements dans les Campus de Rhema France: les 15 et 16 octobre \u00e0 Nantes et les 22-23 octobre \u00e0 Marseille.&nbsp;<\/p>\n<p style=\"text-align: justify;\">Nous avons besoin de tes pri\u00e8res et de ton soutien pour tous ces d\u00e9fis.<\/p>\n<p style=\"text-align: justify;\">Encore merci \u00e0 toutes et tous qui nous soutenez, financi\u00e8rement et\/ou spirituellement, car vous faites partie de ces victoires.<\/p>\n<div style=\"clear: both; text-align: center;\"><a href=\"https:\/\/ysdupraz.blogspot.com\/p\/blog-page.html\" style=\"margin-left: 1em; margin-right: 1em;\"><img loading=\"lazy\" decoding=\"async\" border=\"0\" data-original-height=\"70\" data-original-width=\"320\" height=\"70\" src=\"https:\/\/1.bp.blogspot.com\/-NWnFSkyoB08\/YET4YThq4dI\/AAAAAAAA_t0\/xt8FWAa_u_IFRrjWv7oBhWgbkSV3eK6WQCLcBGAsYHQ\/s320\/DON-BW.png\" width=\"320\" \/><\/a><\/div>\n<p><\/p>\n<p style=\"text-align: justify;\"><\/p>\n<p style=\"text-align: justify;\">\n","protected":false},"excerpt":{"rendered":"<p>Deux jours intenses et riches! Le mercredi 29 septembre 2021, nous avons anim\u00e9, avec Jean-Luc TRACSHEL la deuxi\u00e8me session de l&rsquo;\u00c9cole Miracles et Gu\u00e9risons en fran\u00e7ais. Durant les jours pr\u00e9c\u00e9dents, le nombre d&rsquo;\u00e9tudiants a encore augment\u00e9. Nous en sommes actuellement \u00e0 plus de 620 personnes inscrites pour cette \u00e9cole. Behind the scene&#8230; Entre deux sessions [&hellip;]<\/p>\n","protected":false},"author":2,"featured_media":0,"comment_status":"closed","ping_status":"closed","sticky":false,"template":"","format":"standard","meta":{"footnotes":""},"categories":[16,12,21,31,20],"tags":[],"class_list":["post-96","post","type-post","status-publish","format-standard","hentry","category-aimg","category-formation","category-guerison","category-news","category-temoignage"],"_links":{"self":[{"href":"https:\/\/ysministry.org\/site\/wp-json\/wp\/v2\/posts\/96","targetHints":{"allow":["GET"]}}],"collection":[{"href":"https:\/\/ysministry.org\/site\/wp-json\/wp\/v2\/posts"}],"about":[{"href":"https:\/\/ysministry.org\/site\/wp-json\/wp\/v2\/types\/post"}],"author":[{"embeddable":true,"href":"https:\/\/ysministry.org\/site\/wp-json\/wp\/v2\/users\/2"}],"replies":[{"embeddable":true,"href":"https:\/\/ysministry.org\/site\/wp-json\/wp\/v2\/comments?post=96"}],"version-history":[{"count":1,"href":"https:\/\/ysministry.org\/site\/wp-json\/wp\/v2\/posts\/96\/revisions"}],"predecessor-version":[{"id":2188,"href":"https:\/\/ysministry.org\/site\/wp-json\/wp\/v2\/posts\/96\/revisions\/2188"}],"wp:attachment":[{"href":"https:\/\/ysministry.org\/site\/wp-json\/wp\/v2\/media?parent=96"}],"wp:term":[{"taxonomy":"category","embeddable":true,"href":"https:\/\/ysministry.org\/site\/wp-json\/wp\/v2\/categories?post=96"},{"taxonomy":"post_tag","embeddable":true,"href":"https:\/\/ysministry.org\/site\/wp-json\/wp\/v2\/tags?post=96"}],"curies":[{"name":"wp","href":"https:\/\/api.w.org\/{rel}","templated":true}]}}