{"id":97,"date":"2021-09-11T18:10:00","date_gmt":"2021-09-11T16:10:00","guid":{"rendered":"https:\/\/ysministry.org\/site\/2021\/09\/11\/rentree-2021-%f0%9f%94%a5-un-mois-riche-%f0%9f%92%a5\/"},"modified":"2025-10-18T13:12:26","modified_gmt":"2025-10-18T11:12:26","slug":"rentree-2021-%f0%9f%94%a5-un-mois-riche-%f0%9f%92%a5","status":"publish","type":"post","link":"https:\/\/ysministry.org\/site\/rentree-2021-%f0%9f%94%a5-un-mois-riche-%f0%9f%92%a5\/","title":{"rendered":"RENTR\u00c9E 2021 | \ud83d\udd25 UN MOIS RICHE \ud83d\udca5"},"content":{"rendered":"<p>Apr\u00e8s une pause estivale agr\u00e9able et reposante, nous voil\u00e0 pr\u00eats pour d\u00e9marrer une nouvelle saison qui sera riche en \u00e9v\u00e8nements et pleine de belles d\u00e9couvertes!<\/p>\n<p><\/p>\n<h3 style=\"text-align: justify;\">2 SEPTEMBRE<\/h3>\n<p style=\"text-align: justify;\">Le mois de septembre d\u00e9bute par une soir\u00e9e de retrouvailles avec nos chers EP (\u00e9quipiers de pri\u00e8re) francophones en ligne. Soir\u00e9e organis\u00e9e en collaboration avec Elena et Sylvain Ryser le <b>jeudi 2 septembre<\/b>. Nous passons environ une heure sur zoom pour encourager et donner la vision de l&rsquo;AIMG pour cette saison. Quelle joie de retrouver tous ces amis, de les voir disponibles pour servir avec fid\u00e9lit\u00e9 notre Seigneur.<\/p>\n<div style=\"clear: both; text-align: center;\"><a href=\"https:\/\/1.bp.blogspot.com\/-_Q90xMBkZ7w\/YUdmbjmTiiI\/AAAAAAAAADE\/DzhyrXqKd6QEsqSAqA0iN3sk-davlD8YgCLcBGAsYHQ\/s1748\/IAHM-FR%2B2021%2BSOIREE%2BPRIERE.png\" style=\"margin-left: 1em; margin-right: 1em;\"><img loading=\"lazy\" decoding=\"async\" border=\"0\" data-original-height=\"1240\" data-original-width=\"1748\" height=\"284\" src=\"https:\/\/1.bp.blogspot.com\/-_Q90xMBkZ7w\/YUdmbjmTiiI\/AAAAAAAAADE\/DzhyrXqKd6QEsqSAqA0iN3sk-davlD8YgCLcBGAsYHQ\/w400-h284\/IAHM-FR%2B2021%2BSOIREE%2BPRIERE.png\" width=\"400\" \/><\/a><\/div>\n<p><\/p>\n<h3 style=\"text-align: justify;\"><\/h3>\n<h3 style=\"text-align: justify;\">11 SEPTEMBRE<\/h3>\n<p style=\"text-align: justify;\"><b>Samedi 11 septembre<\/b> 2021 est la journ\u00e9e c\u00e9l\u00e9brant la reprise des activit\u00e9s de l&rsquo;AIMG avec la Journ\u00e9e Impulsion et Gu\u00e9rison.<\/p>\n<div style=\"clear: both; text-align: center;\"><a href=\"https:\/\/1.bp.blogspot.com\/-7xJJegYzv8Y\/YT4owuhx7fI\/AAAAAAAAAC0\/bwDWV6vAz5Y6dltteGjduBGwmRUkzmmvACLcBGAsYHQ\/s1000\/IMG_0701.JPG\" style=\"margin-left: 1em; margin-right: 1em;\"><img loading=\"lazy\" decoding=\"async\" border=\"0\" data-original-height=\"1000\" data-original-width=\"998\" height=\"400\" src=\"https:\/\/1.bp.blogspot.com\/-7xJJegYzv8Y\/YT4owuhx7fI\/AAAAAAAAAC0\/bwDWV6vAz5Y6dltteGjduBGwmRUkzmmvACLcBGAsYHQ\/w399-h400\/IMG_0701.JPG\" width=\"399\" \/><\/a><\/div>\n<p><\/p>\n<p style=\"text-align: justify;\">Comme l&rsquo;ann\u00e9e derni\u00e8re, et toujours \u00e0 cause de la crise sanitaire, l&rsquo;AIMG continue son activit\u00e9 OnLine. Nous sommes particuli\u00e8rement fiers de cette journ\u00e9e car c&rsquo;est notre pasteur Blaise THOMI qui est notre invit\u00e9 sp\u00e9cial; il a \u00e9t\u00e9 si excellent!&nbsp;<\/p>\n<p style=\"text-align: justify;\">Nous avons pu \u00e9couter et participer \u00e0 la gestion de ce temps v\u00e9cu \u00e0 la fois sur Zoom et sur Youtube. Un moment extraordinaire.<span><\/span><\/p>\n<p><a name='more'><\/a><\/p>\n<div style=\"clear: both; text-align: center;\"><iframe loading=\"lazy\" allowfullscreen=\"\" height=\"316\" src=\"https:\/\/www.youtube.com\/embed\/5giVIvuaEUo\" width=\"380\" youtube-src-><\/iframe><\/div>\n<div style=\"clear: both; text-align: center;\"><\/div>\n<div><\/div>\n<div><\/div>\n<div><\/div>\n<table align=\"center\" cellpadding=\"0\" cellspacing=\"0\" style=\"margin-left: auto; margin-right: auto;\">\n<tbody>\n<tr>\n<td style=\"text-align: center;\"><a href=\"https:\/\/1.bp.blogspot.com\/-3HBKYw2tsAA\/YT4p-Qwr6-I\/AAAAAAAAAC8\/9cv0mIriCW4nFMfPDMwVyuIyPjvpwLaPgCLcBGAsYHQ\/s2048\/IMG_0445.HEIC\" style=\"margin-left: auto; margin-right: auto;\"><img loading=\"lazy\" decoding=\"async\" border=\"0\" data-original-height=\"1152\" data-original-width=\"2048\" height=\"360\" src=\"https:\/\/1.bp.blogspot.com\/-3HBKYw2tsAA\/YT4p-Qwr6-I\/AAAAAAAAAC8\/9cv0mIriCW4nFMfPDMwVyuIyPjvpwLaPgCLcBGAsYHQ\/w640-h360\/IMG_0445.HEIC\" width=\"640\" \/><\/a><\/td>\n<\/tr>\n<tr>\n<td style=\"text-align: center;\">Attentifs aux parole de notre pasteur&#8230; \u00e0 la gestion des micros, etc.<\/p>\n<p><\/p>\n<div style=\"text-align: justify;\">Nous avons aussi particip\u00e9 d&rsquo;une autre mani\u00e8re \u00e0 cette journ\u00e9e. Nous avons offert comme cadeau \u00e0 chaque personne inscrite, plus de 500, notre nouvel e-book PROMESSES. Nous avons d\u00e9j\u00e0 re\u00e7u des commentaires tr\u00e8s positifs de ce livret. Vous l&rsquo;avez lu ? Qu&rsquo;en pensez vous ?<\/div>\n<div style=\"text-align: justify;\"><\/p>\n<table align=\"center\" cellpadding=\"0\" cellspacing=\"0\" style=\"margin-left: auto; margin-right: auto;\">\n<tbody>\n<tr>\n<td style=\"text-align: center;\"><a href=\"https:\/\/lh3.googleusercontent.com\/-fi5KT33BM14\/YUdmskeOzgI\/AAAAAAAAADM\/goscsyNmfHE0lc_FzkGYgppOq63mcwCiQCLcBGAsYHQ\/PROMESSES%2BBIBLE.png\" style=\"margin-left: auto; margin-right: auto;\"><img loading=\"lazy\" decoding=\"async\" alt=\"\" data-original-height=\"1772\" data-original-width=\"1264\" height=\"240\" src=\"https:\/\/lh3.googleusercontent.com\/-fi5KT33BM14\/YUdmskeOzgI\/AAAAAAAAADM\/goscsyNmfHE0lc_FzkGYgppOq63mcwCiQCLcBGAsYHQ\/PROMESSES%2BBIBLE.png\" width=\"171\" \/><\/a><\/td>\n<\/tr>\n<tr>\n<td style=\"text-align: center;\">Couverture de notre nouvel e-book.<\/td>\n<\/tr>\n<\/tbody>\n<\/table>\n<\/div>\n<div style=\"text-align: justify;\"><\/div>\n<div style=\"text-align: justify;\">Ensuite nous avons anim\u00e9 un atelier pour les \u00c9quipiers de pri\u00e8re (ou les Healing Team Members). Nous avons profit\u00e9 d&rsquo;encourager chacun et chacune pour:<\/div>\n<div style=\"text-align: justify;\">\n<ul>\n<li>Aller de lieu en lieu<\/li>\n<li>Gu\u00e9rir les malades<\/li>\n<li>Annoncer l&rsquo;\u00c9vangile<\/li>\n<\/ul>\n<div>Faire comme J\u00e9sus \ud83d\ude09 De mani\u00e8re plus pratique, nous leur avons appris \u00e0 pr\u00e9parer leur t\u00e9moignage personnel de conversion et comment faire des disciples. un enjeu de taille pour l&rsquo;AIMG qui a des milliers de vue sur chacune des soir\u00e9es Miracles et Gu\u00e9risons.<\/div>\n<div><\/div>\n<h3><\/h3>\n<h3>15 SEPTEMBRE<\/h3>\n<div>Nous poursuivons avec le <b>mercredi 15 septembre:<\/b> Premi\u00e8re soir\u00e9e de l&rsquo;Ecole Miracles et Gu\u00e9risons en fran\u00e7ais. 535 personnes inscrites venant de 35 pays diff\u00e9rents, wouah! C&rsquo;est extraordinaire de voir que cette \u00e9cole r\u00e9pond \u00e0 une soif de grandir dans ce domaine de la gu\u00e9rison divine, nous en sommes si r\u00e9jouis. L&rsquo;invit\u00e9 et enseignant de ce jour est David Z\u00fcrcher, suisse qui a \u00e9t\u00e9 stagiaire de Jean-Luc Trachsel apr\u00e8s sa formation \u00e0 Bethel. Pour l&rsquo;instant, nous co-g\u00e9rons avec Jean-Luc ces soir\u00e9es bimensuelles.&nbsp;<\/div>\n<div><\/div>\n<div>\n<div style=\"clear: both; text-align: center;\"><a href=\"https:\/\/lh3.googleusercontent.com\/-MJHSg2wFwxg\/YUdn2PQA3eI\/AAAAAAAAADU\/LUCiDY0_eb48Fsb-S7nzIz2TviHE6s2ogCLcBGAsYHQ\/IMG_0476.jpeg\" style=\"margin-left: 1em; margin-right: 1em;\"><img loading=\"lazy\" decoding=\"async\" alt=\"\" data-original-height=\"1080\" data-original-width=\"1080\" height=\"640\" src=\"https:\/\/lh3.googleusercontent.com\/-MJHSg2wFwxg\/YUdn2PQA3eI\/AAAAAAAAADU\/LUCiDY0_eb48Fsb-S7nzIz2TviHE6s2ogCLcBGAsYHQ\/w640-h640\/IMG_0476.jpeg\" width=\"640\" \/><\/a><\/div>\n<p>Il y a encore la possibilit\u00e9 de vous y inscrire; profitez de cette occasion pour vous former. Une inscription payante permet d&rsquo;inviter 5 autres amis \u00e0 suivre gratuitement cette formation totalement en ligne, ne ratez pas ceci!&nbsp;<\/div>\n<div><\/div>\n<div>\n<div style=\"clear: both; text-align: center;\"><a href=\"https:\/\/healing-ministries.org\/fr\/events\/ecole-miracles-guerisons-2021-2022\/\" style=\"margin-left: 1em; margin-right: 1em;\" target=\"_blank\" rel=\"noopener\"><img loading=\"lazy\" decoding=\"async\" alt=\"\" data-original-height=\"50\" data-original-width=\"434\" height=\"46\" src=\"https:\/\/lh3.googleusercontent.com\/-UOYO6a5Bna4\/YUdpnAKI_lI\/AAAAAAAAADc\/msUROOVGneMLK-4Ycda7R_fhzhuYoP0GACLcBGAsYHQ\/w400-h46\/button.png\" width=\"400\" \/><\/a><\/div>\n<table align=\"center\" cellpadding=\"0\" cellspacing=\"0\" style=\"margin-left: auto; margin-right: auto;\">\n<tbody>\n<tr>\n<td style=\"text-align: center;\"><a href=\"https:\/\/lh3.googleusercontent.com\/-t3MnkdF3vZs\/YUdqLZHfyrI\/AAAAAAAAADk\/_B1ckJiKtZ0bEiCQ2qO0Ti2cPvy2WBVTQCLcBGAsYHQ\/IMG_0796.JPG\" style=\"margin-left: auto; margin-right: auto;\"><img loading=\"lazy\" decoding=\"async\" alt=\"\" data-original-height=\"1536\" data-original-width=\"2048\" height=\"480\" src=\"https:\/\/lh3.googleusercontent.com\/-t3MnkdF3vZs\/YUdqLZHfyrI\/AAAAAAAAADk\/_B1ckJiKtZ0bEiCQ2qO0Ti2cPvy2WBVTQCLcBGAsYHQ\/w640-h480\/IMG_0796.JPG\" width=\"640\" \/><\/a><\/td>\n<\/tr>\n<tr>\n<td style=\"text-align: center;\">L&rsquo;envers du \u00ab\u00a0d\u00e9cors\u00a0\u00bb<\/td>\n<\/tr>\n<\/tbody>\n<\/table>\n<\/div>\n<div><span style=\"text-align: left;\">Ce mois, nous aurons encore notre seconde soir\u00e9e de l&rsquo;Ecole Miracles et Gu\u00e9risons en fran\u00e7ais avec, cette fois, John et Laura Madan comme invit\u00e9s! Ce sont nos directeurs de Rhema et nous nous r\u00e9jouissons \u00e9norm\u00e9ment de les accueillir au sein de cette \u00e9cole AIMG le&nbsp;<\/span><b style=\"text-align: left;\">mercredi 29 septembre.<\/b><\/div>\n<div><b style=\"text-align: left;\"><br \/><\/b><\/div>\n<div><b style=\"text-align: left;\"><br \/><\/b><\/div>\n<h3>17 &#8211; 18 SEPTEMBRE<\/h3>\n<div><b>Vendredi 17 et samedi 18 septembre<\/b>, nous avons la joie d&rsquo;aller enseigner 12 sessions de notre cours la gu\u00e9rison divine \u00e0 l&rsquo;\u00e9cole biblique Rhema. Nous nous rendons dans le joli village de St-Martin\/FR pour le faire (\u00e0 la place de l&rsquo;\u00e9glise \u00e9vang\u00e9lique d&rsquo;Oron). Nous avons pass\u00e9 un super moment avec cette quinzaine d&rsquo;\u00e9tudiants venant de divers lieux de Suisse et de France voisine les \u00e9quipant pour aller de lieu en lieu, faire du bien et gu\u00e9rir tous ceux qui sont sous l&#8217;emprise du diable, comme le faisait J\u00e9sus!<\/div>\n<div><\/div>\n<div>\n<table align=\"center\" cellpadding=\"0\" cellspacing=\"0\" style=\"margin-left: auto; margin-right: auto;\">\n<tbody>\n<tr>\n<td style=\"text-align: center;\"><a href=\"https:\/\/lh3.googleusercontent.com\/-Nqod9CyNf44\/YUdqj0z603I\/AAAAAAAAADs\/Jc2-fYcUFGo-J4Gmdcs6lzH9bCph7zfiwCLcBGAsYHQ\/88d742f6-a136-41f4-a0b9-e451df190804.jpeg\" style=\"margin-left: auto; margin-right: auto;\"><img loading=\"lazy\" decoding=\"async\" alt=\"\" data-original-height=\"1024\" data-original-width=\"768\" height=\"400\" src=\"https:\/\/lh3.googleusercontent.com\/-Nqod9CyNf44\/YUdqj0z603I\/AAAAAAAAADs\/Jc2-fYcUFGo-J4Gmdcs6lzH9bCph7zfiwCLcBGAsYHQ\/w300-h400\/88d742f6-a136-41f4-a0b9-e451df190804.jpeg\" width=\"300\" \/><\/a><\/td>\n<\/tr>\n<tr>\n<td style=\"text-align: center;\">En pleine action !!<\/td>\n<\/tr>\n<\/tbody>\n<\/table>\n<\/div>\n<\/div>\n<\/td>\n<td style=\"text-align: center;\"><\/td>\n<\/tr>\n<\/tbody>\n<\/table>\n<p><\/p>\n<h3>19 SEPTEMBRE<\/h3>\n<div><b>Dimanche 19 septembre<\/b>, nous g\u00e9rons la c\u00e9l\u00e9bration dans notre \u00e9glise de CityLife Riviera, rempla\u00e7ant nos pasteurs et si fiers de notre fille B\u00e9ryl, qui aura 21 ans le 30 septembre, qui pr\u00eache avec fougue et justesse; c&rsquo;est tellement bon de la voir rayonner sur l&rsquo;estrade, parlant au sujet de la pri\u00e8re!<\/div>\n<div><\/div>\n<div style=\"text-align: center;\"><a href=\"https:\/\/1.bp.blogspot.com\/-o56_SllCNQQ\/YUdtNg9dtxI\/AAAAAAAAAD0\/GSOp9c8Rhx4lIYAml_hOZ_-kB6pLV1a5QCLcBGAsYHQ\/s2048\/IMG_0472.jpg\"><img loading=\"lazy\" decoding=\"async\" border=\"0\" data-original-height=\"1152\" data-original-width=\"2048\" height=\"360\" src=\"https:\/\/1.bp.blogspot.com\/-o56_SllCNQQ\/YUdtNg9dtxI\/AAAAAAAAAD0\/GSOp9c8Rhx4lIYAml_hOZ_-kB6pLV1a5QCLcBGAsYHQ\/w640-h360\/IMG_0472.jpg\" width=\"640\" \/><\/a><\/div>\n<p><\/p>\n<div style=\"clear: both; text-align: center;\"><a href=\"https:\/\/1.bp.blogspot.com\/-siuDc7T6hf4\/YUdtXdSWArI\/AAAAAAAAAD4\/NWRTMOhdsFQD2W_2FBn68e-yEjPMVlriQCLcBGAsYHQ\/s2048\/IMG_0467.jpg\" style=\"margin-left: 1em; margin-right: 1em;\"><img loading=\"lazy\" decoding=\"async\" border=\"0\" data-original-height=\"1152\" data-original-width=\"2048\" height=\"360\" src=\"https:\/\/1.bp.blogspot.com\/-siuDc7T6hf4\/YUdtXdSWArI\/AAAAAAAAAD4\/NWRTMOhdsFQD2W_2FBn68e-yEjPMVlriQCLcBGAsYHQ\/w640-h360\/IMG_0467.jpg\" width=\"640\" \/><\/a><\/div>\n<p><\/p>\n<div><\/div>\n<table align=\"center\" cellpadding=\"0\" cellspacing=\"0\" style=\"margin-left: auto; margin-right: auto;\">\n<tbody>\n<tr><\/tr>\n<tr>\n<td style=\"text-align: center;\"><\/td>\n<\/tr>\n<\/tbody>\n<\/table>\n<div>\n<h3 style=\"text-align: left;\">PROCHAINEMENT<\/h3>\n<div><a href=\"https:\/\/healing-ministries.org\/fr\/events\/soiree-miracles-guerisons-avec-soeur-judith-myriam-2\/\">Une soir\u00e9e Miracles et Gu\u00e9risons en ligne sur Youtube<\/a>, exclusivement en fran\u00e7ais, aura lieu jeudi 30 septembre avec soeur Judith Myriam.&nbsp;<\/div>\n<div><\/div>\n<\/div>\n<div><\/div>\n<h3 style=\"text-align: center;\">MERCI &#8211; MERCI &#8211; MERCI<\/h3>\n<div style=\"text-align: justify;\">Nous sommes si reconnaissants envers notre Seigneur qui nous donne les forces pour g\u00e9rer tous ces engagements, sans oublier que l&rsquo;un et l&rsquo;autre avons repris aussi le chemin de l&rsquo;\u00e9cole depuis le 23 ao\u00fbt dernier&#8230;&nbsp;<\/div>\n<div style=\"text-align: justify;\">Sabine a 17 nouveaux petits \u00e9l\u00e8ves de 3P, engagement \u00e0 40% dans cette classe et Yves travaille toujours \u00e0 80% \u00e0 l&rsquo;\u00e9cole de Blonay avec des \u00e9l\u00e8ves de 9\u00e8, 10\u00e8 et 11\u00e8 ann\u00e9e et 20% \u00e0 la HEP (Haute Ecole P\u00e9dagogique) Vaud.&nbsp;<\/div>\n<div style=\"text-align: justify;\"><\/div>\n<div style=\"text-align: justify;\">Nous vous remercions pour votre pr\u00e9cieux soutien, autant financier que dans la pri\u00e8re! Vous faites une diff\u00e9rence dans notre vie et nous louons le Seigneur de vous compter parmi nos amis!<\/div>\n<div style=\"text-align: justify;\"><\/div>\n<div style=\"text-align: justify;\">\n<div style=\"clear: both; text-align: center;\"><a href=\"https:\/\/ysdupraz.blogspot.com\/p\/blog-page.html\" style=\"margin-left: 1em; margin-right: 1em;\"><img loading=\"lazy\" decoding=\"async\" alt=\"\" data-original-height=\"70\" data-original-width=\"320\" height=\"70\" src=\"https:\/\/lh3.googleusercontent.com\/-6ZIACmhF_zo\/YUduSHsp9AI\/AAAAAAAAAEE\/b2SxLOIDmpEPCHgu8L9JQ9NvhdSa8iXqACLcBGAsYHQ\/image.png\" width=\"320\" \/><\/a><\/div>\n<p><\/div>\n<div style=\"text-align: justify;\"><\/div>\n<div style=\"text-align: justify;\">Et,&#8230; en route pour le mois d&rsquo;octobre qui sera \u00e9galement tr\u00e8s riche&#8230;. h\u00e2te de vous le partager bient\u00f4t.<\/div>\n<div style=\"text-align: justify;\"><\/div>\n<div><\/div>\n<div><\/div>\n<div style=\"clear: both; text-align: center;\"><\/div>\n","protected":false},"excerpt":{"rendered":"<p>Apr\u00e8s une pause estivale agr\u00e9able et reposante, nous voil\u00e0 pr\u00eats pour d\u00e9marrer une nouvelle saison qui sera riche en \u00e9v\u00e8nements et pleine de belles d\u00e9couvertes! 2 SEPTEMBRE Le mois de septembre d\u00e9bute par une soir\u00e9e de retrouvailles avec nos chers EP (\u00e9quipiers de pri\u00e8re) francophones en ligne. Soir\u00e9e organis\u00e9e en collaboration avec Elena et Sylvain [&hellip;]<\/p>\n","protected":false},"author":1,"featured_media":0,"comment_status":"closed","ping_status":"open","sticky":false,"template":"","format":"standard","meta":{"footnotes":""},"categories":[16,10,18,12,21,31,11],"tags":[],"class_list":["post-97","post","type-post","status-publish","format-standard","hentry","category-aimg","category-citylife","category-equipiers-priere","category-formation","category-guerison","category-news","category-rhema"],"_links":{"self":[{"href":"https:\/\/ysministry.org\/site\/wp-json\/wp\/v2\/posts\/97","targetHints":{"allow":["GET"]}}],"collection":[{"href":"https:\/\/ysministry.org\/site\/wp-json\/wp\/v2\/posts"}],"about":[{"href":"https:\/\/ysministry.org\/site\/wp-json\/wp\/v2\/types\/post"}],"author":[{"embeddable":true,"href":"https:\/\/ysministry.org\/site\/wp-json\/wp\/v2\/users\/1"}],"replies":[{"embeddable":true,"href":"https:\/\/ysministry.org\/site\/wp-json\/wp\/v2\/comments?post=97"}],"version-history":[{"count":1,"href":"https:\/\/ysministry.org\/site\/wp-json\/wp\/v2\/posts\/97\/revisions"}],"predecessor-version":[{"id":2189,"href":"https:\/\/ysministry.org\/site\/wp-json\/wp\/v2\/posts\/97\/revisions\/2189"}],"wp:attachment":[{"href":"https:\/\/ysministry.org\/site\/wp-json\/wp\/v2\/media?parent=97"}],"wp:term":[{"taxonomy":"category","embeddable":true,"href":"https:\/\/ysministry.org\/site\/wp-json\/wp\/v2\/categories?post=97"},{"taxonomy":"post_tag","embeddable":true,"href":"https:\/\/ysministry.org\/site\/wp-json\/wp\/v2\/tags?post=97"}],"curies":[{"name":"wp","href":"https:\/\/api.w.org\/{rel}","templated":true}]}}