{"id":98,"date":"2021-06-06T11:00:00","date_gmt":"2021-06-06T09:00:00","guid":{"rendered":"https:\/\/ysministry.org\/site\/2021\/06\/06\/citylife-%f0%9f%93%96-jacques-a-dit-%f0%9f%93%a2\/"},"modified":"2025-10-18T13:12:26","modified_gmt":"2025-10-18T11:12:26","slug":"citylife-%f0%9f%93%96-jacques-a-dit-%f0%9f%93%a2","status":"publish","type":"post","link":"https:\/\/ysministry.org\/site\/citylife-%f0%9f%93%96-jacques-a-dit-%f0%9f%93%a2\/","title":{"rendered":"CityLife | \ud83d\udcd6 Jacques a dit \ud83d\udce2"},"content":{"rendered":"<p style=\"text-align: justify;\">Ce dimanche 6 juin nous pr\u00eachons \u00e0 CityLife. Certes, cela n&rsquo;est pas une premi\u00e8re pour nous, mais enseigner, pr\u00eacher est toujours ce que nous avons \u00e0 coeur et nous le faisons toujours avec grand plaisir.<\/p>\n<table align=\"center\" cellpadding=\"0\" cellspacing=\"0\" style=\"margin-left: auto; margin-right: auto;\">\n<tbody>\n<tr>\n<td style=\"text-align: center;\"><a href=\"https:\/\/1.bp.blogspot.com\/-H30PhBLMUJ0\/YOLacwc6hII\/AAAAAAAA_4I\/FMVDLQZFi900E4c-8svxjisNAzmw3VyBgCLcBGAsYHQ\/s2048\/IMG_4049.jpeg\" style=\"margin-left: auto; margin-right: auto;\"><img loading=\"lazy\" decoding=\"async\" border=\"0\" data-original-height=\"1350\" data-original-width=\"2048\" height=\"422\" src=\"https:\/\/1.bp.blogspot.com\/-H30PhBLMUJ0\/YOLacwc6hII\/AAAAAAAA_4I\/FMVDLQZFi900E4c-8svxjisNAzmw3VyBgCLcBGAsYHQ\/w640-h422\/IMG_4049.jpeg\" width=\"640\" \/><\/a><\/td>\n<\/tr>\n<tr>\n<td style=\"text-align: center;\">Jacques \u00e0 dit !<\/p>\n<\/td>\n<\/tr>\n<\/tbody>\n<\/table>\n<p style=\"text-align: justify;\">La Direction Pastorale de CityLife, dont nous faisons partie, a d\u00e9cid\u00e9 de se lancer un d\u00e9fi. Pr\u00eacher sur un livre biblique et se r\u00e9partir les chapitres entre nous.<\/p>\n<p style=\"text-align: justify;\">Le chapitre 3 de Jacques nous a \u00e9t\u00e9 d\u00e9volu.<\/p>\n<p style=\"text-align: justify;\">Le livre de Jacques est int\u00e9ressant car il parle d&rsquo;un sujet de prime abord attirant mais \u00f4 combien important et actuel, <b>L&rsquo;INT\u00c9GRIT\u00c9.<\/b><\/p>\n<p style=\"text-align: justify;\">Le chapitre 3 de ce livre parle essentiellement des paroles que nous pronon\u00e7ons, m\u00eame parfois sous le couvert de la plaisanterie, mais dont nous sous-estimons la puissance. Tout comme la Parole de Dieu a une puissance, nous avons aussi cette puissance dans notre bouche. Le tout r\u00e9side \u00e0 bien utiliser notre langue car elle a le pouvoir de mort et de vie sur nous&#8230; rien que \u00e7a&#8230;<\/p>\n<p style=\"text-align: justify;\">Vous d\u00e9sirez en savoir plus, savoir comment ma\u00eetriser nos paroles et avoir des solutions?&nbsp;<\/p>\n<p style=\"text-align: justify;\">Prenez le temps de voir notre enseignement en vid\u00e9o (ci-dessous).<span><\/span><\/p>\n<p><a name='more'><\/a><\/p>\n<div style=\"clear: both; text-align: center;\"><iframe loading=\"lazy\" allowfullscreen=\"\" height=\"266\" src=\"https:\/\/www.youtube.com\/embed\/YeI-8J5_hTE\" width=\"320\" youtube-src-><\/iframe><\/div>\n<p><\/p>\n<h3 style=\"text-align: center;\">Ma langue est le barom\u00e8tre de mon int\u00e9grit\u00e9<\/h3>\n<div style=\"text-align: justify;\">Pour nous, le principal d\u00e9fi a \u00e9t\u00e9 d&rsquo;enseigner non pas sur un th\u00e8me mais de se focaliser uniquement sur un chapitre d&rsquo;un livre biblique. Une d\u00e9stabilisation int\u00e9ressante \u00e0 vivre.&nbsp;<\/div>\n<div><\/div>\n<div>\n<div style=\"text-align: justify;\">Lorsque nous sommes au travail, \u00e0 la maison, bref partout, nous sommes un t\u00e9moignage de Christ ambulant. Jacques nous incite \u00e0 avoir des paroles et des actes en ad\u00e9quation. Sinon, nous risquons d\u2019\u00eatre jug\u00e9s s\u00e9v\u00e8rement, pas par Dieu, mais par nos semblables. Soyons coh\u00e9rents et int\u00e8gres.<\/div>\n<div>\n<ul style=\"text-align: left;\">\n<li>Ce que je pense devient une parole<\/li>\n<li>Ma parole devient un acte<\/li>\n<li>Mes actes deviennent des habitudes<\/li>\n<li>Mes habitudes deviennent mon caract\u00e8re<\/li>\n<li>Mon caract\u00e8re devient ma destin\u00e9e<\/li>\n<\/ul>\n<div>\n<h3 style=\"text-align: center;\"><\/h3>\n<h3 style=\"text-align: center;\">Ma langue est le barom\u00e8tre de mon int\u00e9grit\u00e9<\/h3>\n<\/div>\n<\/div>\n<\/div>\n<div><\/div>\n<div>\n<div style=\"clear: both; text-align: center;\"><a href=\"https:\/\/1.bp.blogspot.com\/-AgzSOfVq9YI\/YOLmwGtSfPI\/AAAAAAAA_4Y\/RgKlBbWZQVwjCoBjf-f4OE0cixe37-gbQCLcBGAsYHQ\/s415\/bonus.gif\" style=\"margin-left: 1em; margin-right: 1em;\"><img loading=\"lazy\" decoding=\"async\" border=\"0\" data-original-height=\"289\" data-original-width=\"415\" height=\"74\" src=\"https:\/\/1.bp.blogspot.com\/-AgzSOfVq9YI\/YOLmwGtSfPI\/AAAAAAAA_4Y\/RgKlBbWZQVwjCoBjf-f4OE0cixe37-gbQCLcBGAsYHQ\/w107-h74\/bonus.gif\" width=\"107\" \/><\/a><\/div>\n<div style=\"clear: both; text-align: center;\"><\/div>\n<div style=\"text-align: justify;\">Nous ne r\u00e9sistons pas \u00e0 vous encourager de regarder la pr\u00e9dication de notre fille B\u00e9ryl qui cl\u00f4t le livre de Jacques. Un enseignement xtra et super encourageant. Il serait dommage de s&rsquo;en priver.&nbsp;<\/div>\n<\/div>\n<div style=\"text-align: justify;\">Cliquez et regardez sans mod\u00e9ration. Nous sommes si fiers d&rsquo;elle et de sa passion pour la Parole de Dieu!<\/div>\n<div><\/div>\n<div style=\"clear: both; text-align: center;\"><iframe loading=\"lazy\" allowfullscreen=\"\" height=\"266\" src=\"https:\/\/www.youtube.com\/embed\/py464Gw6rb0\" width=\"320\" youtube-src-><\/iframe><\/div>\n<div><\/div>\n<div>\n<div><i>Mettez en pratique la parole et ne vous contentez pas de l&rsquo;\u00e9couter en vous trompant vous-m\u00eames par de faux raisonnements.<\/i><\/div>\n<\/div>\n<div style=\"text-align: right;\"><i>Jacques 1:22<\/i><\/div>\n<div><\/div>\n<div><\/div>\n<div><\/div>\n","protected":false},"excerpt":{"rendered":"<p>Ce dimanche 6 juin nous pr\u00eachons \u00e0 CityLife. Certes, cela n&rsquo;est pas une premi\u00e8re pour nous, mais enseigner, pr\u00eacher est toujours ce que nous avons \u00e0 coeur et nous le faisons toujours avec grand plaisir. Jacques \u00e0 dit ! La Direction Pastorale de CityLife, dont nous faisons partie, a d\u00e9cid\u00e9 de se lancer un d\u00e9fi. [&hellip;]<\/p>\n","protected":false},"author":2,"featured_media":0,"comment_status":"closed","ping_status":"open","sticky":false,"template":"","format":"standard","meta":{"footnotes":""},"categories":[10,14,31],"tags":[],"class_list":["post-98","post","type-post","status-publish","format-standard","hentry","category-citylife","category-enseignement","category-news"],"_links":{"self":[{"href":"https:\/\/ysministry.org\/site\/wp-json\/wp\/v2\/posts\/98","targetHints":{"allow":["GET"]}}],"collection":[{"href":"https:\/\/ysministry.org\/site\/wp-json\/wp\/v2\/posts"}],"about":[{"href":"https:\/\/ysministry.org\/site\/wp-json\/wp\/v2\/types\/post"}],"author":[{"embeddable":true,"href":"https:\/\/ysministry.org\/site\/wp-json\/wp\/v2\/users\/2"}],"replies":[{"embeddable":true,"href":"https:\/\/ysministry.org\/site\/wp-json\/wp\/v2\/comments?post=98"}],"version-history":[{"count":1,"href":"https:\/\/ysministry.org\/site\/wp-json\/wp\/v2\/posts\/98\/revisions"}],"predecessor-version":[{"id":2190,"href":"https:\/\/ysministry.org\/site\/wp-json\/wp\/v2\/posts\/98\/revisions\/2190"}],"wp:attachment":[{"href":"https:\/\/ysministry.org\/site\/wp-json\/wp\/v2\/media?parent=98"}],"wp:term":[{"taxonomy":"category","embeddable":true,"href":"https:\/\/ysministry.org\/site\/wp-json\/wp\/v2\/categories?post=98"},{"taxonomy":"post_tag","embeddable":true,"href":"https:\/\/ysministry.org\/site\/wp-json\/wp\/v2\/tags?post=98"}],"curies":[{"name":"wp","href":"https:\/\/api.w.org\/{rel}","templated":true}]}}