{"id":99,"date":"2021-05-27T21:00:00","date_gmt":"2021-05-27T19:00:00","guid":{"rendered":"https:\/\/ysministry.org\/site\/2021\/05\/27\/aimg-%f0%9f%94%a5-soiree-miracles-guerisons-%f0%9f%99%8f%f0%9f%8f%bc\/"},"modified":"2025-10-18T13:12:26","modified_gmt":"2025-10-18T11:12:26","slug":"aimg-%f0%9f%94%a5-soiree-miracles-guerisons-%f0%9f%99%8f%f0%9f%8f%bc","status":"publish","type":"post","link":"https:\/\/ysministry.org\/site\/aimg-%f0%9f%94%a5-soiree-miracles-guerisons-%f0%9f%99%8f%f0%9f%8f%bc\/","title":{"rendered":"AIMG | \ud83d\udd25 Soir\u00e9e Miracles &#038; Gu\u00e9risons \ud83d\ude4f\ud83c\udffc"},"content":{"rendered":"<p style=\"text-align: justify;\">Ce jeudi 27 mai 2021, nous avons eu l&rsquo;honneur de participer \u00e0 la soir\u00e9e AIMG &#8211; Miracles &amp; Gu\u00e9risons francophone. C&rsquo;est une premi\u00e8re pour nous car jusqu&rsquo;\u00e0 pr\u00e9sent, nous participions \u00e0 cette soir\u00e9e en \u00ab\u00a0parall\u00e8le\u00a0\u00bb, dans les coulisses, en g\u00e9rant le Zoom avec les \u00e9quipiers de pri\u00e8re, o\u00f9 des dizaines et des dizaines de personnes se connectaient pour recevoir la pri\u00e8re.&nbsp;<\/p>\n<div style=\"clear: both; text-align: center;\"><a href=\"https:\/\/1.bp.blogspot.com\/-1KH09117o-w\/YLOx4qKjcMI\/AAAAAAAAAA4\/lnR87ClD224pE9VaKuA6MAEKhYSOs7c9gCLcBGAsYHQ\/s1280\/2021-05-27-M%2526G.jpeg\" style=\"margin-left: 1em; margin-right: 1em;\"><img loading=\"lazy\" decoding=\"async\" border=\"0\" data-original-height=\"720\" data-original-width=\"1280\" height=\"360\" src=\"https:\/\/1.bp.blogspot.com\/-1KH09117o-w\/YLOx4qKjcMI\/AAAAAAAAAA4\/lnR87ClD224pE9VaKuA6MAEKhYSOs7c9gCLcBGAsYHQ\/w640-h360\/2021-05-27-M%2526G.jpeg\" width=\"640\" \/><\/a><\/div>\n<p style=\"text-align: justify;\"><\/p>\n<p style=\"text-align: justify;\">Ayant pass\u00e9 le t\u00e9moin de cette gestion \u00e0 Elena et Sylvain, nous pouvons maintenant oeuvrer dans d&rsquo;autres sph\u00e8res; par exemple, nous allons, d\u00e8s septembre 2021, diriger l&rsquo;Ecole Miracles et Gu\u00e9risons 2021-22 pour une premi\u00e8re fois en fran\u00e7ais.<\/p>\n<div style=\"clear: both; text-align: center;\"><iframe loading=\"lazy\" allowfullscreen=\"\" height=\"299\" src=\"https:\/\/www.youtube.com\/embed\/sOSLEbyWrGE\" width=\"360\" youtube-src-><\/iframe><\/div>\n<div style=\"clear: both; text-align: center;\"><i>Ecole Miracle &amp; Gu\u00e9rison<\/i><\/div>\n<p style=\"text-align: justify;\">L&rsquo;occasion nous a \u00e9t\u00e9 offerte jeudi dernier de participer \u00e0 cette soir\u00e9e en tant qu&rsquo;invit\u00e9s.&nbsp;<\/p>\n<p style=\"text-align: justify;\">Nous d\u00e9butons \u00e0 18 heures en nous connectant au zoom pour encourager nos nouveaux responsables et saluer chaque \u00e9quipier\/\u00e8re de pri\u00e8re; ils sont pour nous comme une grande famille que nous ch\u00e9rissons.<\/p>\n<p style=\"text-align: justify;\">\n<div style=\"text-align: center;\">La suite n&rsquo;a \u00e9t\u00e9 qu&rsquo;un pur plaisir.<\/div>\n<p><span><a name='more'><\/a><\/span><\/p>\n<p style=\"text-align: justify;\">Peu avant 19 heures, c&rsquo;est une joie d&rsquo;\u00eatre en direct avec Jean-Luc Trachsel et sa fille Noleen,&nbsp; ainsi qu&rsquo;avec Pierre Aguila, P\u00e8re catholique qui oeuvre au Liban. Un homme de Dieu rempli d&rsquo;Esprit Saint et de feu! Tout au long de la soir\u00e9e, nous ressentons l&rsquo;onction particuli\u00e8re que Dieu d\u00e9verse lorsque nous sommes unis par le pr\u00e9cieux nom de J\u00e9sus.<\/p>\n<p style=\"text-align: justify;\"><\/p>\n<div style=\"clear: both; text-align: center;\"><a href=\"https:\/\/1.bp.blogspot.com\/-cDjC22_72NQ\/YLOzVXTIRzI\/AAAAAAAAABA\/AJohgWh7g_ELxpD1cHEXrH4u-0aGPJ0NwCLcBGAsYHQ\/s2048\/IMG_9855_HEIC-2.JPG\" style=\"margin-left: 1em; margin-right: 1em;\"><img loading=\"lazy\" decoding=\"async\" border=\"0\" data-original-height=\"1202\" data-original-width=\"2048\" height=\"376\" src=\"https:\/\/1.bp.blogspot.com\/-cDjC22_72NQ\/YLOzVXTIRzI\/AAAAAAAAABA\/AJohgWh7g_ELxpD1cHEXrH4u-0aGPJ0NwCLcBGAsYHQ\/w640-h376\/IMG_9855_HEIC-2.JPG\" width=\"640\" \/><\/a><\/div>\n<p style=\"text-align: center;\"><i>\u00ab\u00a0Oh ! Quel plaisir c&rsquo;est, pour des fr\u00e8res, et quel bonheur que d&rsquo;\u00eatre ensemble !<br \/>C&rsquo;est l\u00e0 que l&rsquo;Eternel accorde sa b\u00e9n\u00e9diction et la vie pour toujours.\u00a0\u00bb<br \/><\/i>Psaume 133: 1 et 3<\/p>\n<p style=\"text-align: justify;\">Nous sommes si reconnaissants de pr\u00e9senter les chambres de gu\u00e9rison sur zoom. En fin de soir\u00e9e, nous participons au temps de minist\u00e8re, moment o\u00f9 tous ensemble, nous prions pour les gens selon ce qu&rsquo;ils \u00e9crivent sur le tchat; nous d\u00e9clarons la gu\u00e9rison sur chaque sujet.<\/p>\n<p style=\"text-align: justify;\">Nous sommes b\u00e9nis d&rsquo;avoir pu vivre cette soir\u00e9e et nous sommes heureux de pouvoir vous inviter \u00e0 la&nbsp; regarder, si vous n&rsquo;avez pas pu la suivre en direct (en cliquant sur la vid\u00e9o ci-dessous). Vous serez \u00e0 votre tour b\u00e9nis.&nbsp;<\/p>\n<div style=\"clear: both; text-align: center;\"><iframe loading=\"lazy\" allowfullscreen=\"\" height=\"355\" src=\"https:\/\/www.youtube.com\/embed\/Vg7ro-7UtaM\" width=\"427\" youtube-src-><\/iframe><\/div>\n<p style=\"text-align: justify;\"><\/p>\n<p style=\"text-align: justify;\">Merci pour vos pri\u00e8res et votre soutien dans tout ce que nous faisons, nous sommes privil\u00e9gi\u00e9s de vous avoir \u00e0 nos c\u00f4t\u00e9s.<\/p>\n<p style=\"text-align: justify;\"><\/p>\n<p style=\"text-align: justify;\"><\/p>\n","protected":false},"excerpt":{"rendered":"<p>Ce jeudi 27 mai 2021, nous avons eu l&rsquo;honneur de participer \u00e0 la soir\u00e9e AIMG &#8211; Miracles &amp; Gu\u00e9risons francophone. C&rsquo;est une premi\u00e8re pour nous car jusqu&rsquo;\u00e0 pr\u00e9sent, nous participions \u00e0 cette soir\u00e9e en \u00ab\u00a0parall\u00e8le\u00a0\u00bb, dans les coulisses, en g\u00e9rant le Zoom avec les \u00e9quipiers de pri\u00e8re, o\u00f9 des dizaines et des dizaines de personnes [&hellip;]<\/p>\n","protected":false},"author":1,"featured_media":0,"comment_status":"closed","ping_status":"open","sticky":false,"template":"","format":"standard","meta":{"footnotes":""},"categories":[16,21,19,31],"tags":[],"class_list":["post-99","post","type-post","status-publish","format-standard","hentry","category-aimg","category-guerison","category-miracles","category-news"],"_links":{"self":[{"href":"https:\/\/ysministry.org\/site\/wp-json\/wp\/v2\/posts\/99","targetHints":{"allow":["GET"]}}],"collection":[{"href":"https:\/\/ysministry.org\/site\/wp-json\/wp\/v2\/posts"}],"about":[{"href":"https:\/\/ysministry.org\/site\/wp-json\/wp\/v2\/types\/post"}],"author":[{"embeddable":true,"href":"https:\/\/ysministry.org\/site\/wp-json\/wp\/v2\/users\/1"}],"replies":[{"embeddable":true,"href":"https:\/\/ysministry.org\/site\/wp-json\/wp\/v2\/comments?post=99"}],"version-history":[{"count":1,"href":"https:\/\/ysministry.org\/site\/wp-json\/wp\/v2\/posts\/99\/revisions"}],"predecessor-version":[{"id":2191,"href":"https:\/\/ysministry.org\/site\/wp-json\/wp\/v2\/posts\/99\/revisions\/2191"}],"wp:attachment":[{"href":"https:\/\/ysministry.org\/site\/wp-json\/wp\/v2\/media?parent=99"}],"wp:term":[{"taxonomy":"category","embeddable":true,"href":"https:\/\/ysministry.org\/site\/wp-json\/wp\/v2\/categories?post=99"},{"taxonomy":"post_tag","embeddable":true,"href":"https:\/\/ysministry.org\/site\/wp-json\/wp\/v2\/tags?post=99"}],"curies":[{"name":"wp","href":"https:\/\/api.w.org\/{rel}","templated":true}]}}